{"id":16188,"date":"2024-08-20T23:36:47","date_gmt":"2024-08-20T21:36:47","guid":{"rendered":"http:\/\/rt-europaallee.org\/wordpress\/?p=16188"},"modified":"2024-08-20T23:36:47","modified_gmt":"2024-08-20T21:36:47","slug":"stadt-goettingen-stadthallenvorplatz-erhaelt-den-namen-jina-mahsa-amini-platz","status":"publish","type":"post","link":"https:\/\/rt-europaallee.de\/wordpress\/2024\/08\/stadt-goettingen-stadthallenvorplatz-erhaelt-den-namen-jina-mahsa-amini-platz\/","title":{"rendered":"Stadt G\u00f6ttingen: Stadthallenvorplatz erh\u00e4lt den Namen \u201eJina-Mahsa-Amini-Platz\u201c"},"content":{"rendered":"<p>(Quelle: <a href=\"https:\/\/www.goettingen.de\/portal\/meldungen\/stadthallenvorplatz-erhaelt-den-namen-jina-mahsa-amini-platz--900003252-25480.html?rubrik=900000003\">https:\/\/www.goettingen.de\/portal\/meldungen\/stadthallenvorplatz-erhaelt-den-namen-jina-mahsa-amini-platz&#8211;900003252-25480.html?rubrik=900000003<\/a>)<\/p>\n<blockquote>\n<div class=\"fusstext fusstext_oben\"><span class=\"create\">19.08.2024<\/span><\/p>\n<div><\/div>\n<\/div>\n<h3 class=\"kontrast-bild\">Stadthallenvorplatz erh\u00e4lt den Namen \u201eJina-Mahsa-Amini-Platz\u201c<\/h3>\n<div id=\"nolis_content_site\" class=\"nolis_content_site\">\n<p class=\"anreisser_detail\"><strong>Der Stadthallenvorplatz, der aktuell Teil des Albaniplatzes ist, erh\u00e4lt den Namen \u201eJina-Mahsa-Amini-Platz\u201c. Das hat der Rat der Stadt G\u00f6ttingen in seiner Sitzung am Freitag, 16. August 2024, beschlossen. Mit der Benennung soll der jungen Frau ehrend gedacht werden, deren gewaltsamer Tod im Iran Massenproteste gegen das Regime ausgel\u00f6st hat.<\/strong><\/p>\n<div class=\"print_href print_abbr\">\n<div class=\"template template1\">\n<div class=\"platz platz1\">\n<div class=\"rahmen\">\n<div class=\"innen\">\n<p>Jina Mahsa Amini wurde am 13. September 2022 in der iranischen Hauptstadt Teheran von der Sittenpolizei festgenommen. Amini wurde vorgeworfen, ihr Kopftuch (Hidschab) nicht korrekt getragen zu haben. W\u00e4hrend des Aufenthalts auf der Polizeiwache fiel Amini mutma\u00dflich nach Misshandlungen durch die Polizei ins Koma und starb am 16. September 2022 mit 22 Jahren in einer Klinik in Teheran. Kurz nachdem der Vorfall bekannt wurde, kam es zu landesweiten Protesten, die teilweise brutal niedergeschlagen wurden. Die treibende Kraft der Unruhen waren Frauen, die seit der Gr\u00fcndung der islamischen Republik 1979 unterdr\u00fcckt werden.<\/p>\n<h4 class=\"nolis-tiny\">Zeichen gegen Unterdr\u00fcckung<\/h4>\n<p>Mit der Benennung des Platzes nach Jina Mahsa Amini soll an die junge Frau ehrend gedacht und an das Streben der iranischen Bev\u00f6lkerung nach gesellschaftlicher Freiheit erinnert werden, hei\u00dft es im Ratsbeschluss. Dies solle auch als Zeichen gegen die Unterdr\u00fcckung der Bev\u00f6lkerung und insbesondere von Frauen in zahlreichen L\u00e4ndern der Erde angesehen werden.<\/p>\n<p>Grundlage der Namenswahl ist ein Ratsbeschluss aus dem Jahr 1994. Demnach sollen bei der Benennung von Stra\u00dfen, Wegen und Pl\u00e4tzen bis zur Herstellung einer Parit\u00e4t vorwiegend Frauennamen verwendet werden. Um das Gesamtlebenswerk w\u00fcrdigen zu k\u00f6nnen, soll die Person zudem verstorben sein und es soll nach dem Tod eine gewisse Zeit vergangen sein. Ein Bezug zu G\u00f6ttingen oder der Universit\u00e4t ist w\u00fcnschenswert, sofern die Person nicht von \u00fcberaus hervorzuhebender Bekanntheit ist.<\/p>\n<h4 class=\"nolis-tiny\">Mittelname als Sinnbild f\u00fcr Repressalien<\/h4>\n<p>Urspr\u00fcnglich war eine Benennung des Platzes in \u201eJina-Amini-Platz\u201c vorgesehen. Nachtr\u00e4glich hat sich jedoch herausgestellt, dass der persische Mittelname \u201eMahsa\u201c zur Identifikation der iranischen Protestbewegung von zentraler Bedeutung ist. Denn aufgrund der Beschr\u00e4nkungen und Repressalien durch das islamische Regime tragen viele Iraner*inner zwei Namen \u2013 einen offiziellen Namen, der in der Geburtsurkunde aufgef\u00fchrt ist, und einen inoffiziellen Namen, der zu Hause verwendet wird.<\/p>\n<p>Die Benennung in \u201eJina-Mahsa-Amini-Platz\u201c betrifft den Teil des Albaniplatzes vor der Stadthalle, der sich nach der Umgestaltung des Areals nun r\u00e4umlich st\u00e4rker abgrenzt. Die Stadthalle wird k\u00fcnftig die Adresse Jina-Mahsa-Amini-Platz 1 tragen. Der \u00fcbrige Teil des Albaniplatzes beh\u00e4lt seinen Namen.<\/p>\n<\/div>\n<\/div>\n<\/div>\n<\/div>\n<\/div>\n<\/div>\n<\/blockquote>\n","protected":false},"excerpt":{"rendered":"<p>(Quelle: https:\/\/www.goettingen.de\/portal\/meldungen\/stadthallenvorplatz-erhaelt-den-namen-jina-mahsa-amini-platz&#8211;900003252-25480.html?rubrik=900000003) 19.08.2024 Stadthallenvorplatz erh\u00e4lt den Namen \u201eJina-Mahsa-Amini-Platz\u201c Der Stadthallenvorplatz, der aktuell Teil des Albaniplatzes ist, erh\u00e4lt den Namen \u201eJina-Mahsa-Amini-Platz\u201c. Das hat der Rat der Stadt G\u00f6ttingen in seiner Sitzung am Freitag, 16. August 2024, beschlossen. Mit der Benennung soll der jungen Frau ehrend gedacht werden, deren gewaltsamer Tod im Iran Massenproteste gegen das Regime &#8230; <a title=\"Stadt G\u00f6ttingen: Stadthallenvorplatz erh\u00e4lt den Namen \u201eJina-Mahsa-Amini-Platz\u201c\" class=\"read-more\" href=\"https:\/\/rt-europaallee.de\/wordpress\/2024\/08\/stadt-goettingen-stadthallenvorplatz-erhaelt-den-namen-jina-mahsa-amini-platz\/\" aria-label=\"Mehr Informationen \u00fcber Stadt G\u00f6ttingen: Stadthallenvorplatz erh\u00e4lt den Namen \u201eJina-Mahsa-Amini-Platz\u201c\">Weiterlesen<\/a><\/p>\n","protected":false},"author":3,"featured_media":0,"comment_status":"closed","ping_status":"open","sticky":false,"template":"","format":"standard","meta":{"footnotes":""},"categories":[1],"tags":[],"class_list":["post-16188","post","type-post","status-publish","format-standard","hentry","category-allgemein"],"_links":{"self":[{"href":"https:\/\/rt-europaallee.de\/wordpress\/wp-json\/wp\/v2\/posts\/16188","targetHints":{"allow":["GET"]}}],"collection":[{"href":"https:\/\/rt-europaallee.de\/wordpress\/wp-json\/wp\/v2\/posts"}],"about":[{"href":"https:\/\/rt-europaallee.de\/wordpress\/wp-json\/wp\/v2\/types\/post"}],"author":[{"embeddable":true,"href":"https:\/\/rt-europaallee.de\/wordpress\/wp-json\/wp\/v2\/users\/3"}],"replies":[{"embeddable":true,"href":"https:\/\/rt-europaallee.de\/wordpress\/wp-json\/wp\/v2\/comments?post=16188"}],"version-history":[{"count":1,"href":"https:\/\/rt-europaallee.de\/wordpress\/wp-json\/wp\/v2\/posts\/16188\/revisions"}],"predecessor-version":[{"id":16189,"href":"https:\/\/rt-europaallee.de\/wordpress\/wp-json\/wp\/v2\/posts\/16188\/revisions\/16189"}],"wp:attachment":[{"href":"https:\/\/rt-europaallee.de\/wordpress\/wp-json\/wp\/v2\/media?parent=16188"}],"wp:term":[{"taxonomy":"category","embeddable":true,"href":"https:\/\/rt-europaallee.de\/wordpress\/wp-json\/wp\/v2\/categories?post=16188"},{"taxonomy":"post_tag","embeddable":true,"href":"https:\/\/rt-europaallee.de\/wordpress\/wp-json\/wp\/v2\/tags?post=16188"}],"curies":[{"name":"wp","href":"https:\/\/api.w.org\/{rel}","templated":true}]}}