{"id":16235,"date":"2024-08-29T23:04:52","date_gmt":"2024-08-29T21:04:52","guid":{"rendered":"http:\/\/rt-europaallee.org\/wordpress\/?p=16235"},"modified":"2024-08-29T23:04:52","modified_gmt":"2024-08-29T21:04:52","slug":"stadt-goettingen-wird-mehrheitseigentuemerin-im-hagenweg-20","status":"publish","type":"post","link":"https:\/\/rt-europaallee.de\/wordpress\/2024\/08\/stadt-goettingen-wird-mehrheitseigentuemerin-im-hagenweg-20\/","title":{"rendered":"Stadt G\u00f6ttingen wird Mehrheitseigent\u00fcmerin im Hagenweg 20"},"content":{"rendered":"<p>(Quelle: <a href=\"https:\/\/www.goettingen.de\/portal\/meldungen\/stadt-goettingen-wird-mehrheitseigentuemerin-im-hagenweg-20-900003287-25480.html?rubrik=900000003\">https:\/\/www.goettingen.de\/portal\/meldungen\/stadt-goettingen-wird-mehrheitseigentuemerin-im-hagenweg-20-900003287-25480.html?rubrik=900000003<\/a>)<\/p>\n<blockquote><header>\n<div class=\"lastchanged\">\n<div class=\"fusstext fusstext_oben\"><span class=\"create\">29.08.2024<\/span>\n<div>\u00a0<\/div>\n<\/div>\n<span class=\"dachzeile\">Prek\u00e4re Wohnimmobilie:<\/span>\n<h2 class=\"kontrast-bild\">Stadt G\u00f6ttingen wird Mehrheitseigent\u00fcmerin im Hagenweg 20<\/h2>\n<div id=\"nolis_content_site\" class=\"nolis_content_site\">\n<p class=\"anreisser_detail\"><strong>Mit dem Ankauf von Wohnungen in der prek\u00e4ren Wohnimmobilie Hagenweg 20 hat die Stadt G\u00f6ttingen vor gut einem Jahr einen ungew\u00f6hnlichen Weg beschritten. Ziel war und ist es, Alleineigent\u00fcmerin der Immobilie zu werden und dadurch die Lebensverh\u00e4ltnisse ihrer Bewohner*innen grundlegend zu verbessern. Diesem Ziel ist die Stadt nun einen entscheidenden Schritt n\u00e4hergekommen: Sie ist durch den Ankauf weiterer 119 Wohnungen im Besitz von 93 Prozent der Immobilie. In st\u00e4dtischer Hand sind jetzt 152 Wohnungen und 50 Garagenstellpl\u00e4tze.<\/strong><\/p>\n<div class=\"print_href print_abbr\">\n<div class=\"template template1\">\n<div class=\"platz platz1\">\n<div class=\"rahmen\">\n<div class=\"innen\">\n<p>\u201eDieses Projekt ist ungew\u00f6hnlich f\u00fcr eine Kommune. Mit unserem Paradigmenwechsel, getragen vom Rat der Stadt G\u00f6ttingen, haben wir innerhalb eines Jahres sehr viel f\u00fcr die Menschen vor Ort erreicht\u201c, unterstreicht G\u00f6ttingens Oberb\u00fcrgermeisterin Petra Broistedt. \u201eWir sind in diesem Projekt auf einem guten Weg und ich bin stolz darauf, dass uns das so schnell gelungen ist.\u201c<\/p>\n<h5 class=\"nolis-tiny\">&#8222;Die Eigent\u00fcmer*innen dieser Immobilie haben sich nicht gek\u00fcmmert.&#8220;<\/h5>\n<p>Schon l\u00e4nger sei die Stadt in der Wohnanlage aktiv gewesen, stie\u00df aber im Bem\u00fchen um bessere Wohnverh\u00e4ltnisse schnell an rechtliche Grenzen. \u201eEigentum verpflichtet zwar, aber die Eigent\u00fcmer*innen dieser Immobilie haben sich nicht gek\u00fcmmert\u201c, erl\u00e4utert Broistedt. Notwendige Sanierungen seien nicht oder nicht konsequent genug durchgef\u00fchrt worden. Die n\u00e4chsten Schritte seien jetzt, auch die verbliebenen Wohnungen anzukaufen, um dann \u00fcber eine Kernsanierung oder \u00fcber Abriss und Neubau zu entscheiden. Das Grundst\u00fcck k\u00f6nne daf\u00fcr beispielsweise an die St\u00e4dtische Wohnungsbau GmbH \u00fcbertragen werden, die es entwickelt. Denkbar sei auch, dass ein Bautr\u00e4ger das Grundst\u00fcck erwirbt und dort gemeinsam mit der Stadt gef\u00f6rderten und bezahlbaren Wohnraum f\u00fcr Familien schafft. \u00a0<\/p>\n<h5 class=\"nolis-tiny\">Stadt ist im Gespr\u00e4ch mit dem Land<\/h5>\n<p>\u201eSch\u00f6n w\u00e4re es au\u00dferdem, wenn die Landeswohngesellschaft sich beteiligt\u201c, so Broistedt, die auf entsprechende Gespr\u00e4che mit dem Nieders\u00e4chsischen Wirtschaftsminister Olaf Lies verweist, der sich vor wenigen Wochen einen eigenen Eindruck vom Objekt verschafft hatte. Broistedt: \u201eIch bleibe im engen Austausch mit dem Land.\u201c<\/p>\n<h5 class=\"nolis-tiny\">\u201eUnsere Anstrengungen haben sich f\u00fcr jedes Kind gelohnt, dass jetzt und in Zukunft nicht mehr in dem Komplex wohnen muss.\u201c<\/h5>\n<p>Auch Sozialdezernentin Anja Krause zeigt sich gl\u00fccklich \u00fcber das bislang Erreichte: \u201eUnsere Anstrengungen haben sich f\u00fcr jedes Kind, dass jetzt und in Zukunft nicht mehr in dem Komplex wohnen muss, gelohnt.\u201c Der Stadt sei es gelungen, die Nachzugs-Spirale zu durchbrechen. \u201eKaum war fr\u00fcher eine Wohnung leer, war sie sofort wieder neu vermietet worden. Die Stadt vermietet ihre leerstehenden Wohnungen nicht mehr.\u201c In ihrem Dezernat habe sie au\u00dferdem den Fachdienst \u201eSozialarbeit\u201c eingerichtet. \u201eEr unterst\u00fctzt und begleitet Menschen, die derzeit im Hagenweg 20 und weiteren Immobilien mit prek\u00e4ren Wohnverh\u00e4ltnissen leben, beim Umzug in ein neues Zuhause. Im Fachdienst wird die Expertise verschiedener Fachleute geb\u00fcndelt, um auch vor Ort effektiv handeln zu k\u00f6nnen.\u201c Besonders stolz sei sie darauf, dass es ihrem Team in wenigen Monaten gelungen sei, gut die H\u00e4lfte der 145 Bewohner*innen \u2013 darunter 36 Kinder \u2013 in alternative Wohnungen zu vermitteln. \u201eWir haben daf\u00fcr gute Wohnungen gefunden, niemand ist in andere prek\u00e4re Immobilien gezogen\u201c, betont Krause und dankt daf\u00fcr auch den Wohnungsunternehmen, die hier unterst\u00fctzt und Wohnungen bereitgestellt haben. \u201eIn einem gemeinsamen Kraftakt haben wir den Familien im Hagenweg 20 echte Perspektiven geboten, die auch gerne angenommen wurden.\u201c<\/p>\n<h5 class=\"nolis-tiny\">Verbesserte Infrastruktur vor Ort<\/h5>\n<p>In der Immobilie hat die Stadt f\u00fcr eine Verbesserung der Infrastruktur gesorgt: Im Objekt wurde ein Besprechungsraum eingerichtet. Dort k\u00f6nnen Gespr\u00e4che mit Mieter*innen gef\u00fchrt werden, er steht aber auch f\u00fcr die Sprechstunde des Fachdienstes Sozialarbeit bereit. Auch Angebote Dritter wie Nachhilfe k\u00f6nnen dort genutzt werden. Die Mieter*innen k\u00f6nnen in grundlegenden Fragen des Zusammenlebens, etwa zur M\u00fclltrennung oder zur Nachtruhe, geschult werden. Au\u00dferdem wurde ein Waschraum eingerichtet, in dem f\u00fcr geringes Geld Wasch- und Trockenmaschinen genutzt werden k\u00f6nnen.\u00a0<\/p>\n<p><strong>Kurz\u00fcberblick\u00a0<\/strong><\/p>\n<ul>\n<li>Die Baupl\u00e4ne sind auf 1974 datiert, seitdem gab es keine gr\u00f6\u00dferen Instandhaltungs- oder Sanierungsma\u00dfnahmen<\/li>\n<li>Das Objekt umfasst 4.076 m\u00b2 Wohnfl\u00e4che<\/li>\n<li>Insgesamt gibt es 165 Wohneinheiten: 101 Einzimmerappartements (15 \u2013 18 m\u00b2) und 63 Zweizimmerappartements (30 \u2013 34 m\u00b2), 1 Einliegerwohnung, 63 Garagenstellpl\u00e4tze.<\/li>\n<li>Die Stadt ist aktuell (August 2024) im Besitz von 152 Wohnungen und 50 Garagenstellpl\u00e4tze<\/li>\n<\/ul>\n<\/div>\n<\/div>\n<\/div>\n<\/div>\n<\/div>\n<\/div>\n<\/div>\n<\/header><\/blockquote>\n\n\n<p><\/p>\n","protected":false},"excerpt":{"rendered":"<p>(Quelle: https:\/\/www.goettingen.de\/portal\/meldungen\/stadt-goettingen-wird-mehrheitseigentuemerin-im-hagenweg-20-900003287-25480.html?rubrik=900000003) 29.08.2024 \u00a0 Prek\u00e4re Wohnimmobilie: Stadt G\u00f6ttingen wird Mehrheitseigent\u00fcmerin im Hagenweg 20 Mit dem Ankauf von Wohnungen in der prek\u00e4ren Wohnimmobilie Hagenweg 20 hat die Stadt G\u00f6ttingen vor gut einem Jahr einen ungew\u00f6hnlichen Weg beschritten. Ziel war und ist es, Alleineigent\u00fcmerin der Immobilie zu werden und dadurch die Lebensverh\u00e4ltnisse ihrer Bewohner*innen grundlegend zu verbessern. &#8230; <a title=\"Stadt G\u00f6ttingen wird Mehrheitseigent\u00fcmerin im Hagenweg 20\" class=\"read-more\" href=\"https:\/\/rt-europaallee.de\/wordpress\/2024\/08\/stadt-goettingen-wird-mehrheitseigentuemerin-im-hagenweg-20\/\" aria-label=\"Mehr Informationen \u00fcber Stadt G\u00f6ttingen wird Mehrheitseigent\u00fcmerin im Hagenweg 20\">Weiterlesen<\/a><\/p>\n","protected":false},"author":3,"featured_media":0,"comment_status":"closed","ping_status":"open","sticky":false,"template":"","format":"standard","meta":{"footnotes":""},"categories":[1],"tags":[],"class_list":["post-16235","post","type-post","status-publish","format-standard","hentry","category-allgemein"],"_links":{"self":[{"href":"https:\/\/rt-europaallee.de\/wordpress\/wp-json\/wp\/v2\/posts\/16235","targetHints":{"allow":["GET"]}}],"collection":[{"href":"https:\/\/rt-europaallee.de\/wordpress\/wp-json\/wp\/v2\/posts"}],"about":[{"href":"https:\/\/rt-europaallee.de\/wordpress\/wp-json\/wp\/v2\/types\/post"}],"author":[{"embeddable":true,"href":"https:\/\/rt-europaallee.de\/wordpress\/wp-json\/wp\/v2\/users\/3"}],"replies":[{"embeddable":true,"href":"https:\/\/rt-europaallee.de\/wordpress\/wp-json\/wp\/v2\/comments?post=16235"}],"version-history":[{"count":1,"href":"https:\/\/rt-europaallee.de\/wordpress\/wp-json\/wp\/v2\/posts\/16235\/revisions"}],"predecessor-version":[{"id":16236,"href":"https:\/\/rt-europaallee.de\/wordpress\/wp-json\/wp\/v2\/posts\/16235\/revisions\/16236"}],"wp:attachment":[{"href":"https:\/\/rt-europaallee.de\/wordpress\/wp-json\/wp\/v2\/media?parent=16235"}],"wp:term":[{"taxonomy":"category","embeddable":true,"href":"https:\/\/rt-europaallee.de\/wordpress\/wp-json\/wp\/v2\/categories?post=16235"},{"taxonomy":"post_tag","embeddable":true,"href":"https:\/\/rt-europaallee.de\/wordpress\/wp-json\/wp\/v2\/tags?post=16235"}],"curies":[{"name":"wp","href":"https:\/\/api.w.org\/{rel}","templated":true}]}}