{"id":16260,"date":"2024-09-10T23:52:40","date_gmt":"2024-09-10T21:52:40","guid":{"rendered":"http:\/\/rt-europaallee.org\/wordpress\/?p=16260"},"modified":"2024-09-10T23:52:40","modified_gmt":"2024-09-10T21:52:40","slug":"bonveno-newsletter-september-2024","status":"publish","type":"post","link":"https:\/\/rt-europaallee.de\/wordpress\/2024\/09\/bonveno-newsletter-september-2024\/","title":{"rendered":"Bonveno Newsletter September 2024"},"content":{"rendered":"<header class=\"entry-header\" aria-label=\"Inhalt\">\n<div class=\"entry-meta\"><span style=\"font-size: revert;\">E-Mail\/ 03.09.2024 von <\/span><a style=\"font-size: revert;\" href=\"mailto:m.luepke@bonveno-goettingen.de\">m.luepke@bonveno-goettingen.de<\/a><\/div>\n<div><\/div>\n<\/header>\n<blockquote>\n<h3><strong>Liebe Bonveno-Freunde, liebe Ehrenamtliche,<\/strong><\/h3>\n<p>Melden Sie sich wie immer gerne, wenn wir Sie unterst\u00fctzen k\u00f6nnen \u2013 wenn Sie Gespr\u00e4chsbedarf haben, wenn wir Kosten erstatten k\u00f6nnen oder wenn Sie andere Anliegen haben!<em>\u00a0<\/em><\/p>\n<h2>\u201eMinisterpr\u00e4sident Stephan Weil besucht BROTHERS im Haus der Nationen\u201c<\/h2>\n<p>An einem Sommer-Workshop des\u00a0<a href=\"https:\/\/bonveno-goettingen.de\/projekte-2\/brothers\/\">Gewaltpr\u00e4ventionsprojektes BROTHERS<\/a>\u00a0der Bonveno nahm am gestrigen Donnerstag, 15. August 2024 der nieders\u00e4chsische Ministerpr\u00e4sident Stephan Weil teil. Eingebettet war der Workshop in die j\u00e4hrliche Sommerreise des Ministerpr\u00e4sidenten.<br \/>\nIn der Plauderstube des\u00a0<a href=\"https:\/\/www.instagram.com\/begegnungszentrumneumuenden\/?hl=de\">Haus der Nationen<\/a>\u00a0in Hann. M\u00fcnden hie\u00df sowohl BROTHERS als auch den Ministerpr\u00e4sidenten und seine Reisedelegation herzlich willkommen.<\/p>\n<p>Lesen Sie mehr auf unserer Homepage unter: <a href=\"https:\/\/bonveno-goettingen.de\/ministerpraesident-stephan-weil-besucht-brothers-im-haus-der-nationen\/\">Ministerpr\u00e4sident Stephan Weil besucht BROTHERS im Haus der Nationen \u2013 Bonveno G\u00f6ttingen gGmbH (bonveno-goettingen.de)<\/a><\/p>\n<p>Weitere interessante Beitr\u00e4ge unter: <a href=\"https:\/\/bonveno-goettingen.de\/\">Bonveno G\u00f6ttingen gGmbH \u2013 Fl\u00fcchtlingssozialarbeit &amp; Wohnanlagen (bonveno-goettingen.de)<\/a><\/p>\n<h3><strong>Veranstaltungen<\/strong><strong>\u00a0<\/strong><\/h3>\n<h3><strong>Einladung: Nachbarschaftsfest auf den Zietenterrassen, <\/strong><strong>Sonntag, 08. September, 12:00 Uhr \u2013 17:00 Uhr<\/strong><strong>\u00a0<\/strong><\/h3>\n<p><em>Adresse: Bertha-von-Suttner Str. 2,37085 G\u00f6ttingen<\/em><\/p>\n<p><strong>Was:<\/strong> Auf dem Gel\u00e4nde des SC Hainberg findet unter dem Motto \u201eDabei sein, mitmachen, miterleben! Miteinander, f\u00fcreinander \u2013 gemeinsam eine gute Nachbarschaft leben\u201c, das diesj\u00e4hrige Nachbarschaftsfest statt. Es gibt ein vielf\u00e4ltiges Rahmenprogramm, welches Sie dem angeh\u00e4ngten Flyer entnehmen k\u00f6nnen.<\/p>\n<p>Von 11 Uhr bis 12 Uhr findet der gemeinsame Terrassen-Gottesdienst auf dem Sportplatz statt.<\/p>\n<h3><strong>Kunstworkshop f\u00fcr Frauen im Mitmachraum mira! Freitag, 13. September und Freitag, 20. September 2024, jeweils 10.00 bis 14.00 Uhr<\/strong><strong>\u00a0<\/strong><\/h3>\n<p><em>Adresse: Weender Str. 56 (ehem. Hut.de \u2013 Laden), 37073 G\u00f6ttingen<\/em><strong>\u00a0<\/strong><\/p>\n<p><strong>Was<\/strong>: Beim Malen mit Acrylfarbe oder Gestalten mit Ton wird miteinander und nebeneinander in einen Austausch kommen.\u00a0 Es geht dabei, um die Freude sich mit kreativen Mitteln auszudr\u00fccken und in Kontakt zu kommen. Hierbei wird im Wechsel zwischen zuf\u00e4lligen und beabsichtigten bildnerischen Gestalten t\u00e4tig sein. K\u00fcnstlerische Vorerfahrungen sind nicht notwendig. Der Workshop ist kostenlos.<\/p>\n<p><strong>Anmeldung<\/strong>: <a href=\"mailto:dagmar.riggers@gmx.de\">dagmar.riggers@gmx.de<\/a><\/p>\n<h3><strong>Einladung: Austausch\/ Patenschaftsabend von der Bonveno G\u00f6ttingen gGmbH und AWO G\u00f6ttingen gGmbH, <\/strong><strong>Dienstag, 5. November, ab 17:30 Uhr<\/strong><\/h3>\n<p><strong>\u00a0<\/strong><em>Adresse: Jutta-Limbach-Str. 3, 37073 G\u00f6ttingen (2. Stock, Konferenzraum)<\/em><em>\u00a0<\/em><\/p>\n<p><strong>Wer: <\/strong>Die Koordinatorinnen f\u00fcr Ehrenamt und Patenschaften der Bonveno G\u00f6ttingen gGmbH<\/p>\n<p><strong>Was:<\/strong> Liebe Pat*innen und Ehrenamtliche,<\/p>\n<p>wir laden Sie herzlich zum Patenschaftsabend ein.<\/p>\n<p>Wir m\u00f6chten uns gern in gem\u00fctlicher Runde gemeinsam austauschen, kl\u00f6nen, Ideen finden, planen und gemeinsam umsetzen. Bei ein paar kleinen Snacks k\u00f6nnen Sie \u00fcber Ihre Erfahrungen, Herausforderungen und W\u00fcnsche berichten.<\/p>\n<p>Haben Sie Ideen oder brauchen Unterst\u00fctzung? M\u00f6chten Sie sich mit anderen \u00fcber Ihre Erfahrungen austauschen? Kommen Sie gern vorbei beim Patenabend!<\/p>\n<p>Wir freuen uns \u00fcber Ihre Anmeldungen!<\/p>\n<p><strong>Anmeldung:<\/strong><\/p>\n<p><strong>Marie L\u00fcpke:<br \/>\n<\/strong>E-Mail: <a href=\"mailto:m.luepke@bonveno-goettingen.de\">m.luepke@bonveno-goettingen.de<\/a><br \/>\nMobil: 0176\/ 84146370<\/p>\n<p><strong>Astrid M\u00fcller:<br \/>\n<\/strong>E-Mail: <a href=\"mailto:a.mueller@awo-goettingen.de\">a.mueller@awo-goettingen.de<\/a><br \/>\nMobil: 0176\/ 22919421<\/p>\n<h3><strong>Fortbildungen<\/strong><\/h3>\n<h3><strong>Wiederholung des Vortrags<\/strong>: <strong>Wie lebt es sich in der \u201esozialen H\u00e4ngematte?\u201c Mythen und Fakten \u00fcber unseren Sozialstaat<\/strong><strong>, Donnerstag, 05. September 2024, ab 16 Uhr<\/strong><strong>\u00a0<\/strong><\/h3>\n<p><em>Adresse: Mitmachraum mira!, Weender Str. 56, 37073 G\u00f6ttingen<\/em><em>\u00a0<\/em><\/p>\n<p><strong>Wer:<\/strong> Freiwilligenzentrum Bonus mit der Juristin Antje Braun vom Di\u00f6zesancaritasverband Hildesheim<\/p>\n<p><strong>Was:<\/strong> Die Referentin und Juristin Antje Braun vom DiCV Hildesheim, verf\u00fcgt \u00fcber viele Jahre Erfahrung in den Bereichen Schuldnerberatung und Allgemeine Lebens- und Sozialberatung. Sie kennt die gesetzlichen Grundlagen unseres Sozialstaats und die Praxis gleicherma\u00dfen und wird dieses komplexe Thema gut verst\u00e4ndlich vorstellen.<\/p>\n<p><strong>Anmeldungen<\/strong> bitte an <a href=\"mailto:bonus@caritas-suedniedersachsen.de\">bonus@caritas-suedniedersachsen.de<\/a>\u00a0<strong>\u00a0<\/strong><\/p>\n<h3><strong>Beitrag der Bonveno zur Interkulturellen Woche:<\/strong> <strong>Gewaltpr\u00e4ventionsprojekt \u201eBROTHERS\u201c mit einem Workshop zum Thema \u201eEine Frage der Ehre?\u201c, Dienstag 24. September 2024, 16:30 bis 18 Uhr und Mittwoch, 25. September 2024, 10:30 Uhr bis 12 Uhr und Internationaler Frauentanzabend, Donnerstag 26. September 2024, 17:00 bis 20:00 Uhr<\/strong><\/h3>\n<p><strong>\u00a0<\/strong>Auch in diesem Jahr findet bundesweit die \u201eInterkulturelle Woche\u201c statt und bietet vom 22. September bis 29. September ein buntes Mitmachprogramm. Bonveno ist mit gleich zwei Aktionen beteiligt, zu denen wir alle Interessierten herzlich einladen.<br \/>\nDen Anfang macht das Gewaltpr\u00e4ventionsprojekt \u201eBROTHERS\u201c mit einem Workshop zum Thema \u201eEine Frage der Ehre?\u201c. Weiter geht es mit dem Internationaler Frauentanzabend im Kulturzentrum musa.<\/p>\n<h3><strong>\u201eEine Frage der Ehre?\u201c<\/strong><\/h3>\n<p>Dienstag, 24. September 2024, 16:30 bis 18:00 Uhr und<\/p>\n<p>Mittwoch, 25. September 2024, 10:30 bis 12:00 Uhr (inhaltsgleich)<\/p>\n<p><em>Adresse: AWO G\u00f6ttingen, Jutta-Limbach-Stra\u00dfe 3, 37073 G\u00f6ttingen<\/em><\/p>\n<p><strong>Was:<\/strong> Im Rahmen des Workshops befassen wir uns u.a. mit der Frage: \u201eWas bedeutet Ehre?\u201c<br \/>\nIm Austausch mit Euch werden wir die Bedeutungen und Funktionen von Ehrkonzepten im kulturspezifischen Kontext betrachten und Erfahrungen aus der Arbeit mit Jugendlichen teilen.<\/p>\n<p><strong>Anmeldung:<\/strong> Da der Workshop dem interaktiven Austausch dient, ist die Zahl der Teilnehmenden auf 16 Personen begrenzt. Bitte meldet euch daher f\u00fcr einen der beiden Workshops unter <a href=\"mailto:brothers@bonveno-goettingen.de\">brothers@bonveno-goettingen.de<\/a> an.<br \/>\nDie Teilnahme ist kostenfrei.<\/p>\n<h3><strong>Internationaler Frauentanzabend<\/strong><\/h3>\n<p>Donnerstag, 26. September 2024, 17:00 bis 20:00 Uhr<\/p>\n<p><em>Adresse: musa-Salon, Hagenweg 2a, 37081 G\u00f6ttingen<\/em><\/p>\n<p><strong>Was:<\/strong> Gemeinsam mit der musa und der Weststadtkonferenz bietet die Bonveno den Internationalen Frauentanzabend bereits zum wiederholten Mal an. Dabei hei\u00dft es im musa-Salon: Women only!<br \/>\nFrauen ab 16 Jahren aus der ganzen Welt haben die M\u00f6glichkeit, ausgelassen zu internationaler Musik zu tanzen. Bringt eure Lieblingsmusik am besten mit!<\/p>\n<p>Die Teilnahme ist kostenfrei und ohne Anmeldung.<\/p>\n<p><strong>Weitere Informationen:<\/strong> Das gesamte Programm der Interkulturellen Woche 2024 findet sich online u.a. auf der <a href=\"https:\/\/www.goettingen.de\/leben\/migration-integration\/politik-recht\/\">st\u00e4dtischen Website<\/a>.<\/p>\n<h3><strong>Workshop: \u201eUmgang mit Vorbehalten \u2013 Argumentationstraining gegen Stammtischparolen\u201c, Donnerstag, 26. September 2024, 17:30 &#8211; 20:00 Uhr<\/strong><strong style=\"font-size: revert; color: inherit;\">\u00a0<\/strong><\/h3>\n<p><em>Adresse:<\/em><em> Jutta-Limbach-Str. 3, 37073 G\u00f6ttingen (2. Stock, Konferenzraum)<\/em><\/p>\n<p><strong>Was: <\/strong>Umgang mit Vorbehalten beim Elternabend, im Klassenraum oder bei der Familienfeier \u2013 immer wieder begegnen wir in unserem Alltag diskriminierenden Aussagen und Vorbehalten. Oft verstecken sich dahinter Vorurteile \u00fcber Gruppen von Menschen, die nicht nur verletzend, sondern auch gef\u00e4hrlich sein k\u00f6nnen. Vor allem gefl\u00fcchtete Menschen in Deutschland sind diesen Vorbehalten oft ausgesetzt. Doch woher kommen diese Bilder in unseren K\u00f6pfen und was k\u00f6nnen wir dagegen tun und betroffene Menschen unterst\u00fctzen? Ziel ist eigene Vorbehalte und Vorurteile zu reflektieren und Strategien zu entwickeln und einzu\u00fcben, um diskriminierenden Aussagen etwas entgegenzusetzen und so betroffene Personen zu unterst\u00fctzen, und zu einer offenen und toleranten Gesellschaft beizutragen.<\/p>\n<p>In dem Info-Workshop \u201eUmgang mit Vorbehalten\u201c wird sich Antwortstrategien gewidmet, um auf rassistische Parolen, Witze oder verallgemeinernde Falschaussagen etwas zu entgegnen.<\/p>\n<p>F\u00fcr Getr\u00e4nke und Snacks wird gesorgt \ud83d\ude0a<\/p>\n<p><strong>Referenten: <\/strong>Kolpingwerk Deutschland (Referent*innen werden noch bekannt gegeben)<\/p>\n<p><strong>Anmeldung:<\/strong> Die Teilnehmerzahl ist begrenzt. Wir bitten um verbildliche Anmeldung bis zum 09.09.2024<strong>\u00a0<\/strong><\/p>\n<p><strong>Marie L\u00fcpke:<br \/>\n<\/strong>E-Mail: <a href=\"mailto:m.luepke@bonveno-goettingen.de\">m.luepke@bonveno-goettingen.de<\/a><br \/>\nMobil: 0176\/ 84146370<\/p>\n<p><strong>Astrid M\u00fcller:<br \/>\n<\/strong>E-Mail: <a href=\"mailto:a.mueller@awo-goettingen.de\">a.mueller@awo-goettingen.de<\/a><br \/>\nMobil: 0176\/ 22919421<strong>\u00a0<\/strong><\/p>\n<h3><strong>Interaktiver-Vortrag: \u201eIstanbul-Konvention\u201c, Dienstag, 22. Oktober 2024, 17:30 Uhr bis 20:00 Uhr.<\/strong><em>\u00a0<\/em><\/h3>\n<p><em>Adresse: Jutta-Limbach-Str. 3, 37073 G\u00f6ttingen, 2. OG (Konferenzraum)<\/em><\/p>\n<p><strong>Wer: Bonveno und AWO G\u00f6ttingen<\/strong><strong>\u00a0<\/strong><\/p>\n<p><strong>Was:<\/strong> Der Interaktiver Vortrag behandelt das Thema Istanbul-Konvention. Was ist darunter zu verstehen? Wie wird sie konkret umgesetzt? Wo finden sich regionale Anlaufstellen\/ Hilfesysteme? Anna Maierl, Koordinatorin Istanbul-Konvention im Gleichstellungsb\u00fcro der Stadt G\u00f6ttingen, stellt ihre Arbeit vor und beantwortet gerne Ihre Fragen.<\/p>\n<p><em>\u201eDie Istanbul Konvention ist ein \u00dcbereinkommen des Europarates zur Verh\u00fctung und Bek\u00e4mpfung von Gewalt gegen Frauen und h\u00e4uslicher Gewalt, welches bereits 2011 in Istanbul getroffen wurde. Seit Februar 2018 ist sie geltendes Recht in Deutschland und stellt somit ein v\u00f6lkerrechtlich bindendes Instrument zur umfassenden Bek\u00e4mpfung jeglicher Form von Gewalt an Frauen und M\u00e4dchen dar. Die Konvention folgt dem Leitgedanken, dass der Kampf gegen geschlechtsspezifische Gewalt nur dann erfolgreich sein kann, wenn eine ganzheitliche und koordinierte Politik verfolgt wird.\u201c (weitere Infos unter: <\/em><a href=\"https:\/\/gleichstellung.goettingen.de\/istanbul-konvention\/\"><em>Istanbul-Konvention &#8211; Gleichstellungsb\u00fcro (goettingen.de)<\/em><\/a><em>)<\/em><\/p>\n<p><strong>Referentinnen: <\/strong>Anna Maierl, Koordinatorin Istanbul-Konvention im Gleichstellungsb\u00fcro der Stadt G\u00f6ttingen<\/p>\n<p><strong>Anmeldung:<\/strong><\/p>\n<p><strong>Marie L\u00fcpke:<br \/>\n<\/strong>E-Mail: <a href=\"mailto:m.luepke@bonveno-goettingen.de\">m.luepke@bonveno-goettingen.de<\/a><br \/>\nMobil: 0176\/ 84146370<\/p>\n<p><strong>Astrid M\u00fcller:<br \/>\n<\/strong>E-Mail: <a href=\"mailto:a.mueller@awo-goettingen.de\">a.mueller@awo-goettingen.de<\/a><br \/>\nMobil: 0176\/ 22919421<strong>\u00a0<\/strong><\/p>\n<h3><strong>Neuer Termin: Interaktiver-Vortrag: \u201eH\u00e4uslich\/ partnerschaftliche Gewalt\u201c, Dienstag, 29. Oktober 2024, 17:30 Uhr bis 20:00 Uhr.<\/strong><em>\u00a0<\/em><\/h3>\n<p><em>Adresse: Jutta-Limbach-Str. 3, 37073 G\u00f6ttingen, 2. OG (Konferenzraum)<\/em><\/p>\n<p><strong>Wer: Bonveno und AWO G\u00f6ttingen<\/strong><strong>\u00a0<\/strong><\/p>\n<p><strong>Was:<\/strong> Der Vortrag behandelt das Thema h\u00e4usliche Gewalt. Diese kann sowohl in (Ex-) Partnerschaften, als auch im famili\u00e4ren Nahraum stattfinden. Der Fokus der Veranstaltung liegt auf geschlechterspezifischer Gewalt gegen Frauen. Des Weiteren wird die Rolle von Frauenh\u00e4usern als Zufluchtsorte f\u00fcr gewaltbetroffene Frauen und ihre Kinder (im speziellen das Frauenhaus in G\u00f6ttingen) thematisiert. Dabei wird u.a. besprochen welche Aufnahmevorraussetzungen gegeben sind, wie sich das Leben im Frauenhaus gestaltet und welche Unterst\u00fctzungsleistungen vorhanden sind.<\/p>\n<p><strong>Referentinnen: <\/strong>Jasmin Nofal, Mitarbeitende im Frauenhaus G\u00f6ttingen<\/p>\n<p><strong>Anmeldung:<\/strong><\/p>\n<p><strong>Marie L\u00fcpke:<br \/>\n<\/strong>E-Mail: <a href=\"mailto:m.luepke@bonveno-goettingen.de\">m.luepke@bonveno-goettingen.de<\/a><br \/>\nMobil: 0176\/ 84146370<\/p>\n<p><strong>Astrid M\u00fcller:<br \/>\n<\/strong>E-Mail: <a href=\"mailto:a.mueller@awo-goettingen.de\">a.mueller@awo-goettingen.de<\/a><br \/>\nMobil: 0176\/ 22919421<\/p>\n<h3><strong>Aktiv werden<\/strong><strong>\u00a0<\/strong><\/h3>\n<p>Sollten Sie aktuell etwas Zeit haben, freuen wir uns wie immer \u00fcber Ihre Nachrichten. Noch immer ist die Nachfrage nach Gespr\u00e4chspartner*innen zum Deutsch \u00fcben gro\u00df. Aktuell sucht ein Paar auf den Zietenterrassen Unterst\u00fctzung beim Deutsch lernen, sowie ein engagierter Herr mittleren Alters.<\/p>\n<p>F\u00fcr unsere Wohnanlage auf den Zietenterrassen suchen wir noch Unterst\u00fctzung bei unserem bereits bestehenden Angebot der Hausaufgabenhilfe f\u00fcr Grundsch\u00fcler*innen Dienstag und Mittwoch ab 14 Uhr.<\/p>\n<p>Des Weiteren sucht ein Seniorenp\u00e4rchen mit ihrem erwachsenen Sohn dringend eine barrierefreie 3 Zimmer Wohnung. Der Vater der Familie sitzt im Rollstuhl. Die Miete wird vom Jobcenter \u00fcbernommen, es handelt sich bei der Familie um anerkannte Gefl\u00fcchtete. Die Wohnung kann sich sowohl in der Stadt G\u00f6ttingen, wie auch im Landkreis befinden. Eine gute Verkehrsanbindung w\u00e4re eine wichtige Voraussetzung. Vielleicht vermieten sie solche Wohnungen oder kennen jemanden der dies tut?! Dann w\u00fcrden wir uns \u00fcber eine R\u00fcckmeldung von Ihnen freuen.<\/p>\n<p>Gerne direkt an : Jennifer Felske, <a href=\"mailto:j.felske@bonveno-goettingen.de\">j.felske@bonveno-goettingen.de<\/a>, Tele.: 0176\/62821608<\/p>\n<p>F\u00fcr alle Unterk\u00fcnfte suchen wir Sprachmittler*innen besonders f\u00fcr die Sprachen T\u00fcrkisch und Spanisch (aber auch f\u00fcr andere Sprachen).<\/p>\n<p>Bei R\u00fcckfragen und f\u00fcr mehr Informationen, melden Sie sich gerne.<\/p>\n<p>Haben Sie Interesse zu unterst\u00fctzen? Melden Sie sich gerne bei uns.<\/p>\n<p>Wir freuen uns, von Ihnen zu h\u00f6ren!<\/p>\n<p>Mit freundlichen Gr\u00fc\u00dfen,<\/p>\n<p>Marie L\u00fcpke<\/p>\n<p>Koordination Ehrenamt &amp; Patenschaften<br \/>\nBonveno G\u00f6ttingen gGmbH<br \/>\nJutta-Limbach-Stra\u00dfe 3<br \/>\n37073 G\u00f6ttingen<br \/>\nMobil: +49 176 84146370<br \/>\nE-Mail: <a href=\"mailto:m.luepke@bonveno-goettingen.de\">m.luepke@bonveno-goettingen.de<\/a><br \/>\nWebseite: <a href=\"http:\/\/www.bonveno-goettingen.de\/\">www.bonveno-goettingen.de<\/a><\/p>\n<p><strong><em><u>Sprechzeiten:<br \/>\n<\/u><\/em><\/strong><em style=\"font-size: revert; color: inherit;\">Montags bis Donnerstags: 8:30 Uhr bis 14:00 Uhr und nach Vereinbarung<br \/>\n<\/em><em>Freitags: 8:30 bis 13:00 Uhr und nach Vereinbarung<\/em><\/p><\/blockquote>\n","protected":false},"excerpt":{"rendered":"<p>E-Mail\/ 03.09.2024 von m.luepke@bonveno-goettingen.de Liebe Bonveno-Freunde, liebe Ehrenamtliche, Melden Sie sich wie immer gerne, wenn wir Sie unterst\u00fctzen k\u00f6nnen \u2013 wenn Sie Gespr\u00e4chsbedarf haben, wenn wir Kosten erstatten k\u00f6nnen oder wenn Sie andere Anliegen haben!\u00a0 \u201eMinisterpr\u00e4sident Stephan Weil besucht BROTHERS im Haus der Nationen\u201c An einem Sommer-Workshop des\u00a0Gewaltpr\u00e4ventionsprojektes BROTHERS\u00a0der Bonveno nahm am gestrigen Donnerstag, 15. &#8230; <a title=\"Bonveno Newsletter September 2024\" class=\"read-more\" href=\"https:\/\/rt-europaallee.de\/wordpress\/2024\/09\/bonveno-newsletter-september-2024\/\" aria-label=\"Mehr Informationen \u00fcber Bonveno Newsletter September 2024\">Weiterlesen<\/a><\/p>\n","protected":false},"author":3,"featured_media":0,"comment_status":"closed","ping_status":"open","sticky":false,"template":"","format":"standard","meta":{"footnotes":""},"categories":[1],"tags":[],"class_list":["post-16260","post","type-post","status-publish","format-standard","hentry","category-allgemein"],"_links":{"self":[{"href":"https:\/\/rt-europaallee.de\/wordpress\/wp-json\/wp\/v2\/posts\/16260","targetHints":{"allow":["GET"]}}],"collection":[{"href":"https:\/\/rt-europaallee.de\/wordpress\/wp-json\/wp\/v2\/posts"}],"about":[{"href":"https:\/\/rt-europaallee.de\/wordpress\/wp-json\/wp\/v2\/types\/post"}],"author":[{"embeddable":true,"href":"https:\/\/rt-europaallee.de\/wordpress\/wp-json\/wp\/v2\/users\/3"}],"replies":[{"embeddable":true,"href":"https:\/\/rt-europaallee.de\/wordpress\/wp-json\/wp\/v2\/comments?post=16260"}],"version-history":[{"count":2,"href":"https:\/\/rt-europaallee.de\/wordpress\/wp-json\/wp\/v2\/posts\/16260\/revisions"}],"predecessor-version":[{"id":16295,"href":"https:\/\/rt-europaallee.de\/wordpress\/wp-json\/wp\/v2\/posts\/16260\/revisions\/16295"}],"wp:attachment":[{"href":"https:\/\/rt-europaallee.de\/wordpress\/wp-json\/wp\/v2\/media?parent=16260"}],"wp:term":[{"taxonomy":"category","embeddable":true,"href":"https:\/\/rt-europaallee.de\/wordpress\/wp-json\/wp\/v2\/categories?post=16260"},{"taxonomy":"post_tag","embeddable":true,"href":"https:\/\/rt-europaallee.de\/wordpress\/wp-json\/wp\/v2\/tags?post=16260"}],"curies":[{"name":"wp","href":"https:\/\/api.w.org\/{rel}","templated":true}]}}