{"id":16286,"date":"2024-09-11T10:04:01","date_gmt":"2024-09-11T08:04:01","guid":{"rendered":"http:\/\/rt-europaallee.org\/wordpress\/?p=16286"},"modified":"2024-09-11T11:29:45","modified_gmt":"2024-09-11T09:29:45","slug":"bundesamt-fuer-bevoelkerungsschutz-und-katastrophenhilfe-bbk-bundesweiter-warntag-am-12-09-2024","status":"publish","type":"post","link":"https:\/\/rt-europaallee.de\/wordpress\/2024\/09\/bundesamt-fuer-bevoelkerungsschutz-und-katastrophenhilfe-bbk-bundesweiter-warntag-am-12-09-2024\/","title":{"rendered":"Bundesamt f\u00fcr Bev\u00f6lkerungsschutz und Katastrophenhilfe (BBK): Bundesweiter Warntag am 12.09.2024"},"content":{"rendered":"<p>(Quelle: <a href=\"https:\/\/www.bbk.bund.de\/DE\/Warnung-Vorsorge\/Bundesweiter-Warntag\/bundesweiter-warntag_node.html\">https:\/\/www.bbk.bund.de\/DE\/Warnung-Vorsorge\/Bundesweiter-Warntag\/bundesweiter-warntag_node.html<\/a>)<\/p>\n<blockquote><p>Der Bundesweite Warntag ist ein gemeinsamer Aktionstag von Bund, L\u00e4ndern und Kommunen. Er findet j\u00e4hrlich am zweiten Donnerstag im September statt.<\/p>\n<p>2024 ist dies der 12. September. Ab 11 Uhr wird eine Probewarnung verschickt. Gegen 11:45 Uhr erfolgt eine Entwarnung. \u00dcber Cell Broadcast wird derzeit noch keine Entwarnung versendet.<\/p>\n<h2 class=\"l-content-wrapper__headline\">Was passiert am Bundesweiten Warntag?<\/h2>\n<div class=\"c-introductory-text c-introductory-text--large-image-right\">\n<div class=\"c-introductory-text__image\">\n<div class=\"c-picture c-introductory-text--large-image-right\">\n<h3 class=\"c-picture__figure picture linksOhne normal \"><span class=\"wrapper\"> <picture><source class=\"small\" srcset=\"\/SharedDocs\/Bilder\/DE\/Allgemein-Schmuckbilder\/Warnung\/isf-warnzentrale_bild-responsiv.jpg?__blob=normal&amp;__ifc=small&amp;v=2\" media=\"(max-width: 599px)\" \/><source class=\"medium\" srcset=\"\/SharedDocs\/Bilder\/DE\/Allgemein-Schmuckbilder\/Warnung\/isf-warnzentrale_bild-responsiv.jpg?__blob=normal&amp;__ifc=medium&amp;v=2\" media=\"(max-width: 1025px)\" \/><source class=\"large\" srcset=\"\/SharedDocs\/Bilder\/DE\/Allgemein-Schmuckbilder\/Warnung\/isf-warnzentrale_bild-responsiv.jpg?__blob=normal&amp;__ifc=large&amp;v=2\" media=\"(max-width: 1279px)\" \/><img title=\"Quelle: ISF-Projekt Warnung der Bev\u00f6lkerung\" srcset=\"\n  \/SharedDocs\/Bilder\/DE\/Allgemein-Schmuckbilder\/Warnung\/isf-warnzentrale_bild-responsiv.jpg?__blob=normal&amp;v=2\" alt=\"\" aria-hidden=\"true\" data-source=\"Quelle: ISF-Projekt Warnung der Bev\u00f6lkerung\" \/> <\/picture> <span class=\"c-source\" aria-hidden=\"true\"> <span class=\"c-source-title\"> Quelle: <\/span> <cite>ISF-Projekt Warnung der Bev\u00f6lkerung<\/cite> <\/span> <\/span><\/h3>\n<\/div>\n<\/div>\n<div class=\"c-introductory-text__bodyText\">\n<p>Der Bundesweite Warntag dient der Erprobung der Warnsysteme. Das Ausl\u00f6sen der Warnmittel l\u00e4dt aber auch ein, sich \u00fcber die Warnung der Bev\u00f6lkerung zu informieren.<\/p>\n<p>Am Bundesweiten Warntag wird ab 11:00 Uhr eine Probewarnung in Form eines Warntextes an alle am Modularen Warnsystem (kurz: MoWaS) des Bundes angeschlossene Warnmultiplikatoren (zum Beispiel Rundfunksender und App-Server) geschickt.<\/p>\n<p>Die Warnmultiplikatoren versenden die Probewarnung zeitversetzt an Warnmittel wie Fernseher, Radios und Smartphones. Dort k\u00f6nnen Sie die Warnung dann lesen und\/oder h\u00f6ren.<\/p>\n<p>Parallel k\u00f6nnen auf Ebene der L\u00e4nder, in den teilnehmenden Landkreisen und Kommunen verf\u00fcgbare kommunale Warnmittel ausgel\u00f6st (zum Beispiel Lautsprecherwagen oder Sirenen) werden.<\/p>\n<p>Gegen 11:45 Uhr erfolgt eine Entwarnung \u00fcber die Warnmittel und Endger\u00e4te, \u00fcber welche zuvor die Warnung versendet wurde. \u00dcber Cell Broadcast wird derzeit noch keine Entwarnung versendet. Die M\u00f6glichkeit, auch \u00fcber diesen Warnkanal zu entwarnen, wird derzeit unter anderem von den Mobilfunknetzbetreibern gepr\u00fcft.<\/p>\n<h2>&#8230;<\/h2>\n<\/div>\n<\/div>\n<\/blockquote>\n","protected":false},"excerpt":{"rendered":"<p>(Quelle: https:\/\/www.bbk.bund.de\/DE\/Warnung-Vorsorge\/Bundesweiter-Warntag\/bundesweiter-warntag_node.html) Der Bundesweite Warntag ist ein gemeinsamer Aktionstag von Bund, L\u00e4ndern und Kommunen. Er findet j\u00e4hrlich am zweiten Donnerstag im September statt. 2024 ist dies der 12. September. Ab 11 Uhr wird eine Probewarnung verschickt. Gegen 11:45 Uhr erfolgt eine Entwarnung. \u00dcber Cell Broadcast wird derzeit noch keine Entwarnung versendet. Was passiert am Bundesweiten &#8230; <a title=\"Bundesamt f\u00fcr Bev\u00f6lkerungsschutz und Katastrophenhilfe (BBK): Bundesweiter Warntag am 12.09.2024\" class=\"read-more\" href=\"https:\/\/rt-europaallee.de\/wordpress\/2024\/09\/bundesamt-fuer-bevoelkerungsschutz-und-katastrophenhilfe-bbk-bundesweiter-warntag-am-12-09-2024\/\" aria-label=\"Mehr Informationen \u00fcber Bundesamt f\u00fcr Bev\u00f6lkerungsschutz und Katastrophenhilfe (BBK): Bundesweiter Warntag am 12.09.2024\">Weiterlesen<\/a><\/p>\n","protected":false},"author":3,"featured_media":0,"comment_status":"closed","ping_status":"open","sticky":false,"template":"","format":"standard","meta":{"footnotes":""},"categories":[1],"tags":[],"class_list":["post-16286","post","type-post","status-publish","format-standard","hentry","category-allgemein"],"_links":{"self":[{"href":"https:\/\/rt-europaallee.de\/wordpress\/wp-json\/wp\/v2\/posts\/16286","targetHints":{"allow":["GET"]}}],"collection":[{"href":"https:\/\/rt-europaallee.de\/wordpress\/wp-json\/wp\/v2\/posts"}],"about":[{"href":"https:\/\/rt-europaallee.de\/wordpress\/wp-json\/wp\/v2\/types\/post"}],"author":[{"embeddable":true,"href":"https:\/\/rt-europaallee.de\/wordpress\/wp-json\/wp\/v2\/users\/3"}],"replies":[{"embeddable":true,"href":"https:\/\/rt-europaallee.de\/wordpress\/wp-json\/wp\/v2\/comments?post=16286"}],"version-history":[{"count":2,"href":"https:\/\/rt-europaallee.de\/wordpress\/wp-json\/wp\/v2\/posts\/16286\/revisions"}],"predecessor-version":[{"id":16288,"href":"https:\/\/rt-europaallee.de\/wordpress\/wp-json\/wp\/v2\/posts\/16286\/revisions\/16288"}],"wp:attachment":[{"href":"https:\/\/rt-europaallee.de\/wordpress\/wp-json\/wp\/v2\/media?parent=16286"}],"wp:term":[{"taxonomy":"category","embeddable":true,"href":"https:\/\/rt-europaallee.de\/wordpress\/wp-json\/wp\/v2\/categories?post=16286"},{"taxonomy":"post_tag","embeddable":true,"href":"https:\/\/rt-europaallee.de\/wordpress\/wp-json\/wp\/v2\/tags?post=16286"}],"curies":[{"name":"wp","href":"https:\/\/api.w.org\/{rel}","templated":true}]}}