{"id":16301,"date":"2024-09-13T19:29:56","date_gmt":"2024-09-13T17:29:56","guid":{"rendered":"http:\/\/rt-europaallee.org\/wordpress\/?p=16301"},"modified":"2024-09-13T19:29:56","modified_gmt":"2024-09-13T17:29:56","slug":"stadt-goettingen-sieger-im-wettbewerb-zur-gestaltung-des-weender-tors-steht-fest","status":"publish","type":"post","link":"https:\/\/rt-europaallee.de\/wordpress\/2024\/09\/stadt-goettingen-sieger-im-wettbewerb-zur-gestaltung-des-weender-tors-steht-fest\/","title":{"rendered":"Stadt G\u00f6ttingen: Sieger im Wettbewerb zur Gestaltung des Weender Tors steht fest"},"content":{"rendered":"\n<h3 class=\"wp-block-heading\"><\/h3>\n\n\n\n<p><\/p>\n\n\n<p>(Quelle: <a href=\"https:\/\/www.goettingen.de\/portal\/meldungen\/sieger-im-wettbewerb-zur-gestaltung-des-weender-tors-steht-fest-900003336-25480.html?fbclid=IwY2xjawFRTc5leHRuA2FlbQIxMQABHV1CTcxz4kj9PnHauJfcFWvNKkeRN6nOsitAFn0dnx_ulwcpSny6_5nUmQ_aem_VNWBrr3WzF9rGQl7_xj-ww\">https:\/\/www.goettingen.de\/portal\/meldungen\/sieger-im-wettbewerb-zur-gestaltung-des-weender-tors-steht-fest-900003336-25480.html?fbclid=IwY2xjawFRTc5leHRuA2FlbQIxMQABHV1CTcxz4kj9PnHauJfcFWvNKkeRN6nOsitAFn0dnx_ulwcpSny6_5nUmQ_aem_VNWBrr3WzF9rGQl7_xj-ww<\/a>)<\/p>\n<blockquote>\n<div id=\"middle_center\">\n<div id=\"content\" role=\"main\">\n<div id=\"content_in\">\n<div id=\"nolis_content\">\n<div id=\"nolis_content_heading\" class=\"nolis_aktuelles_detail kontrast-bg\">\n<div class=\"fusstext fusstext_oben\"><span class=\"create\">13.09.2024<\/span>\n<div>\u00a0<\/div>\n<\/div>\n<span class=\"dachzeile\">Grotefend-Areal<\/span>\n<h3 class=\"kontrast-bild\">Sieger im Wettbewerb zur Gestaltung des Weender Tors steht fest<\/h3>\n<div id=\"nolis_content_site\" class=\"nolis_content_site\">\n<p class=\"anreisser_detail\"><strong>Im hochbaulichen Wettbewerb f\u00fcr die Entwicklung am Altstadteingang Weender Tor (ehemaliges Grotefend-Areal) gibt es einen Sieger, sowie einen zweiten und dritten Platz. Der durch die Hanseatic Holding GmbH ausgelobte Wettbewerb wurde gemeinsam mit der Stadt G\u00f6ttingen durchgef\u00fchrt. Ziel ist es, unter Erhaltung des markanten Kopfgeb\u00e4udes, ein qualit\u00e4tvolles, gemischtes Quartier f\u00fcr Wohnen, B\u00fcros und Gastronomie zu entwickeln.<\/strong><\/p>\n<div class=\"print_href print_abbr\">\n<div class=\"template template1\">\n<div class=\"platz platz1\">\n<div class=\"rahmen\">\n<div class=\"innen\">\n<p><span class=\"param_100 param_left\"><a class=\"gallerygroup42a6b99f69692c73a820fd542d4f914d bild-link\" title=\"Bild vergr\u00f6\u00dfern\" role=\"button\" href=\"https:\/\/www.goettingen.de\/medien\/bilder\/grotefend_visualisierung_pape_pape.png?20240913111552\" data-id=\"elm_42a6b99f69692c73a820fd542d4f914d\" aria-controls=\"nl-elm_42a6b99f69692c73a820fd542d4f914d\" aria-haspopup=\"dialog\" aria-expanded=\"false\"><img loading=\"lazy\" decoding=\"async\" title=\"Grotefend-Areal: Visualisierung von Pape+Pape\" src=\"https:\/\/www.goettingen.de\/static\/images\/bilder\/grotefend_areal_visualisierung_von_pape_pape-900012726-25480-13.webp?20240913111552\" alt=\"Weender Tor: Siegerentwurf gek\u00fcrt\u00a0\u00a9\u00a0Pape+Pape\" width=\"788\" height=\"519\" data-description=\"\" data-copyright=\"\u00a9\u00a0Pape+Pape\" data-size=\"2033\" data-width=\"1217\" data-height=\"803\" \/><\/a><\/span><\/p>\n<p>Sechs eingeladene Architekturb\u00fcros hatten ihre Entw\u00fcrfe f\u00fcr den Standort abgegeben. Das Preisgericht hat in seiner Sitzung am Dienstag, 10. September 2024, drei Preise vergeben. Den ersten Preis gewann das Planungsteam von pape+pape architekten, aus Kassel, mit Ihrem Entwurf f\u00fcr das Weender Tor. Den zweiten Platz errang der Entwurf von Stefan Forster GmbH, aus Frankfurt am Main. Die dritte Platzierung ging an den Entwurf von KIEFER|SANDER ARCHITEKTEN aus Sarstedt.<\/p>\n<p>Oberb\u00fcrgermeisterin Petra Broistedt lobt nicht nur den Entwurf, sondern auch den gesamten Beteiligungsprozess: \u201eNach der hitzigen und intensiven Diskussion um die Neugestaltung des Weender Tors hat es sich gelohnt die G\u00f6ttingerinnen und G\u00f6ttinger in den Prozess zur Neugestaltung einzubinden. In unterschiedlichsten Beteiligungsformaten wurden viele Ideen und Anregungen eingebracht, die der Siegerentwurf aufgenommen hat. Mich freut, dass die Jury diesen in meinen Augen f\u00fcr das Weender Tor passenden Entwurf einstimmig zur weiteren Bearbeitung empfiehlt. Gleichzeitig bin ich der festen \u00dcberzeugung, dass mit diesem Entwurf eine gute und f\u00fcr G\u00f6ttingen angemessene Entwicklung an diesem f\u00fcr uns wichtigen Standort gelingen kann.\u201c<\/p>\n<p>Stadtbaurat Frithjof Look erl\u00e4utert: \u201eDie Aufgabenstellung, der sich die bearbeitenden B\u00fcros gestellt haben, war sehr herausfordernd. Der Siegerentwurf \u00fcberzeugt mit Einf\u00fchlungsverm\u00f6gen, durch die Eingliederung in Bestand und Umgebung, aber auch mit Mut, in der Betonung der Torsituation durch einen Hochpunkt. Durch die Setzung von drei freistehenden Geb\u00e4udek\u00f6rpern, f\u00fcgt sich die Bebauung in das Wallvorfeld ein, der historische Stadtwall dahinter wird sp\u00fcrbar. Mit diesem Entwurf k\u00f6nnen wir den n\u00f6rdlichen Stadteingang neu definieren und neuen Wohnraum mit Qualit\u00e4t im Zentrum schaffen\u201c.<\/p>\n<p>Das Preisgericht empfiehlt den Siegerentwurf von pape+pape architekten, zur Grundlage der weiteren Planung zu machen. Der st\u00e4dtische Bauausschuss wird \u00fcber den Entwurf weiter beraten.\u00a0<\/p>\n<p>Karsten Rose, von der Hanseatic Holding GmbH, erg\u00e4nzt: \u201eDer Siegerentwurf bildet eine sehr gute Grundlage f\u00fcr die Entwicklung des neuen Quartiers. Am Ende des Tages muss auch eine Wirtschaftlichkeit des Vorhabens gegeben sein, ich begr\u00fc\u00dfe deshalb die Empfehlung des Preisgerichtes das Potential des Siegerentwurfes auszusch\u00f6pfen, um erg\u00e4nzende Wohn- bzw. Geschossfl\u00e4che zu schaffen, unter Wahrung der Entwurfsqualit\u00e4ten. Auch der Betrieb der bestehenden Gastronomie wird in seiner jetzigen Form erhalten bleiben.\u201c<\/p>\n<h5 class=\"nolis-tiny\">\u00d6ffentlichkeitsbeteiligung<\/h5>\n<p>Im September 2023 fand ein \u00f6ffentlicher Auftakt auf dem Plangebiet statt, mit dem Ziel, wesentliche Empfehlungen und Anregungen der G\u00f6ttinger B\u00fcrger*innen als Grundlage f\u00fcr die Auslobung zu erarbeiten. Die Inhalte der Auslobung wurden auf einem \u00f6ffentlichen Info-Abend im Dezember 2023 vorgestellt.<\/p>\n<p>Die sechs eingereichten Wettbewerbsbeitr\u00e4ge wurden im Vorfeld des Preisgerichtes in der alten Feuerwache ausgestellt und konnten von interessierten B\u00fcrger*innen eingesehen und kommentiert werden. Ihre Einsch\u00e4tzungen wurden dem Preisgericht vor der Entscheidungsfindung pr\u00e4sentiert.<\/p>\n<p>\u00a0<\/p>\n<div class=\"texbausteine_klappbar container_tabelle_katalog container_tabelle_katalog_900000094\">\n<div class=\"style2 managerbox block-textbaustein tabelle_katalog\">\n<h5 class=\"zugeklappt\"><span class=\"head_container schalterZahl_1\"><span id=\"manager_titel_3ac316654f422c8f35e194f02257302c1\" class=\"manager_titel_container zugeklappt\"><span class=\"manager_titel\" title=\"Die Stadtverwaltung auf Messenger-Services\"><a class=\"toggle\" title=\"zuklappen \/ aufklappen\" href=\"https:\/\/www.goettingen.de\/portal\/meldungen\/sieger-im-wettbewerb-zur-gestaltung-des-weender-tors-steht-fest-900003336-25480.html?fbclid=IwY2xjawFRTc5leHRuA2FlbQIxMQABHV1CTcxz4kj9PnHauJfcFWvNKkeRN6nOsitAFn0dnx_ulwcpSny6_5nUmQ_aem_VNWBrr3WzF9rGQl7_xj-ww#\">Die Stadtverwaltung auf Messenger-Services<\/a><\/span><\/span><\/span><\/h5>\n<\/div>\n<\/div>\n<p><em>Anregungen oder Meinungen zu dieser Mitteilung k\u00f6nnen Sie direkt an <a class=\"link_katalog email nolis-link-intern nolis-link-mailto\" title=\"IhreMeinung@goettingen.de\" href=\"mailto:%49%68%72%65%4D%65%69%6E%75%6E%67%40%67%6F%65%74%74%69%6E%67%65%6E%2E%64%65\">IhreMeinung@goettingen.de<\/a> senden. Wir leiten Ihre Nachricht an den zust\u00e4ndigen Fachdienst weiter.<\/em><\/p>\n<div class=\"clearfloat\">\u00a0<\/div>\n<\/div>\n<div class=\"clearfloat\">\u00a0<\/div>\n<\/div>\n<\/div>\n<\/div>\n<\/div>\n<div id=\"more_infos\" class=\"print_href print_abbr\">\n<div class=\"style2 managerbox odd dokument\">\n<h5 class=\"aufgeklappt\"><span class=\"head_container schalterZahl_1\"><span id=\"manager_titel_box_1\" class=\"manager_titel_container aufgeklappt\"><span class=\"manager_titel\" title=\"Dokumente\"><a class=\"toggle\" title=\"zuklappen \/ aufklappen\" href=\"https:\/\/www.goettingen.de\/portal\/meldungen\/sieger-im-wettbewerb-zur-gestaltung-des-weender-tors-steht-fest-900003336-25480.html?fbclid=IwY2xjawFRTc5leHRuA2FlbQIxMQABHV1CTcxz4kj9PnHauJfcFWvNKkeRN6nOsitAFn0dnx_ulwcpSny6_5nUmQ_aem_VNWBrr3WzF9rGQl7_xj-ww#\">Dokumente<\/a><\/span><\/span><\/span><\/h5>\n<div id=\"managerboxinfo_box_1\" class=\"managerboxinfo\">\n<div class=\"managerbox_style_2\">\n<div class=\"managerboxmain\">\n<table class=\"liste\">\n<tbody>\n<tr class=\"odd \">\n<td><a class=\"link_dokument nolis-link-intern link_dokument_ec\" title=\"Ansicht im neuen Fenster\" href=\"https:\/\/www.goettingen.de\/downloads\/datei\/NTYxNzdiMTU0ZDVkYzE1YWFodjNCSHpGTldqWitqS0ZnY1kxVm1oVnNQUjBXckpEZzdkNlUvODRTN2l2RkxDaS9VdUlJeVVFK3JUS2d1MkEyR3FkN0FHbVZZek1HVmVDanFFK2Y0dTF3bFRvaGJSN09CazJMclQyN0ZuNFB5YUl1cUJuNVhCenJ3SmY0TXF5dWczZ0JHSmttYTZGTCtieWpkaFc0UGdDM0xjVW1pWkp0cjMrbHAwOC9pST0\" data-extension=\"PNG\" data-size=\"2081792\" data-size-human=\"2\u00a0MB\">Weender Tor &#8211; Siegerentwurf von Pape+Pape<span class=\"dok_size\">(2\u00a0MB)<\/span><\/a><\/td>\n<\/tr>\n<tr class=\"even \">\n<td><a class=\"link_dokument nolis-link-intern link_dokument_ec\" title=\"Ansicht im neuen Fenster\" href=\"https:\/\/www.goettingen.de\/downloads\/datei\/ZWNjYWM5YjI5MWUyZTNkZkozaERIbmFiTTk0OXBvNzlONi9CaDE5OWtvMTdVVG80UmR5bnVON1J2aUJKeUs1K015Y28rSjF2dmg4aXl5dDhTRzJXQXRySkVoWElmaDA4Q29nYm12Q29lSFJCUzQ3NWVSUFpuUkgvdkJEbitLNVFhQ2lVVEtnZHFSZTdyNDc5aktBczdCdmplTDBKWlZmOXp2NjNWUT09\" data-extension=\"PDF\" data-size=\"14410752\" data-size-human=\"14\u00a0MB\">Weender Tor &#8211; Visualisierung des Siegerentwurfs von Pape+Pape<span class=\"dok_size\">(14\u00a0MB)<\/span><\/a><\/td>\n<\/tr>\n<tr class=\"odd \">\n<td><a class=\"link_dokument nolis-link-intern link_dokument_ec\" title=\"Ansicht im neuen Fenster\" href=\"https:\/\/www.goettingen.de\/downloads\/datei\/ODYyZGY3YTA5NGFlNzhmMnlMMFJiUWNSUEdhaFFyZlRodUZudVViWmdFT2hUQVpVK0N0aEVSRVBKLzlNbHQ3NnV0WU0yZ3pGcDFLRlFXVkZJZE1qb3FBbnZHSXkzb2J6dTZIYnhEMCsyYkRxSDY5NEhCL1oycUx6Vk1EbUhyL0NYNUdwTklpTTEzOWowbVZJMGoxR004UStFcVUxeldkaDhwQ1hJdz09\" data-extension=\"PDF\" data-size=\"2801664\" data-size-human=\"3\u00a0MB\">Weender Tor &#8211; 2. Platz von Stefan Forster GmbH<span class=\"dok_size\">(3\u00a0MB)<\/span><\/a><\/td>\n<\/tr>\n<tr class=\"even \">\n<td><a class=\"link_dokument nolis-link-intern link_dokument_ec\" title=\"Ansicht im neuen Fenster\" href=\"https:\/\/www.goettingen.de\/downloads\/datei\/MTJjMDIyNGFmMjNiNWNhMnNlWXVrQ2ZjaXNERUdMMjVmMExmamZraU40WUlYWDY0eUpmL29CQStHcXc3bzl4cEhuWU0xdE1kelJTejJkTWJJZkFKYWxwWGVURlNSb1BTa2U1Qnl0MUlPaVY1MURSRklMSk9ESUZMVnRlL0lpd0xja2xvNDZsR2VsYTErRU5OUGRvTVNOUnh1YXd6TjhudE5WMzduVk03TGcxM0hRMEpEcVQvMlBvOVRLOD0\" data-extension=\"PDF\" data-size=\"3236864\" data-size-human=\"3\u00a0MB\">Weender Tor &#8211; 3. Platz von KieferSander Architekten<span class=\"dok_size\">(3\u00a0MB)<\/span><\/a><\/td>\n<\/tr>\n<\/tbody>\n<\/table>\n<\/div>\n<\/div>\n<\/div>\n<\/div>\n<div class=\"managertrenner odd dokument kontrast-bg\">\u00a0<\/div>\n<\/div>\n<div>\u00a0<\/div>\n<div class=\"managertrenner_zurueck\">\u00a0<\/div>\n<\/div>\n<\/div>\n<\/div>\n<\/div>\n<div>\u00a0<\/div>\n<\/div>\n<\/div>\n<div id=\"middle_right\" class=\"seitenspalte\">\u00a0<\/div>\n<div id=\"news\" class=\"news\">\u00a0<\/div>\n<\/blockquote>","protected":false},"excerpt":{"rendered":"<p>(Quelle: https:\/\/www.goettingen.de\/portal\/meldungen\/sieger-im-wettbewerb-zur-gestaltung-des-weender-tors-steht-fest-900003336-25480.html?fbclid=IwY2xjawFRTc5leHRuA2FlbQIxMQABHV1CTcxz4kj9PnHauJfcFWvNKkeRN6nOsitAFn0dnx_ulwcpSny6_5nUmQ_aem_VNWBrr3WzF9rGQl7_xj-ww) 13.09.2024 \u00a0 Grotefend-Areal Sieger im Wettbewerb zur Gestaltung des Weender Tors steht fest Im hochbaulichen Wettbewerb f\u00fcr die Entwicklung am Altstadteingang Weender Tor (ehemaliges Grotefend-Areal) gibt es einen Sieger, sowie einen zweiten und dritten Platz. Der durch die Hanseatic Holding GmbH ausgelobte Wettbewerb wurde gemeinsam mit der Stadt G\u00f6ttingen durchgef\u00fchrt. Ziel ist es, &#8230; <a title=\"Stadt G\u00f6ttingen: Sieger im Wettbewerb zur Gestaltung des Weender Tors steht fest\" class=\"read-more\" href=\"https:\/\/rt-europaallee.de\/wordpress\/2024\/09\/stadt-goettingen-sieger-im-wettbewerb-zur-gestaltung-des-weender-tors-steht-fest\/\" aria-label=\"Mehr Informationen \u00fcber Stadt G\u00f6ttingen: Sieger im Wettbewerb zur Gestaltung des Weender Tors steht fest\">Weiterlesen<\/a><\/p>\n","protected":false},"author":3,"featured_media":0,"comment_status":"closed","ping_status":"open","sticky":false,"template":"","format":"standard","meta":{"footnotes":""},"categories":[1],"tags":[],"class_list":["post-16301","post","type-post","status-publish","format-standard","hentry","category-allgemein"],"_links":{"self":[{"href":"https:\/\/rt-europaallee.de\/wordpress\/wp-json\/wp\/v2\/posts\/16301","targetHints":{"allow":["GET"]}}],"collection":[{"href":"https:\/\/rt-europaallee.de\/wordpress\/wp-json\/wp\/v2\/posts"}],"about":[{"href":"https:\/\/rt-europaallee.de\/wordpress\/wp-json\/wp\/v2\/types\/post"}],"author":[{"embeddable":true,"href":"https:\/\/rt-europaallee.de\/wordpress\/wp-json\/wp\/v2\/users\/3"}],"replies":[{"embeddable":true,"href":"https:\/\/rt-europaallee.de\/wordpress\/wp-json\/wp\/v2\/comments?post=16301"}],"version-history":[{"count":1,"href":"https:\/\/rt-europaallee.de\/wordpress\/wp-json\/wp\/v2\/posts\/16301\/revisions"}],"predecessor-version":[{"id":16302,"href":"https:\/\/rt-europaallee.de\/wordpress\/wp-json\/wp\/v2\/posts\/16301\/revisions\/16302"}],"wp:attachment":[{"href":"https:\/\/rt-europaallee.de\/wordpress\/wp-json\/wp\/v2\/media?parent=16301"}],"wp:term":[{"taxonomy":"category","embeddable":true,"href":"https:\/\/rt-europaallee.de\/wordpress\/wp-json\/wp\/v2\/categories?post=16301"},{"taxonomy":"post_tag","embeddable":true,"href":"https:\/\/rt-europaallee.de\/wordpress\/wp-json\/wp\/v2\/tags?post=16301"}],"curies":[{"name":"wp","href":"https:\/\/api.w.org\/{rel}","templated":true}]}}