{"id":16308,"date":"2024-09-18T02:08:21","date_gmt":"2024-09-18T00:08:21","guid":{"rendered":"http:\/\/rt-europaallee.org\/wordpress\/?p=16308"},"modified":"2024-09-18T02:08:21","modified_gmt":"2024-09-18T00:08:21","slug":"migrationszentrum-deutschkurse-beratung-und-anmeldung","status":"publish","type":"post","link":"https:\/\/rt-europaallee.de\/wordpress\/2024\/09\/migrationszentrum-deutschkurse-beratung-und-anmeldung\/","title":{"rendered":"Migrationszentrum: Deutschkurse Beratung und Anmeldung"},"content":{"rendered":"<p>(Quelle: <a href=\"https:\/\/www.facebook.com\/migrationszentrumgoettingen\/posts\/pfbid0Vcf53haijuBkN1MAZuE6uRVnSd6W4mhKbdLuRhtH4wtw5wPupqDcM466JngWynbVl\">https:\/\/www.facebook.com\/migrationszentrumgoettingen\/posts\/pfbid0Vcf53haijuBkN1MAZuE6uRVnSd6W4mhKbdLuRhtH4wtw5wPupqDcM466JngWynbVl<\/a>)<\/p>\n<blockquote>\n<div class=\"xu06os2 x1ok221b\">\n<h3 id=\":Rlal5bb9l5qq9papd5aq:\" class=\"html-h2 x11i5rnm xat24cr x1mh8g0r xexx8yu x4uap5 x18d9i69 xkhd6sd x1vvkbs x1heor9g x1qlqyl8 x1pd3egz x1a2a7pz x1gslohp x1yc453h\"><span class=\"x193iq5w xeuugli x13faqbe x1vvkbs x1xmvt09 x6prxxf xvq8zen xo1l8bm xi81zsa\"><strong class=\"html-strong xdj266r x11i5rnm xat24cr x1mh8g0r xexx8yu x4uap5 x18d9i69 xkhd6sd x1hl2dhg x16tdsg8 x1vvkbs x1s688f\"><span class=\"html-span xdj266r x11i5rnm xat24cr x1mh8g0r xexx8yu x4uap5 x18d9i69 xkhd6sd x1hl2dhg x16tdsg8 x1vvkbs\"><a class=\"x1i10hfl xjbqb8w x1ejq31n xd10rxx x1sy0etr x17r0tee x972fbf xcfux6l x1qhh985 xm0m39n x9f619 x1ypdohk xt0psk2 xe8uvvx xdj266r x11i5rnm xat24cr x1mh8g0r xexx8yu x4uap5 x18d9i69 xkhd6sd x16tdsg8 x1hl2dhg xggy1nq x1a2a7pz x1sur9pj xkrqix3 xzsf02u x1s688f\" tabindex=\"0\" role=\"link\" href=\"https:\/\/www.facebook.com\/migrationszentrumgoettingen?__cft__[0]=AZXb8U_h5rTH9cAkgIAM-qD34j5mZKFSfMXaogdSTyhmr1KqZ-zLLGADAB2Z9pV7El5Mx16Wccr0z4XIaQ42VFAmmp-lRC7KJMwMye4DYp9cPkKT1tDsrJ3voY3hLkFetTk1m1Cs85bVSKAIkz4O2q_JvrraYdIKgfLG75pAMdawdw1g2gaA4v8bnXpakf49XVkiiCaHHi6sHiRKBB3TTTZ1&amp;__tn__=-]C%2CP-R\"><span class=\"xt0psk2\">Migrationszentrum f\u00fcr Stadt und Landkreis G\u00f6ttingen<\/span><\/a><\/span><\/strong> ist in <strong class=\"html-strong xdj266r x11i5rnm xat24cr x1mh8g0r xexx8yu x4uap5 x18d9i69 xkhd6sd x1hl2dhg x16tdsg8 x1vvkbs x1s688f\"><span class=\"html-span xdj266r x11i5rnm xat24cr x1mh8g0r xexx8yu x4uap5 x18d9i69 xkhd6sd x1hl2dhg x16tdsg8 x1vvkbs\"><a class=\"x1i10hfl xjbqb8w x1ejq31n xd10rxx x1sy0etr x17r0tee x972fbf xcfux6l x1qhh985 xm0m39n x9f619 x1ypdohk xt0psk2 xe8uvvx xdj266r x11i5rnm xat24cr x1mh8g0r xexx8yu x4uap5 x18d9i69 xkhd6sd x16tdsg8 x1hl2dhg xggy1nq x1a2a7pz x1sur9pj xkrqix3 xzsf02u x1s688f\" tabindex=\"0\" role=\"link\" href=\"https:\/\/www.facebook.com\/G%C3%B6ttingen-108157735878329\/?__cft__[0]=AZXb8U_h5rTH9cAkgIAM-qD34j5mZKFSfMXaogdSTyhmr1KqZ-zLLGADAB2Z9pV7El5Mx16Wccr0z4XIaQ42VFAmmp-lRC7KJMwMye4DYp9cPkKT1tDsrJ3voY3hLkFetTk1m1Cs85bVSKAIkz4O2q_JvrraYdIKgfLG75pAMdawdw1g2gaA4v8bnXpakf49XVkiiCaHHi6sHiRKBB3TTTZ1&amp;__tn__=kC%2CP-R\"><span class=\"xt0psk2\">G\u00f6ttingen<\/span><\/a><\/span><\/strong>.<\/span><\/h3>\n<\/div>\n<div class=\"xu06os2 x1ok221b\">\n<div id=\":Rlal5bb9l5qq9papd5aqH1:\" class=\"html-div xdj266r x11i5rnm xat24cr x1mh8g0r xexx8yu x4uap5 x18d9i69 xkhd6sd x1q0g3np\"><span style=\"color: inherit; font-size: 1.2em;\">Unsere Deutschkurs-Anmeldung ist ein Stockwerk h\u00f6her gezogen und findet ab sofort immer donnerstags von 9 bis 12 Uhr in der <\/span><span class=\"html-span xdj266r x11i5rnm xat24cr x1mh8g0r xexx8yu x4uap5 x18d9i69 xkhd6sd x1hl2dhg x16tdsg8 x1vvkbs\" style=\"color: inherit; font-size: 1.2em;\"><a class=\"x1i10hfl xjbqb8w x1ejq31n xd10rxx x1sy0etr x17r0tee x972fbf xcfux6l x1qhh985 xm0m39n x9f619 x1ypdohk xt0psk2 xe8uvvx xdj266r x11i5rnm xat24cr x1mh8g0r xexx8yu x4uap5 x18d9i69 xkhd6sd x16tdsg8 x1hl2dhg xggy1nq x1a2a7pz x1sur9pj xkrqix3 x1fey0fg xo1l8bm\" tabindex=\"0\" role=\"link\" href=\"https:\/\/www.facebook.com\/ev.fabi.goe?__cft__[0]=AZXb8U_h5rTH9cAkgIAM-qD34j5mZKFSfMXaogdSTyhmr1KqZ-zLLGADAB2Z9pV7El5Mx16Wccr0z4XIaQ42VFAmmp-lRC7KJMwMye4DYp9cPkKT1tDsrJ3voY3hLkFetTk1m1Cs85bVSKAIkz4O2q_JvrraYdIKgfLG75pAMdawdw1g2gaA4v8bnXpakf49XVkiiCaHHi6sHiRKBB3TTTZ1&amp;__tn__=-]K-R\"><span class=\"xt0psk2\">Ev. Familien-Bildungsst\u00e4tte G\u00f6ttingen<\/span><\/a><\/span><span style=\"color: inherit; font-size: 1.2em;\"> im 2. Stock statt.<\/span><\/div>\n<\/div>\n<div class=\"html-div xdj266r x11i5rnm xat24cr x1mh8g0r xexx8yu x4uap5 x18d9i69 xkhd6sd\" dir=\"auto\">\n<div id=\":Rlal5bb9l5qq9papd5aqH2:\" class=\"x1l90r2v x1pi30zi x1swvt13 x1iorvi4\" data-ad-comet-preview=\"message\" data-ad-preview=\"message\">\n<div class=\"x78zum5 xdt5ytf xz62fqu x16ldp7u\">\n<div class=\"xu06os2 x1ok221b\">\n<div class=\"xdj266r x11i5rnm xat24cr x1mh8g0r x1vvkbs x126k92a\">\n<div dir=\"auto\">Kontakt: Magdalena Scheele<\/div>\n<div dir=\"auto\"><\/div>\n<div dir=\"auto\"><img decoding=\"async\" class=\"x1bwycvy x193iq5w x4fas0m x19kjcj4\" src=\"https:\/\/scontent-ham3-1.xx.fbcdn.net\/v\/t39.30808-6\/459725946_839324571714122_6479042980665431483_n.jpg?_nc_cat=101&amp;ccb=1-7&amp;_nc_sid=127cfc&amp;_nc_eui2=AeFqgMpkMRgOQ9tWg9W5CMVCg_jFzJhI_cWD-MXMmEj9xX4OkKB7e6RFB495mmlzIeGmDvC32b-5jHRtnTEdWfSN&amp;_nc_ohc=nYrYCBYJ2t8Q7kNvgHgtoHW&amp;_nc_ht=scontent-ham3-1.xx&amp;_nc_gid=AmSr5N0DhMUKVVc-_Rt9ynB&amp;oh=00_AYAcZhO0EzuM1hiQKGnVWIIL7iENiHMadW9PLdpZtLTEgg&amp;oe=66EFEDB1\" alt=\"Ist m\u00f6glicherweise ein Bild von Text\" data-visualcompletion=\"media-vc-image\" \/><\/div>\n<div dir=\"auto\">(<a href=\"https:\/\/www.facebook.com\/photo\/?fbid=839324568380789&amp;set=a.410071091306141\">https:\/\/www.facebook.com\/photo\/?fbid=839324568380789&amp;set=a.410071091306141<\/a>)<\/div>\n<\/div>\n<\/div>\n<\/div>\n<\/div>\n<\/div>\n<\/blockquote>\n","protected":false},"excerpt":{"rendered":"<p>(Quelle: https:\/\/www.facebook.com\/migrationszentrumgoettingen\/posts\/pfbid0Vcf53haijuBkN1MAZuE6uRVnSd6W4mhKbdLuRhtH4wtw5wPupqDcM466JngWynbVl) Migrationszentrum f\u00fcr Stadt und Landkreis G\u00f6ttingen ist in G\u00f6ttingen. Unsere Deutschkurs-Anmeldung ist ein Stockwerk h\u00f6her gezogen und findet ab sofort immer donnerstags von 9 bis 12 Uhr in der Ev. Familien-Bildungsst\u00e4tte G\u00f6ttingen im 2. Stock statt. Kontakt: Magdalena Scheele (https:\/\/www.facebook.com\/photo\/?fbid=839324568380789&amp;set=a.410071091306141)<\/p>\n","protected":false},"author":3,"featured_media":0,"comment_status":"closed","ping_status":"open","sticky":false,"template":"","format":"standard","meta":{"footnotes":""},"categories":[1],"tags":[],"class_list":["post-16308","post","type-post","status-publish","format-standard","hentry","category-allgemein"],"_links":{"self":[{"href":"https:\/\/rt-europaallee.de\/wordpress\/wp-json\/wp\/v2\/posts\/16308","targetHints":{"allow":["GET"]}}],"collection":[{"href":"https:\/\/rt-europaallee.de\/wordpress\/wp-json\/wp\/v2\/posts"}],"about":[{"href":"https:\/\/rt-europaallee.de\/wordpress\/wp-json\/wp\/v2\/types\/post"}],"author":[{"embeddable":true,"href":"https:\/\/rt-europaallee.de\/wordpress\/wp-json\/wp\/v2\/users\/3"}],"replies":[{"embeddable":true,"href":"https:\/\/rt-europaallee.de\/wordpress\/wp-json\/wp\/v2\/comments?post=16308"}],"version-history":[{"count":1,"href":"https:\/\/rt-europaallee.de\/wordpress\/wp-json\/wp\/v2\/posts\/16308\/revisions"}],"predecessor-version":[{"id":16309,"href":"https:\/\/rt-europaallee.de\/wordpress\/wp-json\/wp\/v2\/posts\/16308\/revisions\/16309"}],"wp:attachment":[{"href":"https:\/\/rt-europaallee.de\/wordpress\/wp-json\/wp\/v2\/media?parent=16308"}],"wp:term":[{"taxonomy":"category","embeddable":true,"href":"https:\/\/rt-europaallee.de\/wordpress\/wp-json\/wp\/v2\/categories?post=16308"},{"taxonomy":"post_tag","embeddable":true,"href":"https:\/\/rt-europaallee.de\/wordpress\/wp-json\/wp\/v2\/tags?post=16308"}],"curies":[{"name":"wp","href":"https:\/\/api.w.org\/{rel}","templated":true}]}}