{"id":16344,"date":"2024-09-26T19:02:27","date_gmt":"2024-09-26T17:02:27","guid":{"rendered":"http:\/\/rt-europaallee.org\/wordpress\/?p=16344"},"modified":"2024-09-26T19:02:27","modified_gmt":"2024-09-26T17:02:27","slug":"stadt-goettingen-wieder-impfaktion-an-goettinger-schulen","status":"publish","type":"post","link":"https:\/\/rt-europaallee.de\/wordpress\/2024\/09\/stadt-goettingen-wieder-impfaktion-an-goettinger-schulen\/","title":{"rendered":"Stadt G\u00f6ttingen: Wieder Impfaktion an G\u00f6ttinger Schulen"},"content":{"rendered":"<p>(Quelle: <a href=\"https:\/\/www.goettingen.de\/portal\/meldungen\/wieder-impfaktion-an-goettinger-schulen-900003371-25480.html?rubrik=900000003\">https:\/\/www.goettingen.de\/portal\/meldungen\/wieder-impfaktion-an-goettinger-schulen-900003371-25480.html?rubrik=900000003<\/a>)<\/p>\n<blockquote>\n<div class=\"fusstext fusstext_oben\"><span class=\"create\">26.09.2024<\/span><\/p>\n<div><\/div>\n<\/div>\n<h3 class=\"kontrast-bild\">Wieder Impfaktion an G\u00f6ttinger Schulen<\/h3>\n<div id=\"nolis_content_site\" class=\"nolis_content_site\">\n<p class=\"anreisser_detail\"><strong>Wie in den Vorjahren bietet das Gesundheitsamt f\u00fcr die Stadt und den Landkreis G\u00f6ttingen wieder eine Aktion zur Verbesserung des Impfschutzes von Jugendlichen an. Dazu besuchen \u00e4rztlich geleitete Impfteams in der Zeit von Montag, 4. November 2024, bis Freitag, 29. November 2024, alle 6. Klassen der Schulen von Stadt und Landkreis G\u00f6ttingen. Die Aktion erreicht in diesem Jahr insgesamt \u00fcber 2.400 Sch\u00fcler*innen.<\/strong><\/p>\n<div class=\"print_href print_abbr\">\n<div class=\"template template1\">\n<div class=\"platz platz1\">\n<div class=\"rahmen\">\n<div class=\"innen\">\n<h4 class=\"nolis-tiny\">Welche Impfungen k\u00f6nnen vor Ort verabreicht werden<\/h4>\n<p>Mitarbeiter*innen des <a class=\"link_seite nolis-link-intern\" title=\"Gesundheitsamt f\u00fcr G\u00f6ttingen\" href=\"https:\/\/www.goettingen.de\/portal\/seiten\/gesundheitsamt-fuer-goettingen-900000189-25480.html?rubrik=900000003\" target=\"_self\" rel=\"noopener\">Gesundheitsamtes<\/a> werden alle Impfausweise durchsehen und zu fehlenden Impfungen beraten. Falls erforderlich, und die schriftliche Einverst\u00e4ndniserkl\u00e4rung der Eltern vorliegt, wird vor Ort in der Schule gegen Windpocken, Masern-Mumps-R\u00f6teln, Kinderl\u00e4hmung-Tetanus-Diphtherie-Keuchhusten und Humane Papillomviren geimpft. Die Sch\u00fclerinnen und Sch\u00fcler ohne Einverst\u00e4ndniserkl\u00e4rung erhalten schriftlich individuelle Empfehlungen.<\/p>\n<p>Der Impfaktion des Gesundheitsamtes vorausgegangen sind die Terminabstimmung mit den Schulen sowie der Versand von Informations- und Aufkl\u00e4rungsmaterial an Schulen und Eltern, inklusive der erforderlichen Formulare zur Impfung (Impfeinverst\u00e4ndniserkl\u00e4rungen, Fragebogen zur Gesundheit der Kinder).<\/p>\n<p>Ziel der Aktion, die in den vergangenen Jahren eine sehr gute Resonanz hatte, ist es, durch Information der Eltern in Kombination mit der direkt vor Ort in der jeweiligen Schule angebotenen Impfm\u00f6glichkeit den Impfschutz der gesamten Altersgruppe zu vervollst\u00e4ndigen. Denn ein ausreichender Impfschutz ist die beste Vorsorge zur Vermeidung von Infektionskrankheiten, die durch eine vorherige Impfung abgewendet werden k\u00f6nnen.<\/p>\n<h4 class=\"nolis-tiny\">Empfehlungen der St\u00e4ndigen Impfkommission<\/h4>\n<p>Nach den Empfehlungen der St\u00e4ndigen Impfkommission am Robert-Koch-Institut in Berlin (STIKO) sollten die Sch\u00fclerinnen und Sch\u00fcler in diesem Alter zweimal gegen Masern, Mumps, R\u00f6teln und einmal gegen Meningokokken C, dreimal gegen Hepatitis B, zweimal gegen HPV sowie gegen Kinderl\u00e4hmung, Diphtherie, Tetanus und Keuchhusten als Auffrischung geimpft sein, sofern eine vollst\u00e4ndig abgeschlossene Grundimmunisierung im S\u00e4uglingsalter und eine Diphtherie- Tetanus-Keuchhusten Auffrischimpfung vor der Einschulung erfolgt ist. Ungeimpfte und bisher nicht an Windpocken erkrankte 9- bis 17-j\u00e4hrige Jugendliche sollten zwei Impfungen gegen Windpocken erhalten.<\/p>\n<\/div>\n<\/div>\n<\/div>\n<\/div>\n<\/div>\n<\/div>\n<\/blockquote>\n","protected":false},"excerpt":{"rendered":"<p>(Quelle: https:\/\/www.goettingen.de\/portal\/meldungen\/wieder-impfaktion-an-goettinger-schulen-900003371-25480.html?rubrik=900000003) 26.09.2024 Wieder Impfaktion an G\u00f6ttinger Schulen Wie in den Vorjahren bietet das Gesundheitsamt f\u00fcr die Stadt und den Landkreis G\u00f6ttingen wieder eine Aktion zur Verbesserung des Impfschutzes von Jugendlichen an. Dazu besuchen \u00e4rztlich geleitete Impfteams in der Zeit von Montag, 4. November 2024, bis Freitag, 29. November 2024, alle 6. Klassen der Schulen &#8230; <a title=\"Stadt G\u00f6ttingen: Wieder Impfaktion an G\u00f6ttinger Schulen\" class=\"read-more\" href=\"https:\/\/rt-europaallee.de\/wordpress\/2024\/09\/stadt-goettingen-wieder-impfaktion-an-goettinger-schulen\/\" aria-label=\"Mehr Informationen \u00fcber Stadt G\u00f6ttingen: Wieder Impfaktion an G\u00f6ttinger Schulen\">Weiterlesen<\/a><\/p>\n","protected":false},"author":3,"featured_media":0,"comment_status":"closed","ping_status":"open","sticky":false,"template":"","format":"standard","meta":{"footnotes":""},"categories":[1],"tags":[],"class_list":["post-16344","post","type-post","status-publish","format-standard","hentry","category-allgemein"],"_links":{"self":[{"href":"https:\/\/rt-europaallee.de\/wordpress\/wp-json\/wp\/v2\/posts\/16344","targetHints":{"allow":["GET"]}}],"collection":[{"href":"https:\/\/rt-europaallee.de\/wordpress\/wp-json\/wp\/v2\/posts"}],"about":[{"href":"https:\/\/rt-europaallee.de\/wordpress\/wp-json\/wp\/v2\/types\/post"}],"author":[{"embeddable":true,"href":"https:\/\/rt-europaallee.de\/wordpress\/wp-json\/wp\/v2\/users\/3"}],"replies":[{"embeddable":true,"href":"https:\/\/rt-europaallee.de\/wordpress\/wp-json\/wp\/v2\/comments?post=16344"}],"version-history":[{"count":1,"href":"https:\/\/rt-europaallee.de\/wordpress\/wp-json\/wp\/v2\/posts\/16344\/revisions"}],"predecessor-version":[{"id":16345,"href":"https:\/\/rt-europaallee.de\/wordpress\/wp-json\/wp\/v2\/posts\/16344\/revisions\/16345"}],"wp:attachment":[{"href":"https:\/\/rt-europaallee.de\/wordpress\/wp-json\/wp\/v2\/media?parent=16344"}],"wp:term":[{"taxonomy":"category","embeddable":true,"href":"https:\/\/rt-europaallee.de\/wordpress\/wp-json\/wp\/v2\/categories?post=16344"},{"taxonomy":"post_tag","embeddable":true,"href":"https:\/\/rt-europaallee.de\/wordpress\/wp-json\/wp\/v2\/tags?post=16344"}],"curies":[{"name":"wp","href":"https:\/\/api.w.org\/{rel}","templated":true}]}}