{"id":16397,"date":"2024-10-11T18:07:44","date_gmt":"2024-10-11T16:07:44","guid":{"rendered":"http:\/\/rt-europaallee.org\/wordpress\/?p=16397"},"modified":"2024-10-11T18:07:44","modified_gmt":"2024-10-11T16:07:44","slug":"gt-der-mittagstisch-st-michael-braucht-unterstuetzung","status":"publish","type":"post","link":"https:\/\/rt-europaallee.de\/wordpress\/2024\/10\/gt-der-mittagstisch-st-michael-braucht-unterstuetzung\/","title":{"rendered":"GT: Der Mittagstisch St. Michael braucht Unterst\u00fctzung."},"content":{"rendered":"<p>(Quelle: <a href=\"https:\/\/www.goettinger-tageblatt.de\/lokales\/goettingen-lk\/goettingen\/mittagstisch-st-michael-goettingen-sucht-helfer-immer-mehr-menschen-kommen-zur-essensausgabe-in-der-EVYL3ZCMIVCKDEHAN5HELEJ6KI.html?fbclid=IwY2xjawF2K3dleHRuA2FlbQIxMQABHUk7aFDF5KFCb_kENguTaI2GS0IG9FPZwJ3MC8KNFJQ0Cch53x9RjdJMWw_aem_M1zc-EUkXWomTJf1_ARItg\">https:\/\/www.goettinger-tageblatt.de\/lokales\/goettingen-lk\/goettingen\/mittagstisch-st-michael-goettingen-sucht-helfer-immer-mehr-menschen-kommen-zur-essensausgabe-in-der-EVYL3ZCMIVCKDEHAN5HELEJ6KI.html?<\/a><\/p>\n<div class=\"html-div xdj266r x11i5rnm xat24cr x1mh8g0r xexx8yu x4uap5 x18d9i69 xkhd6sd\" dir=\"auto\">\n<div id=\":r18:\" class=\"x1l90r2v x1pi30zi x1swvt13 x1iorvi4\" data-ad-comet-preview=\"message\" data-ad-preview=\"message\">\n<div class=\"x78zum5 xdt5ytf xz62fqu x16ldp7u\">\n<div class=\"xu06os2 x1ok221b\">\n<div class=\"xdj266r x11i5rnm xat24cr x1mh8g0r x1vvkbs x126k92a\">\n<div dir=\"auto\">Der Mittagstisch St. Michael braucht Unterst\u00fctzung.<\/div>\n<div dir=\"auto\">Es werden Menschen gesucht, die dort mithelfen k\u00f6nnen. Zurzeit werden t\u00e4glich bis zu 120 Mahlzeiten ben\u00f6tigt. Die Kunden sind nur zu einem geringen Teil, ca. 10%, Alkohol- und Drogenabh\u00e4ngige. Der Gro\u00dfteil der Kunden sind Mittellose, Bed\u00fcrftige und auch zunehmend alte Menschen.<\/div>\n<div dir=\"auto\">\u00a0<\/div>\n<blockquote>\n<div dir=\"auto\">\n<div class=\"Overlinestyled__Overline-sc-1jsgsl-0 gTSAvK ArticleHeadstyled__ArticleHeadContentOverline-sc-tdzyy5-5 jnTPK\">Essen f\u00fcr Bed\u00fcrftige<\/div>\n<div class=\"ArticleHeadstyled__ArticleHeadHeadlineContainer-sc-tdzyy5-0 eurzgm\">\n<h2 class=\"Headlinestyled__Headline-sc-mamptc-0 btRDxK\" data-testid=\"headline\">Immer mehr Bed\u00fcrftige, immer weniger Helfer: Mittagstisch St. Michael in G\u00f6ttingen braucht Unterst\u00fctzung<\/h2>\n<\/div>\n<div class=\"ArticleImagestyled__ArticleImage-sc-11hkcjt-6 iTgQDH\" data-testid=\"article-header-image\">\n<div class=\"ArticleImagestyled__ArticleImageContainer-sc-11hkcjt-0 bocGwn\">\n<div class=\"Imagestyled__Container-sc-1io480m-0 iSliyu\" data-testid=\"image\"><picture><source srcset=\"https:\/\/www.goettinger-tageblatt.de\/resizer\/v2\/OIM4MSVK4VD2XOEMRBA6CVU5TU.jpg?auth=204ee481326211a11c86e9c8598efdbb252f913c9b6069b57b0c846209fca88b&amp;quality=70&amp;focal=2604%2C1295&amp;width=428&amp;height=241 428w, https:\/\/www.goettinger-tageblatt.de\/resizer\/v2\/OIM4MSVK4VD2XOEMRBA6CVU5TU.jpg?auth=204ee481326211a11c86e9c8598efdbb252f913c9b6069b57b0c846209fca88b&amp;quality=70&amp;focal=2604%2C1295&amp;width=642&amp;height=361 642w\" media=\"(max-width: 428px)\" sizes=\"(min-width: 0px) 428px\" \/><source srcset=\"https:\/\/www.goettinger-tageblatt.de\/resizer\/v2\/OIM4MSVK4VD2XOEMRBA6CVU5TU.jpg?auth=204ee481326211a11c86e9c8598efdbb252f913c9b6069b57b0c846209fca88b&amp;quality=70&amp;focal=2604%2C1295&amp;width=539&amp;height=303 539w, https:\/\/www.goettinger-tageblatt.de\/resizer\/v2\/OIM4MSVK4VD2XOEMRBA6CVU5TU.jpg?auth=204ee481326211a11c86e9c8598efdbb252f913c9b6069b57b0c846209fca88b&amp;quality=70&amp;focal=2604%2C1295&amp;width=809&amp;height=455 809w\" media=\"(min-width: 429px) and (max-width: 539px)\" sizes=\"(min-width: 429px) 539px\" \/><source srcset=\"https:\/\/www.goettinger-tageblatt.de\/resizer\/v2\/OIM4MSVK4VD2XOEMRBA6CVU5TU.jpg?auth=204ee481326211a11c86e9c8598efdbb252f913c9b6069b57b0c846209fca88b&amp;quality=70&amp;focal=2604%2C1295&amp;width=767&amp;height=431 767w, https:\/\/www.goettinger-tageblatt.de\/resizer\/v2\/OIM4MSVK4VD2XOEMRBA6CVU5TU.jpg?auth=204ee481326211a11c86e9c8598efdbb252f913c9b6069b57b0c846209fca88b&amp;quality=70&amp;focal=2604%2C1295&amp;width=1151&amp;height=647 1151w\" media=\"(min-width: 540px) and (max-width: 767px)\" sizes=\"(min-width: 540px) 767px\" \/><source srcset=\"https:\/\/www.goettinger-tageblatt.de\/resizer\/v2\/OIM4MSVK4VD2XOEMRBA6CVU5TU.jpg?auth=204ee481326211a11c86e9c8598efdbb252f913c9b6069b57b0c846209fca88b&amp;quality=70&amp;focal=2604%2C1295&amp;width=928&amp;height=522 928w, https:\/\/www.goettinger-tageblatt.de\/resizer\/v2\/OIM4MSVK4VD2XOEMRBA6CVU5TU.jpg?auth=204ee481326211a11c86e9c8598efdbb252f913c9b6069b57b0c846209fca88b&amp;quality=70&amp;focal=2604%2C1295&amp;width=1392&amp;height=783 1392w\" media=\"(min-width: 768px) and (max-width: 1008px)\" sizes=\"(min-width: 768px) 928px\" \/><source srcset=\"https:\/\/www.goettinger-tageblatt.de\/resizer\/v2\/OIM4MSVK4VD2XOEMRBA6CVU5TU.jpg?auth=204ee481326211a11c86e9c8598efdbb252f913c9b6069b57b0c846209fca88b&amp;quality=70&amp;focal=2604%2C1295&amp;width=596&amp;height=335 596w, https:\/\/www.goettinger-tageblatt.de\/resizer\/v2\/OIM4MSVK4VD2XOEMRBA6CVU5TU.jpg?auth=204ee481326211a11c86e9c8598efdbb252f913c9b6069b57b0c846209fca88b&amp;quality=70&amp;focal=2604%2C1295&amp;width=894&amp;height=503 894w\" media=\"(min-width: 1009px)\" sizes=\"(min-width: 1009px) 596px\" \/><img loading=\"lazy\" decoding=\"async\" src=\"https:\/\/www.goettinger-tageblatt.de\/resizer\/v2\/OIM4MSVK4VD2XOEMRBA6CVU5TU.jpg?auth=204ee481326211a11c86e9c8598efdbb252f913c9b6069b57b0c846209fca88b&amp;quality=70&amp;focal=2604%2C1295&amp;width=428&amp;height=241\" alt=\"Der Mittagstisch von St. Michael an der Turmstra\u00dfe hat immer mehr G\u00e4ste, die zum Essen kommen. Essensausgabe mit Marion Marx.\" width=\"428\" height=\"241\" \/><\/picture><\/div>\n<label class=\"Buttonstyled__Button-sc-1iuadho-1 iWKMA-D ArticleImagestyled__ArticleImageButton-sc-11hkcjt-1 ArticleImagestyled__ArticleImageOpenButton-sc-11hkcjt-2 jlELPe givyM\" for=\"article-header-image-description-toggle-OIM4MSVK4VD2XOEMRBA6CVU5TU\"><\/label><\/div>\n<\/div>\n<div class=\"ActionBarstyled__ActionBar-sc-1aef92b-0 hQDXYo\">\u00a0<\/div>\n<div class=\"ActionBarstyled__ActionBar-sc-1aef92b-0 hQDXYo\">\u00a0<\/div>\n<div class=\"ArticleHeadstyled__ArticleTeaserContainer-sc-tdzyy5-3\">\n<p class=\"Textstyled__Text-sc-1cqv9mi-0 gqSIEH ArticleHeadstyled__ArticleSubHeadline-sc-tdzyy5-11 ciaxSo\">Sie verteilen bis zu 120 Essen pro Tag: Der F\u00f6rderverein Mittagstisch St. Michael in G\u00f6ttingen sucht h\u00e4nderingend nach neuen ehrenamtlichen Helferinnen und Helfern. Mitglieder erkl\u00e4ren, welche Sorgen die Bed\u00fcrftigen haben &#8211; und warum eben nicht nur Alkoholiker und Drogenabh\u00e4ngige das Angebot in Anspruch nehmen.<\/p>\n<h3>&#8230;<\/h3>\n<\/div>\n<\/div>\n<\/blockquote>\n<\/div>\n<\/div>\n<\/div>\n<\/div>\n<\/div>\n\n\n<p><\/p>\n","protected":false},"excerpt":{"rendered":"<p>(Quelle: https:\/\/www.goettinger-tageblatt.de\/lokales\/goettingen-lk\/goettingen\/mittagstisch-st-michael-goettingen-sucht-helfer-immer-mehr-menschen-kommen-zur-essensausgabe-in-der-EVYL3ZCMIVCKDEHAN5HELEJ6KI.html? Der Mittagstisch St. Michael braucht Unterst\u00fctzung. Es werden Menschen gesucht, die dort mithelfen k\u00f6nnen. Zurzeit werden t\u00e4glich bis zu 120 Mahlzeiten ben\u00f6tigt. Die Kunden sind nur zu einem geringen Teil, ca. 10%, Alkohol- und Drogenabh\u00e4ngige. Der Gro\u00dfteil der Kunden sind Mittellose, Bed\u00fcrftige und auch zunehmend alte Menschen. \u00a0 Essen f\u00fcr Bed\u00fcrftige Immer mehr &#8230; <a title=\"GT: Der Mittagstisch St. Michael braucht Unterst\u00fctzung.\" class=\"read-more\" href=\"https:\/\/rt-europaallee.de\/wordpress\/2024\/10\/gt-der-mittagstisch-st-michael-braucht-unterstuetzung\/\" aria-label=\"Mehr Informationen \u00fcber GT: Der Mittagstisch St. Michael braucht Unterst\u00fctzung.\">Weiterlesen<\/a><\/p>\n","protected":false},"author":3,"featured_media":0,"comment_status":"closed","ping_status":"open","sticky":false,"template":"","format":"standard","meta":{"footnotes":""},"categories":[1],"tags":[],"class_list":["post-16397","post","type-post","status-publish","format-standard","hentry","category-allgemein"],"_links":{"self":[{"href":"https:\/\/rt-europaallee.de\/wordpress\/wp-json\/wp\/v2\/posts\/16397","targetHints":{"allow":["GET"]}}],"collection":[{"href":"https:\/\/rt-europaallee.de\/wordpress\/wp-json\/wp\/v2\/posts"}],"about":[{"href":"https:\/\/rt-europaallee.de\/wordpress\/wp-json\/wp\/v2\/types\/post"}],"author":[{"embeddable":true,"href":"https:\/\/rt-europaallee.de\/wordpress\/wp-json\/wp\/v2\/users\/3"}],"replies":[{"embeddable":true,"href":"https:\/\/rt-europaallee.de\/wordpress\/wp-json\/wp\/v2\/comments?post=16397"}],"version-history":[{"count":1,"href":"https:\/\/rt-europaallee.de\/wordpress\/wp-json\/wp\/v2\/posts\/16397\/revisions"}],"predecessor-version":[{"id":16398,"href":"https:\/\/rt-europaallee.de\/wordpress\/wp-json\/wp\/v2\/posts\/16397\/revisions\/16398"}],"wp:attachment":[{"href":"https:\/\/rt-europaallee.de\/wordpress\/wp-json\/wp\/v2\/media?parent=16397"}],"wp:term":[{"taxonomy":"category","embeddable":true,"href":"https:\/\/rt-europaallee.de\/wordpress\/wp-json\/wp\/v2\/categories?post=16397"},{"taxonomy":"post_tag","embeddable":true,"href":"https:\/\/rt-europaallee.de\/wordpress\/wp-json\/wp\/v2\/tags?post=16397"}],"curies":[{"name":"wp","href":"https:\/\/api.w.org\/{rel}","templated":true}]}}