{"id":16418,"date":"2024-10-15T22:13:13","date_gmt":"2024-10-15T20:13:13","guid":{"rendered":"http:\/\/rt-europaallee.org\/wordpress\/?p=16418"},"modified":"2024-10-15T22:13:13","modified_gmt":"2024-10-15T20:13:13","slug":"mehr-maenner-in-kitas-stadt-laedt-zum-info-und-fachtag-ein","status":"publish","type":"post","link":"https:\/\/rt-europaallee.de\/wordpress\/2024\/10\/mehr-maenner-in-kitas-stadt-laedt-zum-info-und-fachtag-ein\/","title":{"rendered":"Mehr M\u00e4nner in Kitas \u2013 Stadt l\u00e4dt zum Info- und Fachtag ein"},"content":{"rendered":"<p>(Quelle: <a href=\"https:\/\/www.goettingen.de\/portal\/meldungen\/mehr-maenner-in-kitas-stadt-laedt-zum-info-und-fachtag-ein-900003414-25480.html?rubrik=900000003\">https:\/\/www.goettingen.de\/portal\/meldungen\/mehr-maenner-in-kitas-stadt-laedt-zum-info-und-fachtag-ein-900003414-25480.html?rubrik=900000003<\/a>)<\/p>\n<blockquote>\n<div id=\"middle_center\">\n<div id=\"content\" role=\"main\">\n<div id=\"content_in\">\n<div id=\"nolis_content\">\n<div id=\"nolis_content_heading\" class=\"nolis_aktuelles_detail kontrast-bg\">\n<div class=\"fusstext fusstext_oben\"><span class=\"create\">15.10.2024<\/span><\/p>\n<div><\/div>\n<\/div>\n<h3 class=\"kontrast-bild\">Mehr M\u00e4nner in Kitas \u2013 Stadt l\u00e4dt zum Info- und Fachtag ein<\/h3>\n<div id=\"nolis_content_site\" class=\"nolis_content_site\">\n<p class=\"anreisser_detail\"><strong>Wie k\u00f6nnen mehr M\u00e4nner f\u00fcr den Beruf des Erziehers gewonnen werden? Wie kann die Sorgeverantwortung auf alle Geschlechter gerecht verteilt werden? Wie kann die geschlechtsspezifische Berufsorientierung durchbrochen werden? Wie kann Vorbehalten gegen\u00fcber m\u00e4nnlichen Fachkr\u00e4ften seitens des Teams oder der Eltern wirkungsvoll begegnet werden? Diese und weitere Fragen sowie Antworten darauf bietet der Fachtag \u201eM\u00e4nner in Kitas\u201c am Mittwoch, 23. Oktober 2024, von 13.30 bis 17.00 Uhr im Ratssaal des Neuen Rathaus G\u00f6ttingen, Hiroshimaplatz 1 \u2013 4. Die Veranstaltung richtet sich an Vertreter*innen von Kitatr\u00e4gern, fachlich und politisch Verantwortliche, P\u00e4dagog*innen in Ausbildung und Beruf sowie an alle anderen Interessierten.<\/strong><\/p>\n<div class=\"print_href print_abbr\">\n<div class=\"template template1\">\n<div class=\"platz platz1\">\n<div class=\"rahmen\">\n<div class=\"innen\">\n<h4 class=\"nolis-tiny\">Das steht auf dem Programm<\/h4>\n<p>Unter der \u00dcberschrift \u201eVielf\u00e4ltige Kita-Teams &#8211; und was M\u00e4nner dazu beitragen k\u00f6nnen\u201c gibt Dr. Tim Rohrmann (Studiengangsleiter f\u00fcr Kindheitsp\u00e4dagogik an der HAWK Hildesheim) einen \u00dcberblick \u00fcber die Entwicklungen der letzten zwanzig Jahre. Er wirft einen Blick \u00fcber den Tellerrand auf die Situation in anderen L\u00e4ndern und fragt danach, welche Bedeutung Arbeitskreise f\u00fcr m\u00e4nnliche Fachkr\u00e4fte heute f\u00fcr die Weiterentwicklung von Vielfalt haben k\u00f6nnen.<\/p>\n<p>Zum Thema \u201eMehr Care-Arbeit im M\u00e4nnerleben \u2013 bringt das was?\u201c referiert Marc G\u00e4rtner (Sozial- und Kulturwissenschaftler, Experte f\u00fcr internationale Gleichstellungspolitik beim Bundesforum M\u00e4nner in Berlin). Er befasst sich mit den Fragen: Was macht Care-Arbeit aus? Welche Bem\u00fchungen gibt es, den M\u00e4nneranteil zu erh\u00f6hen? Mit welchen Argumenten wird dies versucht und mitwelchen Effekten? Der Blick \u00fcber den deutschen Tellerrand soll helfen, das Konzept der \u201ecaring masculinities\u201c besser zu verstehen.<\/p>\n<p>Bei dem anschlie\u00dfenden Get together k\u00f6nnen Statements zu dem Thema bei einer Fotoaktion verewig werden.<\/p>\n<h4 class=\"nolis-tiny\">Anmeldung und Geb\u00fchren<\/h4>\n<p>Interessierte melden sich bitte online unter unter www.vnb-goettingen.de f\u00fcr die Veranstaltung an.<\/p>\n<p>Organisiert wird die Veranstaltung vom dem Gleichstellungsb\u00fcro und dem Fachbereich Jugend der Stadt G\u00f6ttingen, dem Verein Nieders\u00e4chsischer Bildungsinitiativen G\u00f6ttingen e.V., dem Kinderhaus e.V., der AWO und dem Evangelische Kinder-Tagesst\u00e4tten-Verband.<\/p>\n<\/div>\n<\/div>\n<\/div>\n<\/div>\n<\/div>\n<\/div>\n<\/div>\n<\/div>\n<\/div>\n<\/div>\n<\/div>\n<\/blockquote>\n","protected":false},"excerpt":{"rendered":"<p>(Quelle: https:\/\/www.goettingen.de\/portal\/meldungen\/mehr-maenner-in-kitas-stadt-laedt-zum-info-und-fachtag-ein-900003414-25480.html?rubrik=900000003) 15.10.2024 Mehr M\u00e4nner in Kitas \u2013 Stadt l\u00e4dt zum Info- und Fachtag ein Wie k\u00f6nnen mehr M\u00e4nner f\u00fcr den Beruf des Erziehers gewonnen werden? Wie kann die Sorgeverantwortung auf alle Geschlechter gerecht verteilt werden? Wie kann die geschlechtsspezifische Berufsorientierung durchbrochen werden? Wie kann Vorbehalten gegen\u00fcber m\u00e4nnlichen Fachkr\u00e4ften seitens des Teams oder der Eltern &#8230; <a title=\"Mehr M\u00e4nner in Kitas \u2013 Stadt l\u00e4dt zum Info- und Fachtag ein\" class=\"read-more\" href=\"https:\/\/rt-europaallee.de\/wordpress\/2024\/10\/mehr-maenner-in-kitas-stadt-laedt-zum-info-und-fachtag-ein\/\" aria-label=\"Mehr Informationen \u00fcber Mehr M\u00e4nner in Kitas \u2013 Stadt l\u00e4dt zum Info- und Fachtag ein\">Weiterlesen<\/a><\/p>\n","protected":false},"author":3,"featured_media":0,"comment_status":"closed","ping_status":"open","sticky":false,"template":"","format":"standard","meta":{"footnotes":""},"categories":[1],"tags":[],"class_list":["post-16418","post","type-post","status-publish","format-standard","hentry","category-allgemein"],"_links":{"self":[{"href":"https:\/\/rt-europaallee.de\/wordpress\/wp-json\/wp\/v2\/posts\/16418","targetHints":{"allow":["GET"]}}],"collection":[{"href":"https:\/\/rt-europaallee.de\/wordpress\/wp-json\/wp\/v2\/posts"}],"about":[{"href":"https:\/\/rt-europaallee.de\/wordpress\/wp-json\/wp\/v2\/types\/post"}],"author":[{"embeddable":true,"href":"https:\/\/rt-europaallee.de\/wordpress\/wp-json\/wp\/v2\/users\/3"}],"replies":[{"embeddable":true,"href":"https:\/\/rt-europaallee.de\/wordpress\/wp-json\/wp\/v2\/comments?post=16418"}],"version-history":[{"count":1,"href":"https:\/\/rt-europaallee.de\/wordpress\/wp-json\/wp\/v2\/posts\/16418\/revisions"}],"predecessor-version":[{"id":16419,"href":"https:\/\/rt-europaallee.de\/wordpress\/wp-json\/wp\/v2\/posts\/16418\/revisions\/16419"}],"wp:attachment":[{"href":"https:\/\/rt-europaallee.de\/wordpress\/wp-json\/wp\/v2\/media?parent=16418"}],"wp:term":[{"taxonomy":"category","embeddable":true,"href":"https:\/\/rt-europaallee.de\/wordpress\/wp-json\/wp\/v2\/categories?post=16418"},{"taxonomy":"post_tag","embeddable":true,"href":"https:\/\/rt-europaallee.de\/wordpress\/wp-json\/wp\/v2\/tags?post=16418"}],"curies":[{"name":"wp","href":"https:\/\/api.w.org\/{rel}","templated":true}]}}