{"id":16424,"date":"2024-10-15T23:16:52","date_gmt":"2024-10-15T21:16:52","guid":{"rendered":"http:\/\/rt-europaallee.org\/wordpress\/?p=16424"},"modified":"2024-10-15T23:16:52","modified_gmt":"2024-10-15T21:16:52","slug":"stadt-goettingen-31-oktober-abweichende-oeffnungszeiten-am-reformationstag","status":"publish","type":"post","link":"https:\/\/rt-europaallee.de\/wordpress\/2024\/10\/stadt-goettingen-31-oktober-abweichende-oeffnungszeiten-am-reformationstag\/","title":{"rendered":"Stadt G\u00f6ttingen: 31. Oktober: Abweichende \u00d6ffnungszeiten am Reformationstag"},"content":{"rendered":"<p>(Quelle: <a href=\"https:\/\/www.goettingen.de\/portal\/meldungen\/31-oktober-abweichende-oeffnungszeiten-am-reformationstag-900003412-25480.html?rubrik=900000002\">https:\/\/www.goettingen.de\/portal\/meldungen\/31-oktober-abweichende-oeffnungszeiten-am-reformationstag-900003412-25480.html?rubrik=900000002<\/a>)<\/p>\n<blockquote>\n<div class=\"fusstext fusstext_oben\"><span class=\"create\">15.10.2024<\/span><\/p>\n<div><\/div>\n<\/div>\n<h2 class=\"kontrast-bild\">31. Oktober: Abweichende \u00d6ffnungszeiten am Reformationstag<\/h2>\n<div id=\"nolis_content_site\" class=\"nolis_content_site\">\n<p class=\"anreisser_detail\"><strong>Am Reformationstag am Donnerstag, 31. Oktober 2024, bleiben das Neue Rathaus und andere Dienststellen und Einrichtungen der Stadt geschlossen.<\/strong><\/p>\n<div class=\"print_href print_abbr\">\n<div class=\"template template1\">\n<div class=\"platz platz1\">\n<div class=\"rahmen\">\n<div class=\"innen\">\n<p>Das Alte Rathaus und die aktuelle Ausstellung sowie das St\u00e4dtische Museum am Ritterplan und die Stadtbibliothek in der Gotmarstra\u00dfe bleiben ebenfalls an diesem Feiertag geschlossen.<\/p>\n<p>Die Tourist-Information am Markt ist am Reformationstag von 10.00 bis 13.00 Uhr ge\u00f6ffnet.<\/p>\n<p>Die Abholtermine der Abfallentsorgung verschieben sich jeweils um einen Tag; also von Donnerstag, 31. Oktober 2024, auf Freitag, 1. November 2024, und von Freitag auf Samstag, 2. November 2024.<\/p>\n<\/div>\n<\/div>\n<\/div>\n<\/div>\n<\/div>\n<\/div>\n<\/blockquote>\n","protected":false},"excerpt":{"rendered":"<p>(Quelle: https:\/\/www.goettingen.de\/portal\/meldungen\/31-oktober-abweichende-oeffnungszeiten-am-reformationstag-900003412-25480.html?rubrik=900000002) 15.10.2024 31. Oktober: Abweichende \u00d6ffnungszeiten am Reformationstag Am Reformationstag am Donnerstag, 31. Oktober 2024, bleiben das Neue Rathaus und andere Dienststellen und Einrichtungen der Stadt geschlossen. Das Alte Rathaus und die aktuelle Ausstellung sowie das St\u00e4dtische Museum am Ritterplan und die Stadtbibliothek in der Gotmarstra\u00dfe bleiben ebenfalls an diesem Feiertag geschlossen. Die Tourist-Information &#8230; <a title=\"Stadt G\u00f6ttingen: 31. Oktober: Abweichende \u00d6ffnungszeiten am Reformationstag\" class=\"read-more\" href=\"https:\/\/rt-europaallee.de\/wordpress\/2024\/10\/stadt-goettingen-31-oktober-abweichende-oeffnungszeiten-am-reformationstag\/\" aria-label=\"Mehr Informationen \u00fcber Stadt G\u00f6ttingen: 31. Oktober: Abweichende \u00d6ffnungszeiten am Reformationstag\">Weiterlesen<\/a><\/p>\n","protected":false},"author":3,"featured_media":0,"comment_status":"closed","ping_status":"open","sticky":false,"template":"","format":"standard","meta":{"footnotes":""},"categories":[1],"tags":[],"class_list":["post-16424","post","type-post","status-publish","format-standard","hentry","category-allgemein"],"_links":{"self":[{"href":"https:\/\/rt-europaallee.de\/wordpress\/wp-json\/wp\/v2\/posts\/16424","targetHints":{"allow":["GET"]}}],"collection":[{"href":"https:\/\/rt-europaallee.de\/wordpress\/wp-json\/wp\/v2\/posts"}],"about":[{"href":"https:\/\/rt-europaallee.de\/wordpress\/wp-json\/wp\/v2\/types\/post"}],"author":[{"embeddable":true,"href":"https:\/\/rt-europaallee.de\/wordpress\/wp-json\/wp\/v2\/users\/3"}],"replies":[{"embeddable":true,"href":"https:\/\/rt-europaallee.de\/wordpress\/wp-json\/wp\/v2\/comments?post=16424"}],"version-history":[{"count":1,"href":"https:\/\/rt-europaallee.de\/wordpress\/wp-json\/wp\/v2\/posts\/16424\/revisions"}],"predecessor-version":[{"id":16425,"href":"https:\/\/rt-europaallee.de\/wordpress\/wp-json\/wp\/v2\/posts\/16424\/revisions\/16425"}],"wp:attachment":[{"href":"https:\/\/rt-europaallee.de\/wordpress\/wp-json\/wp\/v2\/media?parent=16424"}],"wp:term":[{"taxonomy":"category","embeddable":true,"href":"https:\/\/rt-europaallee.de\/wordpress\/wp-json\/wp\/v2\/categories?post=16424"},{"taxonomy":"post_tag","embeddable":true,"href":"https:\/\/rt-europaallee.de\/wordpress\/wp-json\/wp\/v2\/tags?post=16424"}],"curies":[{"name":"wp","href":"https:\/\/api.w.org\/{rel}","templated":true}]}}