{"id":16448,"date":"2024-10-20T02:32:19","date_gmt":"2024-10-20T00:32:19","guid":{"rendered":"http:\/\/rt-europaallee.org\/wordpress\/?p=16448"},"modified":"2024-10-20T02:32:19","modified_gmt":"2024-10-20T00:32:19","slug":"begegnungsgarten-holtenser-berg-verdopplungsaktion-der-sparkasse-neuigkeiten-auf-betterplace-org","status":"publish","type":"post","link":"https:\/\/rt-europaallee.de\/wordpress\/2024\/10\/begegnungsgarten-holtenser-berg-verdopplungsaktion-der-sparkasse-neuigkeiten-auf-betterplace-org\/","title":{"rendered":"Begegnungsgarten Holtenser Berg: Verdopplungsaktion der Sparkasse \u2013 Neuigkeiten auf betterplace.org"},"content":{"rendered":"<p>E-Mail von:<br \/>\nNachbarschaftsverein Holtenser Berg e.V. | Heike Hennies &lt;<a href=\"mailto:no-reply@betterplace.org\">no-reply@betterplace.org<\/a>&gt;<\/p>\n<blockquote>\n<table border=\"0\" width=\"100%\" cellspacing=\"0\" cellpadding=\"0\" bgcolor=\"#60B2A4\">\n<tbody>\n<tr>\n<td class=\"text-block\" align=\"center\" valign=\"top\">\n<table class=\"container main-container\" border=\"0\" width=\"640\" cellspacing=\"0\" cellpadding=\"0\">\n<tbody>\n<tr>\n<td>\n<table align=\"center\">\n<tbody>\n<tr>\n<td class=\"container-padding content header-container\" align=\"center\">\n<table class=\"force-row\" border=\"0\" width=\"230\" cellspacing=\"0\" cellpadding=\"0\" align=\"left\">\n<tbody>\n<tr>\n<td class=\"col center-mobile\" valign=\"center\" height=\"48\">\n<table border=\"0\" cellspacing=\"0\" cellpadding=\"0\">\n<tbody>\n<tr>\n<td><a href=\"https:\/\/betterplace.org\/de\"><img decoding=\"async\" src=\"https:\/\/betterplace-assets.betterplace.org\/static-images\/mailing\/layout_logo_black.png\" alt=\"betterplace.org\" width=\"150\" \/><\/a><\/td>\n<\/tr>\n<\/tbody>\n<\/table>\n<\/td>\n<\/tr>\n<\/tbody>\n<\/table>\n<table class=\"force-row\" border=\"0\" width=\"330\" cellspacing=\"0\" cellpadding=\"0\" align=\"left\">\n<tbody>\n<tr>\n<td class=\"col center-mobile\" valign=\"center\">\n<table border=\"0\" cellspacing=\"0\" cellpadding=\"0\">\n<tbody>\n<tr>\n<td><a href=\"https:\/\/www.betterplace.org\/de\/projects\/113158-begegnungsgarten-holtenser-berg-menschen-pflanzen-begegnungen?utm_campaign=nl-pr&amp;utm_medium=header.platform_organisation_url&amp;utm_source=pr-nl-113158\">Begegnungsgarten Holtenser Berg &#8211; Menschen. Pflanzen. Begegnungen.<\/a><\/td>\n<\/tr>\n<\/tbody>\n<\/table>\n<\/td>\n<\/tr>\n<\/tbody>\n<\/table>\n<table class=\"container\" width=\"552\" cellspacing=\"0\" cellpadding=\"0\" align=\"center\">\n<tbody>\n<tr>\n<td class=\"container-padding content\" align=\"center\"><\/td>\n<\/tr>\n<\/tbody>\n<\/table>\n<\/td>\n<\/tr>\n<\/tbody>\n<\/table>\n<\/td>\n<\/tr>\n<tr>\n<td class=\"container-padding content\">\n<div class=\"body-text\"><img decoding=\"async\" src=\"https:\/\/betterplace-assets.betterplace.org\/uploads\/client_platforms\/config\/banner\/000\/000\/125\/client-banner-620x140.png\" alt=\"Hier hast du gespendet: \u201eWirWunder G\u00f6ttingen\u201c\" \/><\/p>\n<\/div>\n<\/td>\n<\/tr>\n<tr>\n<td class=\"container-padding content\">\n<div class=\"body-text\">\n<\/div>\n<\/td>\n<\/tr>\n<tr>\n<td class=\"container-padding content\">\n<div class=\"title\">Verdopplungsaktion der Sparkasse<\/div>\n<div class=\"body-text\">\n<p>Liebe Freunde des Begegnungsgartens,<\/p>\n<p>die Sparkasse G\u00f6ttingen m\u00f6chte uns im Rahmen des 100. Weltspartages wieder mit einer <strong>Verdopplungsaktion <\/strong>f\u00f6rdern.\u00a0 Die Aktion l\u00e4uft dieses Mal vom <strong>28.10. bis 01.11.2024<\/strong>. Jede Einzelspende bis 50 \u20ac in diesem Zeitraum wird von der Sparkasse verdoppelt.<\/p>\n<p>Dieses Mal haben wir zwei Anliegen: einmal ein <strong>Tauschregal <\/strong>f\u00fcr Pflanzen\/Gem\u00fcse und einen <strong>Weihnachtsbaum <\/strong>f\u00fcr die Ladenpassage.<br \/>\n<strong>Tauschregal<\/strong>:<br \/>\nManchmal haben wir oder andere zuviel Gem\u00fcse geerntet oder Pflanzen \u00fcbrig. Daf\u00fcr m\u00f6chten wir ein Regal vor dem Garten aufstellen, das als Tauschplatz dient \u2013 idealerweise \u00fcberdacht, um die Pflanzen zu sch\u00fctzen.<br \/>\n<strong>Weihnachtsbaum<\/strong>:<br \/>\nDieses Jahr stellt der Begegnungsgarten den gro\u00dfen Weihnachtsbaum f\u00fcr die Ladenpassage auf dem Holtenser Berg. Geschm\u00fcckt wird er regelm\u00e4\u00dfig vom Kindergarten und bietet einen weihnachtlichen Blickfang.<\/p>\n<p>Unterst\u00fctze uns mit einer Spende, um diese Projekte zu realisieren und unsere Gemeinschaft zu st\u00e4rken!<br \/>\nHier der WirWunder-Spendenlink: <strong><a href=\"https:\/\/wirwunder.de\/projects\/113158\">https:\/\/wirwunder.de\/projects\/113158<\/a><\/strong><br \/>\nViele Gr\u00fc\u00dfe und vielleicht bis bald im Garten!<br \/>\nHeike<\/p>\n<\/div>\n<\/td>\n<\/tr>\n<tr>\n<td class=\"container-padding content\" align=\"left\">\n<table class=\"container\" width=\"552\" cellspacing=\"0\" cellpadding=\"0\" align=\"center\">\n<tbody>\n<tr>\n<td class=\"container-padding content\" align=\"center\"><\/td>\n<\/tr>\n<\/tbody>\n<\/table>\n<table class=\"force-row\" border=\"0\" width=\"640\" cellspacing=\"0\" cellpadding=\"0\">\n<tbody>\n<tr>\n<td class=\"cols-wrapper\">\n<table class=\"force-row\" border=\"0\" width=\"142\" cellspacing=\"0\" cellpadding=\"0\" align=\"left\">\n<tbody>\n<tr>\n<td class=\"col\" align=\"center\" valign=\"top\">\n<table class=\"img-wrapper\" border=\"0\" cellspacing=\"0\" cellpadding=\"0\">\n<tbody>\n<tr>\n<td><img loading=\"lazy\" decoding=\"async\" class=\"image\" src=\"https:\/\/betterplace-assets.betterplace.org\/assets\/default\/user_profile_picture\/default-2aa1f5cc3d8ab658870587fb6ed9e853e61c01f118148117c28db6a0f54561bd.svg\" alt=\"\" width=\"100\" height=\"100\" border=\"0\" hspace=\"0\" vspace=\"0\" \/><\/td>\n<\/tr>\n<\/tbody>\n<\/table>\n<\/td>\n<\/tr>\n<\/tbody>\n<\/table>\n<table class=\"force-row\" border=\"0\" width=\"292\" cellspacing=\"0\" cellpadding=\"0\" align=\"left\">\n<tbody>\n<tr>\n<td class=\"col\" valign=\"top\">\n<div class=\"col-copy center-mobile\">Viele Gr\u00fc\u00dfe<br \/>\n<strong>Heike Hennies<\/strong><br \/>\n<a href=\"https:\/\/www.betterplace.org\/de\/projects\/113158-begegnungsgarten-holtenser-berg-menschen-pflanzen-begegnungen?utm_campaign=nl-pr&amp;utm_medium=greeting-link&amp;utm_source=pr-nl-113158\"><strong>Begegnungsgarten Holtenser Berg &#8211; Menschen. Pflanzen. Begegnungen.<\/strong><\/a><\/div>\n<\/td>\n<\/tr>\n<\/tbody>\n<\/table>\n<table class=\"force-row\" border=\"0\" width=\"142\" cellspacing=\"0\" cellpadding=\"0\" align=\"left\">\n<tbody>\n<tr>\n<td class=\"col\" align=\"center\" valign=\"top\">\n<table class=\"img-wrapper\" border=\"0\" cellspacing=\"0\" cellpadding=\"0\">\n<tbody>\n<tr>\n<td><img loading=\"lazy\" decoding=\"async\" class=\"image\" src=\"https:\/\/betterplace-assets.betterplace.org\/uploads\/organisation\/profile_picture\/000\/052\/529\/fill_100x100_bp1662117371_logo-nbzneu.jpg\" alt=\"Nachbarschaftsverein Holtenser Berg e.V. \" width=\"100\" height=\"100\" border=\"0\" hspace=\"0\" vspace=\"0\" \/><\/td>\n<\/tr>\n<\/tbody>\n<\/table>\n<\/td>\n<\/tr>\n<\/tbody>\n<\/table>\n<\/td>\n<\/tr>\n<\/tbody>\n<\/table>\n<\/td>\n<\/tr>\n<tr class=\"container-padding content\" align=\"center\">\n<td>\nHilf mit, diese Neuigkeit zu verbreiten:<\/p>\n<p><strong>Leite diese E-Mail an Freunde weiter!<\/strong><\/td>\n<\/tr>\n<tr class=\"container-padding content\" align=\"center\">\n<td>\n<table border=\"0\" width=\"58\" cellspacing=\"0\" cellpadding=\"0\" align=\"center\">\n<tbody>\n<tr>\n<td class=\"col\" align=\"right\" valign=\"top\"><a href=\"https:\/\/www.facebook.com\/sharer\/sharer.php?u=https%3A%2F%2Fwww.betterplace.org%2Fde%2Fprojects%2F113158-begegnungsgarten-holtenser-berg-menschen-pflanzen-begegnungen%2Fnews%2F320296\"><img loading=\"lazy\" decoding=\"async\" src=\"https:\/\/betterplace-assets.betterplace.org\/assets\/logos\/icon_socialmedia-fb-0eb022eb585091cf0aade53941330a1fec23983dd5ce0520da4eb33e99045121.png\" alt=\"Facebook\" width=\"24\" height=\"24\" \/><\/a><\/td>\n<td class=\"col\" align=\"left\" valign=\"top\"><a href=\"https:\/\/twitter.com\/share?url=https%3A%2F%2Fwww.betterplace.org%2Fde%2Fprojects%2F113158-begegnungsgarten-holtenser-berg-menschen-pflanzen-begegnungen%2Fnews%2F320296\"><img loading=\"lazy\" decoding=\"async\" src=\"https:\/\/betterplace-assets.betterplace.org\/assets\/logos\/icon_socialmedia-twitter-63a8f2380027e5ecba662effc72f277d50c912566ca9c266a4ed00b709e01f55.png\" alt=\"Twitter\" width=\"24\" height=\"24\" \/><\/a><\/td>\n<\/tr>\n<\/tbody>\n<\/table>\n<\/td>\n<\/tr>\n<tr class=\"container-padding content\" align=\"center\">\n<td>\nDu erh\u00e4ltst diese Neuigkeit, weil du auf <a href=\"https:\/\/www.betterplace.org\/de\">betterplace.org<\/a> f\u00fcr dieses Projekt gespendet hast.<\/p>\n<p><a href=\"https:\/\/www.betterplace.org\/de\/mailing\/tokens\/PX_ojDEN-7eyuc2Y_1Zs\/subscriptions\/2843213\/unsubscribe?utm_campaign=nl-pr&amp;utm_medium=unsubscribe-link&amp;utm_source=pr-nl-113158\">Projektneuigkeiten abbestellen<\/a><\/td>\n<\/tr>\n<\/tbody>\n<\/table>\n<\/td>\n<\/tr>\n<\/tbody>\n<\/table>\n<p>Nachbarschaftsverein Holtenser Berg e.V. | Heike Hennies &lt;no-reply@betterplace.org&gt;<\/p>\n<table border=\"0\" width=\"100%\" cellspacing=\"0\" cellpadding=\"0\" bgcolor=\"#60B2A4\">\n<tbody>\n<tr>\n<td align=\"center\" valign=\"top\" bgcolor=\"#60B2A4\">\n<table class=\"container\" border=\"0\" width=\"600\" cellspacing=\"0\" cellpadding=\"0\">\n<tbody>\n<tr>\n<td class=\"container-padding footer-text\" align=\"left\"><a href=\"https:\/\/www.betterplace.org\/c\/kontakt?utm_campaign=nl-pr&amp;utm_medium=header.imprint_url&amp;utm_source=pr-nl-113158\">Impressum<\/a>: <a href=\"https:\/\/www.gut.org\">gut.org<\/a> gemeinn\u00fctzige Aktiengesellschaft, <a href=\"https:\/\/www.betterplace.org\/c\/kontakt\">Schlesische Stra\u00dfe 26, 10997 Berlin<\/a><br \/>\nVorstand: Timo Kladny, Bj\u00f6rn Lampe, Felix Oldenburg (Sprecher)<br \/>\nVorsitzender des Aufsichtsrats: Till Behnke<br \/>\nRegistergericht: Amtsgericht Berlin Charlottenburg | HRB 126785 B | Sitz: Berlin<\/td>\n<\/tr>\n<\/tbody>\n<\/table>\n<\/td>\n<\/tr>\n<\/tbody>\n<\/table>\n<\/blockquote>\n","protected":false},"excerpt":{"rendered":"<p>E-Mail von: Nachbarschaftsverein Holtenser Berg e.V. | Heike Hennies &lt;no-reply@betterplace.org&gt; Begegnungsgarten Holtenser Berg &#8211; Menschen. Pflanzen. Begegnungen. Verdopplungsaktion der Sparkasse Liebe Freunde des Begegnungsgartens, die Sparkasse G\u00f6ttingen m\u00f6chte uns im Rahmen des 100. Weltspartages wieder mit einer Verdopplungsaktion f\u00f6rdern.\u00a0 Die Aktion l\u00e4uft dieses Mal vom 28.10. bis 01.11.2024. Jede Einzelspende bis 50 \u20ac in diesem &#8230; <a title=\"Begegnungsgarten Holtenser Berg: Verdopplungsaktion der Sparkasse \u2013 Neuigkeiten auf betterplace.org\" class=\"read-more\" href=\"https:\/\/rt-europaallee.de\/wordpress\/2024\/10\/begegnungsgarten-holtenser-berg-verdopplungsaktion-der-sparkasse-neuigkeiten-auf-betterplace-org\/\" aria-label=\"Mehr Informationen \u00fcber Begegnungsgarten Holtenser Berg: Verdopplungsaktion der Sparkasse \u2013 Neuigkeiten auf betterplace.org\">Weiterlesen<\/a><\/p>\n","protected":false},"author":3,"featured_media":0,"comment_status":"closed","ping_status":"open","sticky":false,"template":"","format":"standard","meta":{"footnotes":""},"categories":[1],"tags":[],"class_list":["post-16448","post","type-post","status-publish","format-standard","hentry","category-allgemein"],"_links":{"self":[{"href":"https:\/\/rt-europaallee.de\/wordpress\/wp-json\/wp\/v2\/posts\/16448","targetHints":{"allow":["GET"]}}],"collection":[{"href":"https:\/\/rt-europaallee.de\/wordpress\/wp-json\/wp\/v2\/posts"}],"about":[{"href":"https:\/\/rt-europaallee.de\/wordpress\/wp-json\/wp\/v2\/types\/post"}],"author":[{"embeddable":true,"href":"https:\/\/rt-europaallee.de\/wordpress\/wp-json\/wp\/v2\/users\/3"}],"replies":[{"embeddable":true,"href":"https:\/\/rt-europaallee.de\/wordpress\/wp-json\/wp\/v2\/comments?post=16448"}],"version-history":[{"count":1,"href":"https:\/\/rt-europaallee.de\/wordpress\/wp-json\/wp\/v2\/posts\/16448\/revisions"}],"predecessor-version":[{"id":16449,"href":"https:\/\/rt-europaallee.de\/wordpress\/wp-json\/wp\/v2\/posts\/16448\/revisions\/16449"}],"wp:attachment":[{"href":"https:\/\/rt-europaallee.de\/wordpress\/wp-json\/wp\/v2\/media?parent=16448"}],"wp:term":[{"taxonomy":"category","embeddable":true,"href":"https:\/\/rt-europaallee.de\/wordpress\/wp-json\/wp\/v2\/categories?post=16448"},{"taxonomy":"post_tag","embeddable":true,"href":"https:\/\/rt-europaallee.de\/wordpress\/wp-json\/wp\/v2\/tags?post=16448"}],"curies":[{"name":"wp","href":"https:\/\/api.w.org\/{rel}","templated":true}]}}