{"id":16453,"date":"2024-10-23T01:21:43","date_gmt":"2024-10-22T23:21:43","guid":{"rendered":"http:\/\/rt-europaallee.org\/wordpress\/?p=16453"},"modified":"2024-10-23T01:32:06","modified_gmt":"2024-10-22T23:32:06","slug":"selbsthilfe-koerperbehinderter-goettingen-e-v-die-neue-wechselseitig-jahreszeitschrift-ist-da","status":"publish","type":"post","link":"https:\/\/rt-europaallee.de\/wordpress\/2024\/10\/selbsthilfe-koerperbehinderter-goettingen-e-v-die-neue-wechselseitig-jahreszeitschrift-ist-da\/","title":{"rendered":"Selbsthilfe K\u00f6rperbehinderter G\u00f6ttingen e.V.: Die neue &#8222;Wechselseitig&#8220; &#8211; Jahreszeitschrift ist da!"},"content":{"rendered":"<p>(Quelle: <a href=\"https:\/\/www.facebook.com\/SelbsthilfeKorperbehinderterGoettingen\/posts\/pfbid02VgiWm7tcUqttSBo8cN9JiBHBtXeK63emNbkQ2u55tLSrm9xXbY14YWr5v7CxUZuYl\">https:\/\/www.facebook.com\/SelbsthilfeKorperbehinderterGoettingen\/posts\/pfbid02VgiWm7tcUqttSBo8cN9JiBHBtXeK63emNbkQ2u55tLSrm9xXbY14YWr5v7CxUZuYl<\/a>)<\/p>\n<blockquote>\n<div class=\"html-div xdj266r xat24cr x1mh8g0r xexx8yu x4uap5 x18d9i69 xkhd6sd x78zum5 x2lah0s xqtp20y x1emribx\">\n<h3 class=\"x1vqgdyp x1n2onr6 x100vrsf\"><a class=\"x1i10hfl xjbqb8w x1ejq31n xd10rxx x1sy0etr x17r0tee x972fbf xcfux6l x1qhh985 xm0m39n x9f619 x1ypdohk xt0psk2 xe8uvvx xdj266r x11i5rnm xat24cr x1mh8g0r xexx8yu x4uap5 x18d9i69 xkhd6sd x16tdsg8 x1hl2dhg xggy1nq x1a2a7pz x1sur9pj xkrqix3 xzsf02u x1s688f\" style=\"font-family: Roboto, sans-serif; font-size: 30px;\" tabindex=\"0\" role=\"link\" href=\"https:\/\/www.facebook.com\/SelbsthilfeKorperbehinderterGoettingen?__cft__[0]=AZWxqM1x__8jGiRkrfI2Z2_hwZ1O5mN2bSKZN2s3NO9J8BXG38RJQDiRxgipjSy2JBHZAcFd9v13g51IPIdH9vHg8g1bPL7SrJZRysS0i0sbs2yIue3lvmLlLlOGtaNkO5tv4pzdorrtUww_zSz-Us7o1SM8PqbwoY1MHiah7e9Y0g&amp;__tn__=-UC%2CP-R\"><strong class=\"html-strong xdj266r x11i5rnm xat24cr x1mh8g0r xexx8yu x4uap5 x18d9i69 xkhd6sd x1hl2dhg x16tdsg8 x1vvkbs x1s688f\"><span class=\"html-span xdj266r x11i5rnm xat24cr x1mh8g0r xexx8yu x4uap5 x18d9i69 xkhd6sd x1hl2dhg x16tdsg8 x1vvkbs\">Selbsthilfe K\u00f6rperbehinderter G\u00f6ttingen e.V.<\/span><\/strong><\/a><\/h3>\n<\/div>\n<div class=\"html-div xdj266r x11i5rnm xat24cr x1mh8g0r xexx8yu x4uap5 x18d9i69 xkhd6sd\" dir=\"auto\">\n<div id=\":rfl:\" class=\"x1l90r2v x1pi30zi x1swvt13 x1iorvi4\" data-ad-comet-preview=\"message\" data-ad-preview=\"message\">\n<div class=\"x78zum5 xdt5ytf xz62fqu x16ldp7u\">\n<div class=\"xu06os2 x1ok221b\">\n<div class=\"xdj266r x11i5rnm xat24cr x1mh8g0r x1vvkbs x126k92a\">\n<div dir=\"auto\">Die neue &#8222;Wechselseitig&#8220; &#8211; Jahreszeitschrift der G\u00f6ttinger Selbsthilfekontaktstelle KIBIS &#8211; ist raus. Aktuelles Thema &#8222;Depression&#8220;. Den Download dieser Ausgabe (und auch der vorherigen) findet ihr, wenn ihr den <a href=\"https:\/\/www.kibis-goettingen.de\/aktuelles\/wechselseitig.html?fbclid=IwY2xjawGFDmlleHRuA2FlbQIxMQABHQ3lImIDbNjjVcOEDRUHEYolRN9IYQA6_i9LoZDejfUTq5tc1REghe47vA_aem_qGL-Ttk3OM7LUblaF_Nk0Q\">Link<\/a> klickt.<\/div>\n<div dir=\"auto\">\u00a0<\/div>\n<div dir=\"auto\">\u00a0<\/div>\n<div dir=\"auto\"><a href=\"https:\/\/www.kibis-goettingen.de\/fileadmin\/user_upload\/WS_2024_web.pdf\"><img loading=\"lazy\" decoding=\"async\" src=\"https:\/\/www.kibis-goettingen.de\/fileadmin\/_processed_\/8\/5\/csm_WS_Cover_2024_d021327b8f.jpg\" alt=\"\" width=\"178\" height=\"250\" data-alt-override=\"true\" data-htmlarea-file-table=\"sys_file\" data-htmlarea-file-uid=\"831\" data-title-override=\"true\" \/><\/a><\/div>\n<div dir=\"auto\">\u00a0<\/div>\n<\/div>\n<\/div>\n<\/div>\n<\/div>\n<\/div>\n<\/blockquote>\n\n\n<div class=\"wp-block-buttons is-layout-flex wp-block-buttons-is-layout-flex\">\n<div class=\"wp-block-button\"><a class=\"wp-block-button__link wp-element-button\" href=\"https:\/\/www.kibis-goettingen.de\/fileadmin\/user_upload\/WS_2024_web.pdf\">Download (PDF)<\/a><\/div>\n<\/div>\n","protected":false},"excerpt":{"rendered":"<p>(Quelle: https:\/\/www.facebook.com\/SelbsthilfeKorperbehinderterGoettingen\/posts\/pfbid02VgiWm7tcUqttSBo8cN9JiBHBtXeK63emNbkQ2u55tLSrm9xXbY14YWr5v7CxUZuYl) Selbsthilfe K\u00f6rperbehinderter G\u00f6ttingen e.V. Die neue &#8222;Wechselseitig&#8220; &#8211; Jahreszeitschrift der G\u00f6ttinger Selbsthilfekontaktstelle KIBIS &#8211; ist raus. Aktuelles Thema &#8222;Depression&#8220;. Den Download dieser Ausgabe (und auch der vorherigen) findet ihr, wenn ihr den Link klickt. \u00a0 \u00a0 \u00a0<\/p>\n","protected":false},"author":3,"featured_media":0,"comment_status":"closed","ping_status":"open","sticky":false,"template":"","format":"standard","meta":{"footnotes":""},"categories":[1],"tags":[],"class_list":["post-16453","post","type-post","status-publish","format-standard","hentry","category-allgemein"],"_links":{"self":[{"href":"https:\/\/rt-europaallee.de\/wordpress\/wp-json\/wp\/v2\/posts\/16453","targetHints":{"allow":["GET"]}}],"collection":[{"href":"https:\/\/rt-europaallee.de\/wordpress\/wp-json\/wp\/v2\/posts"}],"about":[{"href":"https:\/\/rt-europaallee.de\/wordpress\/wp-json\/wp\/v2\/types\/post"}],"author":[{"embeddable":true,"href":"https:\/\/rt-europaallee.de\/wordpress\/wp-json\/wp\/v2\/users\/3"}],"replies":[{"embeddable":true,"href":"https:\/\/rt-europaallee.de\/wordpress\/wp-json\/wp\/v2\/comments?post=16453"}],"version-history":[{"count":3,"href":"https:\/\/rt-europaallee.de\/wordpress\/wp-json\/wp\/v2\/posts\/16453\/revisions"}],"predecessor-version":[{"id":16457,"href":"https:\/\/rt-europaallee.de\/wordpress\/wp-json\/wp\/v2\/posts\/16453\/revisions\/16457"}],"wp:attachment":[{"href":"https:\/\/rt-europaallee.de\/wordpress\/wp-json\/wp\/v2\/media?parent=16453"}],"wp:term":[{"taxonomy":"category","embeddable":true,"href":"https:\/\/rt-europaallee.de\/wordpress\/wp-json\/wp\/v2\/categories?post=16453"},{"taxonomy":"post_tag","embeddable":true,"href":"https:\/\/rt-europaallee.de\/wordpress\/wp-json\/wp\/v2\/tags?post=16453"}],"curies":[{"name":"wp","href":"https:\/\/api.w.org\/{rel}","templated":true}]}}