{"id":16458,"date":"2024-10-23T01:41:29","date_gmt":"2024-10-22T23:41:29","guid":{"rendered":"http:\/\/rt-europaallee.org\/wordpress\/?p=16458"},"modified":"2024-10-23T01:41:29","modified_gmt":"2024-10-22T23:41:29","slug":"hna-spezielle-angebote-wo-der-schulunterricht-zum-theater-wird","status":"publish","type":"post","link":"https:\/\/rt-europaallee.de\/wordpress\/2024\/10\/hna-spezielle-angebote-wo-der-schulunterricht-zum-theater-wird\/","title":{"rendered":"HNA: Spezielle Angebote: Wo der Schulunterricht zum Theater wird"},"content":{"rendered":"<p>(Quelle: <a href=\"https:\/\/www.hna.de\/lokales\/goettingen\/goettingen-ort28741\/spezielle-angebote-wo-der-schulunterricht-zum-theater-wird-93368553.html?fbclid=IwY2xjawGFFbNleHRuA2FlbQIxMQABHWvzd0OznEiB8bUSSTZRP9FhnUH9V6kq5O8ItiriVlv5IzqTV3KQONQYWA_aem_rE5dPWOcGAJL3_xgTeCueQ\">https:\/\/www.hna.de\/lokales\/goettingen\/goettingen-ort28741\/spezielle-angebote-wo-der-schulunterricht-zum-theater-wird-93368553.html?<\/a>)<\/p>\n<blockquote>\n<h1 class=\"id-StoryElement-headline\">Spezielle Angebote: Wo der Schulunterricht zum Theater wird<\/h1>\n<p class=\"id-Story-timestamp id-Story-timestamp--default\"><span class=\"id-Story-timestamp-content\"><span class=\"id-Story-timestamp-content-prefix\">Stand: <\/span><time datetime=\"2024-10-22 09:07\">22.10.2024, 09:07 Uhr<\/time><\/span><\/p>\n<p class=\"id-Story-authors id-Story-authors--default\"><span class=\"id-Story-authors-by\">Von: <\/span><a class=\"id-Story-authors-link lp_west_author\" title=\"Zur Autorenseite von Ute Lawrenz\" href=\"https:\/\/www.hna.de\/autoren\/3507\/\" data-id-ec=\"{&quot;shn&quot;:&quot;Story&quot;,&quot;sht&quot;:&quot;Container&quot;,&quot;p&quot;:{&quot;containerType&quot;:&quot;Authors&quot;,&quot;displayType&quot;:&quot;Story Author-Link&quot;,&quot;type&quot;:&quot;INSERTED_AUTHORS&quot;,&quot;value&quot;:&quot;Ute Lawrenz&quot;,&quot;position&quot;:&quot;1&quot;,&quot;storyElementPosition&quot;:&quot;4&quot;,&quot;storyElementCount&quot;:&quot;29&quot;}}\" data-k5a-pos=\"west_author\" data-id-em=\"1\">Ute Lawrenz<\/a><\/p>\n<figure class=\"id-StoryElement-image\">\n<div class=\"id-RatioPlaceholder\"><img loading=\"lazy\" decoding=\"async\" class=\"id-RatioPlaceholder-element wv_story_el_image\" src=\"https:\/\/www.hna.de\/assets\/images\/35\/932\/35932832-das-programm-fuer-schulen-und-kitas-praesentierten-von-links-dramaturg-christian-vilmar-anne-frank-darstellerin-samira-yasmin-mwasajone-2rfe.jpg\" sizes=\"auto, (min-width: 769px) 768px, 100vw\" srcset=\"https:\/\/www.hna.de\/assets\/images\/35\/932\/35932832-das-programm-fuer-schulen-und-kitas-praesentierten-von-links-dramaturg-christian-vilmar-anne-frank-darstellerin-samira-yasmin-mwasajone-2rb6.jpg 448w,https:\/\/www.hna.de\/assets\/images\/35\/932\/35932832-das-programm-fuer-schulen-und-kitas-praesentierten-von-links-dramaturg-christian-vilmar-anne-frank-darstellerin-samira-yasmin-mwasajone-2r70.jpg 768w,https:\/\/www.hna.de\/assets\/images\/35\/932\/35932832-das-programm-fuer-schulen-und-kitas-praesentierten-von-links-dramaturg-christian-vilmar-anne-frank-darstellerin-samira-yasmin-mwasajone-2rfe.jpg 1100w,https:\/\/www.hna.de\/assets\/images\/35\/932\/35932832-das-programm-fuer-schulen-und-kitas-praesentierten-von-links-dramaturg-christian-vilmar-anne-frank-darstellerin-samira-yasmin-mwasajone-2r7a.jpg 1408w,https:\/\/www.hna.de\/assets\/images\/35\/932\/35932832-das-programm-fuer-schulen-und-kitas-praesentierten-von-links-dramaturg-christian-vilmar-anne-frank-darstellerin-samira-yasmin-mwasajone-2rMH.jpg 1600w\" alt=\"Das Programm f\u00fcr Schulen und Kitas pr\u00e4sentierten (von links) Dramaturg Christian Vilmar, Anne-Frank-Darstellerin Samira-Yasmin Mwasajone, Theaterp\u00e4dagin Benita Dobbenstein und Ann-Kristin Schmechel f\u00fcr \u00d6ffentlichkeitsarbeit.\" width=\"1100\" height=\"619\" \/><\/div><figcaption class=\"id-StoryElement-image-caption\">Das Programm f\u00fcr Schulen und Kitas pr\u00e4sentierten (von links) Dramaturg Christian Vilmar, Anne-Frank-Darstellerin Samira-Yasmin Mwasajone, Theaterp\u00e4dagin Benita Dobbenstein und Ann-Kristin Schmechel f\u00fcr \u00d6ffentlichkeitsarbeit. \u00a9\u00a0Ute Lawrenz<\/figcaption><\/figure>\n<p class=\"id-StoryElement-leadText\">Das Junge Theater in G\u00f6ttingen stellt eine Brosch\u00fcre f\u00fcr Schulen und Kitas vor. Darin gibt es spezielle Angebote f\u00fcr Kinder und Jugendliche.<\/p>\n<p class=\"id-StoryElement-paragraph\">G\u00f6ttingen \u2013 Das \u201eJunge Theater macht Schule\u201c \u2013 nun steht die Brosch\u00fcre zum Angebot f\u00fcr Schulen und Kindertagesst\u00e4tten parat.<\/p>\n<p>Mit dem handlichen Heft k\u00f6nnen sich Lehrer und Erzieher einen \u00dcberblick \u00fcber das Programm f\u00fcr alle Altersklassen des <a class=\"id-import-Link\" href=\"https:\/\/www.hna.de\/lokales\/goettingen\/\" target=\"_blank\" rel=\"nofollow noopener\" data-id-ec=\"{&quot;sht&quot;:&quot;Container&quot;,&quot;shn&quot;:&quot;Story&quot;,&quot;p&quot;:{&quot;containerType&quot;:&quot;Paragraph&quot;,&quot;displayType&quot;:&quot;Paragraph InlineLink&quot;,&quot;type&quot;:&quot;INLINE_LINK&quot;,&quot;value&quot;:&quot;G\u00f6ttinger&quot;,&quot;variant&quot;:&quot;standardLink&quot;,&quot;sponsored&quot;:false,&quot;linkHref&quot;:&quot;https:\/\/www.hna.de\/lokales\/goettingen\/&quot;,&quot;storyElementPosition&quot;:11,&quot;storyElementCount&quot;:29}}\" data-id-em=\"1\">G\u00f6ttinger<\/a> Theaters verschaffen.<\/p>\n<h3>&#8230;<\/h3>\n<\/blockquote>\n","protected":false},"excerpt":{"rendered":"<p>(Quelle: https:\/\/www.hna.de\/lokales\/goettingen\/goettingen-ort28741\/spezielle-angebote-wo-der-schulunterricht-zum-theater-wird-93368553.html?) Spezielle Angebote: Wo der Schulunterricht zum Theater wird Stand: 22.10.2024, 09:07 Uhr Von: Ute Lawrenz Das Programm f\u00fcr Schulen und Kitas pr\u00e4sentierten (von links) Dramaturg Christian Vilmar, Anne-Frank-Darstellerin Samira-Yasmin Mwasajone, Theaterp\u00e4dagin Benita Dobbenstein und Ann-Kristin Schmechel f\u00fcr \u00d6ffentlichkeitsarbeit. \u00a9\u00a0Ute Lawrenz Das Junge Theater in G\u00f6ttingen stellt eine Brosch\u00fcre f\u00fcr Schulen und Kitas vor. &#8230; <a title=\"HNA: Spezielle Angebote: Wo der Schulunterricht zum Theater wird\" class=\"read-more\" href=\"https:\/\/rt-europaallee.de\/wordpress\/2024\/10\/hna-spezielle-angebote-wo-der-schulunterricht-zum-theater-wird\/\" aria-label=\"Mehr Informationen \u00fcber HNA: Spezielle Angebote: Wo der Schulunterricht zum Theater wird\">Weiterlesen<\/a><\/p>\n","protected":false},"author":3,"featured_media":0,"comment_status":"closed","ping_status":"open","sticky":false,"template":"","format":"standard","meta":{"footnotes":""},"categories":[1],"tags":[],"class_list":["post-16458","post","type-post","status-publish","format-standard","hentry","category-allgemein"],"_links":{"self":[{"href":"https:\/\/rt-europaallee.de\/wordpress\/wp-json\/wp\/v2\/posts\/16458","targetHints":{"allow":["GET"]}}],"collection":[{"href":"https:\/\/rt-europaallee.de\/wordpress\/wp-json\/wp\/v2\/posts"}],"about":[{"href":"https:\/\/rt-europaallee.de\/wordpress\/wp-json\/wp\/v2\/types\/post"}],"author":[{"embeddable":true,"href":"https:\/\/rt-europaallee.de\/wordpress\/wp-json\/wp\/v2\/users\/3"}],"replies":[{"embeddable":true,"href":"https:\/\/rt-europaallee.de\/wordpress\/wp-json\/wp\/v2\/comments?post=16458"}],"version-history":[{"count":1,"href":"https:\/\/rt-europaallee.de\/wordpress\/wp-json\/wp\/v2\/posts\/16458\/revisions"}],"predecessor-version":[{"id":16459,"href":"https:\/\/rt-europaallee.de\/wordpress\/wp-json\/wp\/v2\/posts\/16458\/revisions\/16459"}],"wp:attachment":[{"href":"https:\/\/rt-europaallee.de\/wordpress\/wp-json\/wp\/v2\/media?parent=16458"}],"wp:term":[{"taxonomy":"category","embeddable":true,"href":"https:\/\/rt-europaallee.de\/wordpress\/wp-json\/wp\/v2\/categories?post=16458"},{"taxonomy":"post_tag","embeddable":true,"href":"https:\/\/rt-europaallee.de\/wordpress\/wp-json\/wp\/v2\/tags?post=16458"}],"curies":[{"name":"wp","href":"https:\/\/api.w.org\/{rel}","templated":true}]}}