{"id":16487,"date":"2024-10-27T14:54:52","date_gmt":"2024-10-27T13:54:52","guid":{"rendered":"http:\/\/rt-europaallee.org\/wordpress\/?p=16487"},"modified":"2024-10-27T17:05:34","modified_gmt":"2024-10-27T16:05:34","slug":"gt-kostenfreier-artikel-goettinger-buendnis-erinnert-mit-veranstaltungsreihe-an-die-opfer-des-nationalsozialismus","status":"publish","type":"post","link":"https:\/\/rt-europaallee.de\/wordpress\/2024\/10\/gt-kostenfreier-artikel-goettinger-buendnis-erinnert-mit-veranstaltungsreihe-an-die-opfer-des-nationalsozialismus\/","title":{"rendered":"GT (kostenfreier Artikel): G\u00f6ttinger B\u00fcndnis erinnert mit Veranstaltungsreihe an die Opfer des Nationalsozialismus"},"content":{"rendered":"<p>(Quelle: <a href=\"https:\/\/www.goettinger-tageblatt.de\/lokales\/goettingen-lk\/goettingen\/goettingen-30-veranstaltungen-zum-gedenken-an-die-opfer-des-nationalsozialismus-6BB3WRH6ANCIFFVHCQBDYBI5QY.html?fbclid=IwY2xjawGLI59leHRuA2FlbQIxMQABHcc9UhxP9b3_2rh6mEM8pA2Jvjei_mO0iO-czS9ZzWs_D85iAGkEE5p1Xw_aem_DZ82wzDjcLPgwy_jr8mSHw\">https:\/\/www.goettinger-tageblatt.de\/lokales\/goettingen-lk\/goettingen\/goettingen-30-veranstaltungen-zum-gedenken-an-die-opfer-des-nationalsozialismus-6BB3WRH6ANCIFFVHCQBDYBI5QY.html?<\/a>)<\/p>\n<blockquote>\n<div class=\"Overlinestyled__Overline-sc-1jsgsl-0 gTSAvK ArticleHeadstyled__ArticleHeadContentOverline-sc-tdzyy5-5 jnTPK\">Gedenktage<\/div>\n<div class=\"ArticleHeadstyled__ArticleHeadHeadlineContainer-sc-tdzyy5-0 eurzgm\">\n<h3 class=\"Headlinestyled__Headline-sc-mamptc-0 btRDxK\" data-testid=\"headline\"><strong>G\u00f6ttinger B\u00fcndnis erinnert mit Veranstaltungsreihe an die Opfer des Nationalsozialismus<\/strong><\/h3>\n<\/div>\n<div class=\"ArticleImagestyled__ArticleImage-sc-11hkcjt-6 iTgQDH\" data-testid=\"article-header-image\">\n<div class=\"ArticleImagestyled__ArticleImageContainer-sc-11hkcjt-0 bocGwn\">\n<div class=\"Imagestyled__Container-sc-1io480m-0 iSliyu\" data-testid=\"image\"><picture><source srcset=\"https:\/\/www.goettinger-tageblatt.de\/resizer\/v2\/3O6TXK4WHHH7RVUGJWC5OGWNB4.jpg?auth=ab23e22ae34ad7db861cf93e06a74345828c18175602529f414cd3b48cfa5a6d&amp;quality=70&amp;width=428&amp;height=241&amp;smart=true 428w, https:\/\/www.goettinger-tageblatt.de\/resizer\/v2\/3O6TXK4WHHH7RVUGJWC5OGWNB4.jpg?auth=ab23e22ae34ad7db861cf93e06a74345828c18175602529f414cd3b48cfa5a6d&amp;quality=70&amp;width=642&amp;height=361&amp;smart=true 642w\" media=\"(max-width: 428px)\" sizes=\"(min-width: 0px) 428px\" \/><source srcset=\"https:\/\/www.goettinger-tageblatt.de\/resizer\/v2\/3O6TXK4WHHH7RVUGJWC5OGWNB4.jpg?auth=ab23e22ae34ad7db861cf93e06a74345828c18175602529f414cd3b48cfa5a6d&amp;quality=70&amp;width=539&amp;height=303&amp;smart=true 539w, https:\/\/www.goettinger-tageblatt.de\/resizer\/v2\/3O6TXK4WHHH7RVUGJWC5OGWNB4.jpg?auth=ab23e22ae34ad7db861cf93e06a74345828c18175602529f414cd3b48cfa5a6d&amp;quality=70&amp;width=809&amp;height=455&amp;smart=true 809w\" media=\"(min-width: 429px) and (max-width: 539px)\" sizes=\"(min-width: 429px) 539px\" \/><source srcset=\"https:\/\/www.goettinger-tageblatt.de\/resizer\/v2\/3O6TXK4WHHH7RVUGJWC5OGWNB4.jpg?auth=ab23e22ae34ad7db861cf93e06a74345828c18175602529f414cd3b48cfa5a6d&amp;quality=70&amp;width=767&amp;height=431&amp;smart=true 767w, https:\/\/www.goettinger-tageblatt.de\/resizer\/v2\/3O6TXK4WHHH7RVUGJWC5OGWNB4.jpg?auth=ab23e22ae34ad7db861cf93e06a74345828c18175602529f414cd3b48cfa5a6d&amp;quality=70&amp;width=1151&amp;height=647&amp;smart=true 1151w\" media=\"(min-width: 540px) and (max-width: 767px)\" sizes=\"(min-width: 540px) 767px\" \/><source srcset=\"https:\/\/www.goettinger-tageblatt.de\/resizer\/v2\/3O6TXK4WHHH7RVUGJWC5OGWNB4.jpg?auth=ab23e22ae34ad7db861cf93e06a74345828c18175602529f414cd3b48cfa5a6d&amp;quality=70&amp;width=928&amp;height=522&amp;smart=true 928w, https:\/\/www.goettinger-tageblatt.de\/resizer\/v2\/3O6TXK4WHHH7RVUGJWC5OGWNB4.jpg?auth=ab23e22ae34ad7db861cf93e06a74345828c18175602529f414cd3b48cfa5a6d&amp;quality=70&amp;width=1392&amp;height=783&amp;smart=true 1392w\" media=\"(min-width: 768px) and (max-width: 1008px)\" sizes=\"(min-width: 768px) 928px\" \/><source srcset=\"https:\/\/www.goettinger-tageblatt.de\/resizer\/v2\/3O6TXK4WHHH7RVUGJWC5OGWNB4.jpg?auth=ab23e22ae34ad7db861cf93e06a74345828c18175602529f414cd3b48cfa5a6d&amp;quality=70&amp;width=596&amp;height=335&amp;smart=true 596w, https:\/\/www.goettinger-tageblatt.de\/resizer\/v2\/3O6TXK4WHHH7RVUGJWC5OGWNB4.jpg?auth=ab23e22ae34ad7db861cf93e06a74345828c18175602529f414cd3b48cfa5a6d&amp;quality=70&amp;width=894&amp;height=503&amp;smart=true 894w\" media=\"(min-width: 1009px)\" sizes=\"(min-width: 1009px) 596px\" \/><img loading=\"lazy\" decoding=\"async\" src=\"https:\/\/www.goettinger-tageblatt.de\/resizer\/v2\/3O6TXK4WHHH7RVUGJWC5OGWNB4.jpg?auth=ab23e22ae34ad7db861cf93e06a74345828c18175602529f414cd3b48cfa5a6d&amp;quality=70&amp;width=428&amp;height=241&amp;smart=true\" alt=\"Am Platz der ehemaligen Synagoge an der Obere- und Untere-Masch-Stra\u00dfe in G\u00f6ttingen steht das Mahnmal zum Gedenken an die in der Stadt und im Landkreis G\u00f6ttingen ermordeten Juden.\" width=\"428\" height=\"241\" \/><\/picture><\/div>\n<\/div>\n<\/div>\n<div class=\"ActionBarstyled__ActionBar-sc-1aef92b-0 hQDXYo\"><\/div>\n<h3>Mit Lesungen, Konzerten, Theaterst\u00fccken, Vortr\u00e4gen und einem Lekt\u00fcreseminar m\u00f6chte ein G\u00f6ttinger B\u00fcndnis aus 18 Initiativen und Vereinen in diesem Winter der Opfer des Nationalsozialismus gedenken. Ein H\u00f6hepunkt ist der Besuch Katrin Himmlers, der Gro\u00dfnichte Heinrich Himmlers. Der Eintritt zu den Veranstaltungen ist kostenlos.<\/h3>\n<h3>&#8230;<\/h3>\n<p>Zum Auftakt wird am 3. November in G\u00f6ttingen eine Ausstellung \u00fcber italienische Gefangene er\u00f6ffnet, die nach dem Sturz Mussolinis im Jahr 1943 ins Deutsche Reich verschleppt wurden und in S\u00fcdniedersachsen Zwangsarbeit leisten mussten.<\/p>\n<h3>&#8230;<\/h3>\n<p class=\"Textstyled__Text-sc-1cqv9mi-0 jXnSYX\">Das vollst\u00e4ndige Programm ist online unter <a href=\"http:\/\/www.gedenken-an-die-opfer-des-nationalsozialismus.de\/\" target=\"_blank\" rel=\"noopener\">www.gedenken-an-die-opfer-des-nationalsozialismus.de<\/a> \u00b9 zu finden.<\/p>\n<p class=\"Editorialstyled__Editorial-sc-19y6nj9-0 jeeLGC\">GT\/ET<\/p>\n<\/blockquote>\n<div class=\"content-modulebox\">\n<div class=\"wrapper\">\n<h3>\u00b9 &#8222;Gedenken an die Opfer des National\u00adsozialismus<\/h3>\n<p>Eine Veranstaltungs\u00ad\u00adreihe in G\u00f6ttingen vom 3. November 2024 bis 30. Januar 2025&#8243;<\/p>\n<\/div>\n<\/div>\n","protected":false},"excerpt":{"rendered":"<p>(Quelle: https:\/\/www.goettinger-tageblatt.de\/lokales\/goettingen-lk\/goettingen\/goettingen-30-veranstaltungen-zum-gedenken-an-die-opfer-des-nationalsozialismus-6BB3WRH6ANCIFFVHCQBDYBI5QY.html?) Gedenktage G\u00f6ttinger B\u00fcndnis erinnert mit Veranstaltungsreihe an die Opfer des Nationalsozialismus Mit Lesungen, Konzerten, Theaterst\u00fccken, Vortr\u00e4gen und einem Lekt\u00fcreseminar m\u00f6chte ein G\u00f6ttinger B\u00fcndnis aus 18 Initiativen und Vereinen in diesem Winter der Opfer des Nationalsozialismus gedenken. Ein H\u00f6hepunkt ist der Besuch Katrin Himmlers, der Gro\u00dfnichte Heinrich Himmlers. Der Eintritt zu den Veranstaltungen ist &#8230; <a title=\"GT (kostenfreier Artikel): G\u00f6ttinger B\u00fcndnis erinnert mit Veranstaltungsreihe an die Opfer des Nationalsozialismus\" class=\"read-more\" href=\"https:\/\/rt-europaallee.de\/wordpress\/2024\/10\/gt-kostenfreier-artikel-goettinger-buendnis-erinnert-mit-veranstaltungsreihe-an-die-opfer-des-nationalsozialismus\/\" aria-label=\"Mehr Informationen \u00fcber GT (kostenfreier Artikel): G\u00f6ttinger B\u00fcndnis erinnert mit Veranstaltungsreihe an die Opfer des Nationalsozialismus\">Weiterlesen<\/a><\/p>\n","protected":false},"author":3,"featured_media":0,"comment_status":"closed","ping_status":"open","sticky":false,"template":"","format":"standard","meta":{"footnotes":""},"categories":[1],"tags":[],"class_list":["post-16487","post","type-post","status-publish","format-standard","hentry","category-allgemein"],"_links":{"self":[{"href":"https:\/\/rt-europaallee.de\/wordpress\/wp-json\/wp\/v2\/posts\/16487","targetHints":{"allow":["GET"]}}],"collection":[{"href":"https:\/\/rt-europaallee.de\/wordpress\/wp-json\/wp\/v2\/posts"}],"about":[{"href":"https:\/\/rt-europaallee.de\/wordpress\/wp-json\/wp\/v2\/types\/post"}],"author":[{"embeddable":true,"href":"https:\/\/rt-europaallee.de\/wordpress\/wp-json\/wp\/v2\/users\/3"}],"replies":[{"embeddable":true,"href":"https:\/\/rt-europaallee.de\/wordpress\/wp-json\/wp\/v2\/comments?post=16487"}],"version-history":[{"count":4,"href":"https:\/\/rt-europaallee.de\/wordpress\/wp-json\/wp\/v2\/posts\/16487\/revisions"}],"predecessor-version":[{"id":16495,"href":"https:\/\/rt-europaallee.de\/wordpress\/wp-json\/wp\/v2\/posts\/16487\/revisions\/16495"}],"wp:attachment":[{"href":"https:\/\/rt-europaallee.de\/wordpress\/wp-json\/wp\/v2\/media?parent=16487"}],"wp:term":[{"taxonomy":"category","embeddable":true,"href":"https:\/\/rt-europaallee.de\/wordpress\/wp-json\/wp\/v2\/categories?post=16487"},{"taxonomy":"post_tag","embeddable":true,"href":"https:\/\/rt-europaallee.de\/wordpress\/wp-json\/wp\/v2\/tags?post=16487"}],"curies":[{"name":"wp","href":"https:\/\/api.w.org\/{rel}","templated":true}]}}