{"id":16511,"date":"2024-10-30T00:16:18","date_gmt":"2024-10-29T23:16:18","guid":{"rendered":"http:\/\/rt-europaallee.org\/wordpress\/?p=16511"},"modified":"2024-10-30T00:16:18","modified_gmt":"2024-10-29T23:16:18","slug":"bonveno-newsletter-oktober-november-2024","status":"publish","type":"post","link":"https:\/\/rt-europaallee.de\/wordpress\/2024\/10\/bonveno-newsletter-oktober-november-2024\/","title":{"rendered":"Bonveno Newsletter Oktober\/ November 2024"},"content":{"rendered":"\n<p><\/p>\n\n\n<header class=\"entry-header\" aria-label=\"Inhalt\">\n<div class=\"entry-meta\"><span style=\"font-size: revert;\">E-Mail\/ 29.10.2024 von <\/span><a style=\"font-size: revert;\" href=\"m.luepke@bonveno-goettingen.de\">m.luepke@bonveno-goettingen.de<\/a><\/div>\n<\/header>\n<h3>\u00a0<\/h3>\n<blockquote>\n<h3><strong>Liebe Bonveno-Freunde, liebe Ehrenamtliche,<br \/><br \/><\/strong><\/h3>\n<p>Wir hoffen Sie hatten sch\u00f6ne Herbstferien, wir freuen uns Sie \u00fcber kommende Veranstaltungen und Geschehenes zu informieren.<\/p>\n<p>Melden Sie sich wie immer gerne, wenn wir Sie unterst\u00fctzen k\u00f6nnen \u2013 wenn Sie Gespr\u00e4chsbedarf haben, wenn wir Kosten erstatten k\u00f6nnen oder wenn Sie andere Anliegen haben!<br \/><br \/><\/p>\n<p><em>\u201eNeun Jahre auf den Zieten\u201c<br \/><br \/><\/em><em>\u201eAm 27. September fand auf dem Gel\u00e4nde der Unterkunft Zieten die allj\u00e4hrige \u201eGeburtstagsparty\u201c der Einrichtung statt. Im Rahmen eines kleinen Hoffestes wurden dabei gleich zwei besondere Anl\u00e4sse gefeiert: zum einen das neunj\u00e4hrige Bestehen der Unterkunft und zum anderen den wohlverdienten Renteneintritt von Bettina Briesemeister, der langj\u00e4hrigen Leiterin der Einrichtung. (\u2026)\u201c<br \/><\/em>Lesen Sie weiter unter: <a href=\"https:\/\/bonveno-goettingen.de\/neun-jahre-auf-den-zieten\/\">Neun Jahre auf den Zieten \u2013 Bonveno G\u00f6ttingen gGmbH<\/a><br \/><br \/>Interessante Beitr\u00e4ge und Neuigkeiten finden Sie auch auf unserer Homepage unter: <a href=\"https:\/\/bonveno-goettingen.de\/\">Bonveno G\u00f6ttingen gGmbH \u2013 Fl\u00fcchtlingssozialarbeit &amp; Wohnanlagen (bonveno-goettingen.de)<\/a><\/p>\n<p>\u00a0<\/p>\n<h3><span style=\"color: #993366;\"><strong>Veranstaltungen<\/strong><strong>\u00a0<\/strong><\/span><\/h3>\n<p><strong><br \/>Einladung: Austausch\/ Patenschaftsabend von der Bonveno G\u00f6ttingen gGmbH und AWO G\u00f6ttingen gGmbH, <\/strong><span style=\"color: #993366;\"><strong>Dienstag, 5. November, ab 17:30 Uhr<\/strong><strong>\u00a0<\/strong><\/span><\/p>\n<p><em>Adresse: Jutta-Limbach-Str. 3, 37073 G\u00f6ttingen (2. Stock, Konferenzraum)<\/em><\/p>\n<p><strong>Wer: <\/strong>Die Koordinatorinnen f\u00fcr Ehrenamt und Patenschaften der Bonveno G\u00f6ttingen gGmbH\/ AWO G\u00f6ttingen gGmbH<br \/><br \/><strong>Was:<\/strong> Liebe Pat*innen und Ehrenamtliche,\u00a0wir laden Sie herzlich zum Patenschaftsabend ein.<br \/>Wir m\u00f6chten uns gern in gem\u00fctlicher Runde gemeinsam austauschen, kl\u00f6nen, Ideen finden, planen und gemeinsam umsetzen. Bei ein paar kleinen Snacks k\u00f6nnen Sie \u00fcber Ihre Erfahrungen, Herausforderungen und W\u00fcnsche berichten.<br \/>Haben Sie Ideen oder brauchen Unterst\u00fctzung? M\u00f6chten Sie sich mit anderen \u00fcber Ihre Erfahrungen austauschen? Kommen Sie gern vorbei beim Patenabend!<\/p>\n<p>Wir freuen uns \u00fcber Ihre Anmeldungen!<\/p>\n<p><strong>Anmeldung:<br \/><\/strong><strong>Marie L\u00fcpke:<br \/><\/strong>E-Mail: <a href=\"mailto:m.luepke@bonveno-goettingen.de\">m.luepke@bonveno-goettingen.de<\/a><br \/>Mobil: 0176\/ 84146370<\/p>\n<p><strong>Astrid M\u00fcller:<br \/><\/strong>E-Mail: <a href=\"mailto:a.mueller@awo-goettingen.de\">a.mueller@awo-goettingen.de<\/a><br \/>Mobil: 0176\/ 22919421<\/p>\n<p>\u00a0<\/p>\n<h3><span style=\"color: #0000ff;\"><strong>Fortbildungen<br \/><br \/><\/strong><\/span><\/h3>\n<p><strong>F\u00fcr Kurzentschlossene: Interaktiver-Vortrag: \u201eH\u00e4uslich\/ partnerschaftliche Gewalt\u201c, <span style=\"color: #0000ff;\">Dienstag, <\/span><\/strong><span style=\"color: #0000ff;\"><strong>29. Oktober 2024, 17:30 Uhr bis 20:00 Uhr.<\/strong><\/span><\/p>\n<p><em>Adresse: <\/em><em>Jutta-Limbach-Str. 3, 37073 G\u00f6ttingen, 2. OG (Konferenzraum)<\/em><\/p>\n<p><strong>Wer: Bonveno G\u00f6ttingen gGmbH und AWO G\u00f6ttingen gGmbH<\/strong><strong>\u00a0<\/strong><\/p>\n<p><strong>Was:<\/strong> Der Vortrag behandelt das Thema h\u00e4usliche Gewalt. Diese kann sowohl in (Ex-) Partnerschaften, als auch im famili\u00e4ren Nahraum stattfinden. Der Fokus der Veranstaltung liegt auf geschlechterspezifischer Gewalt gegen Frauen. Des Weiteren wird die Rolle von Frauenh\u00e4usern als Zufluchtsorte f\u00fcr gewaltbetroffene Frauen und ihre Kinder (im speziellen das Frauenhaus in G\u00f6ttingen) thematisiert. Dabei wird u.a. besprochen welche Aufnahmevorraussetzungen gegeben sind, wie sich das Leben im Frauenhaus gestaltet und welche Unterst\u00fctzungsleistungen vorhanden sind.<\/p>\n<p><strong>Referentinnen: <\/strong>Jasmin Nofal, Mitarbeitende im Frauenhaus G\u00f6ttingen<\/p>\n<p><strong>Anmeldung:<\/strong><\/p>\n<p><strong>Marie L\u00fcpke:<br \/><\/strong>E-Mail: <a href=\"mailto:m.luepke@bonveno-goettingen.de\">m.luepke@bonveno-goettingen.de<\/a><br \/>Mobil: 0176\/ 84146370<\/p>\n<p><strong>Astrid M\u00fcller:<br \/><\/strong>E-Mail: <a href=\"mailto:a.mueller@awo-goettingen.de\">a.mueller@awo-goettingen.de<\/a><br \/>Mobil: 0176\/ 22919421<\/p>\n<p>\u00a0<\/p>\n<p><strong>\u00a0<\/strong><strong>\u201e<\/strong><strong>Intervision und Supervision f\u00fcr und mit ehrenamtlich engagierte Pat*innen von Gefl\u00fcchteten\u201c, eine Kooperationsveranstaltung vom Migrationszentrum und der Bonveno G\u00f6ttingen gGmbH und der AWO G\u00f6ttingen gGmbH, <span style=\"color: #0000ff;\">Samstag, 09. November 2024, 10:00 &#8211; 15:00 Uhr <\/span><\/strong><\/p>\n<p><em>Adresse: Migrationszentrum, Schulungsraum im EG, Neustadt 18, 37073 G\u00f6ttingen<\/em><\/p>\n<p><strong>Was: <\/strong>Wir laden Sie zu einem Workshop ein, um mit Ihnen unterschiedliche Perspektiven f\u00fcr Ihre Arbeit mit Gefl\u00fcchteten beleuchten, Verhaltensm\u00f6glichkeiten und Einstellungen reflektieren und ggf. ver\u00e4ndern. Wir besch\u00e4ftigen uns mit folgenden Fragen:<br \/><br \/>Was erwarte ich von mir und von anderen?<br \/>Was ver\u00e4ndert sich in mir durch mein Engagement?<br \/>Wo und wie komme ich an meine physischen und psychischen Grenzen?<br \/>Welche Auswirkungen hat mein Engagement auf mein privates Umfeld?<br \/>Wo komme ich mit Traumata in Ber\u00fchrung, die mich \u00fcberfordern?<br \/>Was will ich verbessern oder ver\u00e4ndern?<br \/>Der Workshop richtet sich an alle interessierten Ehrenamtlichen, die ihr Wissen und ihre Erfahrungen mit anderen teilen m\u00f6chten. Teilnehmende, die den Workshop bereits besucht haben, sind ebenfalls willkommen.<\/p>\n<p>F\u00fcr Getr\u00e4nke und vegetarische Snacks wird gesorgt \ud83d\ude0a<\/p>\n<p><strong>Referenten: <\/strong>Thomas Sulzer, Diplom-Psychologe und Psychotherapeut, und Jan van de Vyver, Sprachwissenschaftler und Kulturberater von Soul Support e.V. Die Veranstaltung wird durch das Programm ehrenWERT der Klosterkammer Hannover gef\u00f6rdert.<\/p>\n<p><strong>Anmeldung:<\/strong> die Teilnehmerzahl ist begrenzt. Wir bitten um verbildliche Anmeldung unter:\u00a0 <a href=\"mailto:ehrenamt.miz.goettingen@evlka.de\">ehrenamt.miz.goettingen@evlka.de<\/a><br \/><br \/><\/p>\n<p><strong>\u201eEinstieg in den Kinderschutz &#8211;\u00a0 Workshop f\u00fcr Ehrenamtliche\u201c,<\/strong><span style=\"color: #0000ff;\"><strong> Donnerstag, <\/strong><strong>14. November 2024, 17:30 Uhr bis 20:00 Uhr.<\/strong><strong>\u00a0<\/strong><\/span><\/p>\n<p><em>Adresse: <\/em><em>Jutta-Limbach-Str. 3, 37073 G\u00f6ttingen, 2. OG (Konferenzraum)<\/em><\/p>\n<p><strong>Wer: Bonveno G\u00f6ttingen gGmbH und AWO G\u00f6ttingen gGmbH<\/strong><strong>\u00a0<\/strong><\/p>\n<p><strong>Was:<\/strong> Sie engagieren sich ehrenamtlich und sind dabei im Kontakt mit Kindern und Jugendlichen? Sie w\u00fcrden gerne mehr \u00fcber Kinder- und Jugendrechte erfahren und Handlungssicherheit im Kinderschutz erlangen? Dann ist dieser Workshop genau das Richtige!<br \/>Anhand von Fallbeispielen schauen wir auf (m\u00f6gliche) Herausforderungen in der T\u00e4tigkeit als Ehrenamtliche*r. Gemeinsam erarbeiten wir Handlungsoptionen und schaffen somit Sicherheit. Wenn Sie \u00fcber die Rechte von Kindern und Jugendlichen Bescheid wissen, k\u00f6nnen Sie die jungen Menschen st\u00e4rken und einen wichtigen Beitrag zu Pr\u00e4vention leisten. Auch wissen Sie dann, an wen Sie sich wenden k\u00f6nnen, wenn die Rechte der Kinder oder Jugendlichen verletzt werden.<\/p>\n<p><strong>Referentinnen: <\/strong>KuK G\u00f6ttingen, Zentrum f\u00fcr Kinderrechte und Kinderschutz G\u00f6ttingen<\/p>\n<p><strong>Anmeldung:<\/strong><\/p>\n<p><strong>Marie L\u00fcpke:<br \/><\/strong>E-Mail: <a href=\"mailto:m.luepke@bonveno-goettingen.de\">m.luepke@bonveno-goettingen.de<\/a><br \/>Mobil: 0176\/ 84146370<\/p>\n<p><strong>Astrid M\u00fcller:<br \/><\/strong>E-Mail: <a href=\"mailto:a.mueller@awo-goettingen.de\">a.mueller@awo-goettingen.de<\/a><br \/>Mobil: 0176\/ 22919421<strong>\u00a0<\/strong><\/p>\n<p>\u00a0<\/p>\n<h3><span style=\"color: #ff0000;\"><strong>Aktiv werden<\/strong><\/span><strong>\u00a0<\/strong><\/h3>\n<p>Sollten Sie aktuell etwas Zeit haben, freuen wir uns wie immer \u00fcber Ihre Nachrichten. Noch immer ist die Nachfrage nach Gespr\u00e4chspartner*innen zum Deutsch \u00fcben gro\u00df. Aktuell sucht ein engagierter Herr mittleren Alters auf den Zietenterrassen Unterst\u00fctzung beim Deutsch lernen.<\/p>\n<p>F\u00fcr unsere Wohnanlage auf den Zietenterrassen suchen wir noch Unterst\u00fctzung bei unserem bereits bestehenden Angebot der Hausaufgabenhilfe f\u00fcr Grundsch\u00fcler*innen Dienstag und Mittwoch ab 14 Uhr.<\/p>\n<p>F\u00fcr ein Projekt suchen wir noch Personen, die im Rahmen der Vorweihnachtszeit bzw. ab November (und eventuell dar\u00fcber hinaus) einer kleinen Gruppe an Kindern aus der Unterkunft (Kurz-)Geschichten vorlesen. Angedacht ist das ein Treffen in diesem Rahmen alle 2 Wochen f\u00fcr ca. 1,5 Stunden stattfindet. Bei der Ausgestaltung freuen wir uns aber \u00fcber Ihre Meinungen und Anregungen.<\/p>\n<p>F\u00fcr alle Unterk\u00fcnfte suchen wir Sprachmittler*innen besonders f\u00fcr die Sprachen T\u00fcrkisch und Spanisch (aber auch f\u00fcr andere Sprachen).<\/p>\n<p>Bei R\u00fcckfragen und f\u00fcr mehr Informationen, melden Sie sich gerne.<\/p>\n<p>Haben Sie Interesse zu unterst\u00fctzen? Melden Sie sich gerne bei uns.<\/p>\n<p>Wir freuen uns, von Ihnen zu h\u00f6ren!<br \/><br \/><\/p>\n<p>Mit freundlichen Gr\u00fc\u00dfen,<\/p>\n<p>Marie L\u00fcpke<br \/>Koordination Ehrenamt &amp; Patenschaften<br \/>Bonveno G\u00f6ttingen gGmbH<br \/>Jutta-Limbach-Stra\u00dfe 3<br \/>37073 G\u00f6ttingen<br \/>Mobil: +49 176 84146370\u00a0<br \/>E-Mail: <a href=\"mailto:m.luepke@bonveno-goettingen.de\">m.luepke@bonveno-goettingen.de<\/a><br \/>Webseite: <a href=\"http:\/\/www.bonveno-goettingen.de\/\">www.bonveno-goettingen.de<\/a>\u00a0\u00a0\u00a0\u00a0<\/p>\n<p><strong><em><u>Sprechzeiten:<br \/><\/u><\/em><\/strong><em style=\"font-size: revert;\">Montags bis Donnerstags: 8:30 Uhr bis 14:00 Uhr und nach Vereinbarung<br \/><\/em><em>Freitags: 8:30 bis 13:00 Uhr und nach Vereinbarung<\/em><\/p>\n<\/blockquote>","protected":false},"excerpt":{"rendered":"<p>E-Mail\/ 29.10.2024 von m.luepke@bonveno-goettingen.de \u00a0 Liebe Bonveno-Freunde, liebe Ehrenamtliche, Wir hoffen Sie hatten sch\u00f6ne Herbstferien, wir freuen uns Sie \u00fcber kommende Veranstaltungen und Geschehenes zu informieren. Melden Sie sich wie immer gerne, wenn wir Sie unterst\u00fctzen k\u00f6nnen \u2013 wenn Sie Gespr\u00e4chsbedarf haben, wenn wir Kosten erstatten k\u00f6nnen oder wenn Sie andere Anliegen haben! \u201eNeun Jahre &#8230; <a title=\"Bonveno Newsletter Oktober\/ November 2024\" class=\"read-more\" href=\"https:\/\/rt-europaallee.de\/wordpress\/2024\/10\/bonveno-newsletter-oktober-november-2024\/\" aria-label=\"Mehr Informationen \u00fcber Bonveno Newsletter Oktober\/ November 2024\">Weiterlesen<\/a><\/p>\n","protected":false},"author":3,"featured_media":0,"comment_status":"closed","ping_status":"open","sticky":false,"template":"","format":"standard","meta":{"footnotes":""},"categories":[1],"tags":[],"class_list":["post-16511","post","type-post","status-publish","format-standard","hentry","category-allgemein"],"_links":{"self":[{"href":"https:\/\/rt-europaallee.de\/wordpress\/wp-json\/wp\/v2\/posts\/16511","targetHints":{"allow":["GET"]}}],"collection":[{"href":"https:\/\/rt-europaallee.de\/wordpress\/wp-json\/wp\/v2\/posts"}],"about":[{"href":"https:\/\/rt-europaallee.de\/wordpress\/wp-json\/wp\/v2\/types\/post"}],"author":[{"embeddable":true,"href":"https:\/\/rt-europaallee.de\/wordpress\/wp-json\/wp\/v2\/users\/3"}],"replies":[{"embeddable":true,"href":"https:\/\/rt-europaallee.de\/wordpress\/wp-json\/wp\/v2\/comments?post=16511"}],"version-history":[{"count":1,"href":"https:\/\/rt-europaallee.de\/wordpress\/wp-json\/wp\/v2\/posts\/16511\/revisions"}],"predecessor-version":[{"id":16512,"href":"https:\/\/rt-europaallee.de\/wordpress\/wp-json\/wp\/v2\/posts\/16511\/revisions\/16512"}],"wp:attachment":[{"href":"https:\/\/rt-europaallee.de\/wordpress\/wp-json\/wp\/v2\/media?parent=16511"}],"wp:term":[{"taxonomy":"category","embeddable":true,"href":"https:\/\/rt-europaallee.de\/wordpress\/wp-json\/wp\/v2\/categories?post=16511"},{"taxonomy":"post_tag","embeddable":true,"href":"https:\/\/rt-europaallee.de\/wordpress\/wp-json\/wp\/v2\/tags?post=16511"}],"curies":[{"name":"wp","href":"https:\/\/api.w.org\/{rel}","templated":true}]}}