{"id":16556,"date":"2024-11-06T19:12:48","date_gmt":"2024-11-06T18:12:48","guid":{"rendered":"http:\/\/rt-europaallee.org\/wordpress\/?p=16556"},"modified":"2024-11-06T19:12:48","modified_gmt":"2024-11-06T18:12:48","slug":"stadt-goettingen-interreligioeser-jahreskalender-fuer-2025-ist-erschienen","status":"publish","type":"post","link":"https:\/\/rt-europaallee.de\/wordpress\/2024\/11\/stadt-goettingen-interreligioeser-jahreskalender-fuer-2025-ist-erschienen\/","title":{"rendered":"Stadt G\u00f6ttingen: Interreligi\u00f6ser Jahreskalender f\u00fcr 2025 ist erschienen"},"content":{"rendered":"<p>(Quelle: <a href=\"https:\/\/www.goettingen.de\/portal\/meldungen\/interreligioeser-jahreskalender-fuer-2025-ist-erschienen-900003477-25480.html?rubrik=900000003&amp;fbclid=IwY2xjawGYj95leHRuA2FlbQIxMQABHerFhGYy_Djb-upEVV5ZnItDBtyUwMrE3JFQ0tOo-eU7aW2hq6D24nEZ5Q_aem_BmJF0VYx--bpuFKxat99Qg\">https:\/\/www.goettingen.de\/portal\/meldungen\/interreligioeser-jahreskalender-fuer-2025-ist-erschienen-900003477-25480.html?rubrik=900000003&amp;fbclid=IwY2xjawGYj95leHRuA2FlbQIxMQABHerFhGYy_Djb-upEVV5ZnItDBtyUwMrE3JFQ0tOo-eU7aW2hq6D24nEZ5Q_aem_BmJF0VYx&#8211;bpuFKxat99Qg<\/a>)<\/p>\n<blockquote>\n<div class=\"fusstext fusstext_oben\"><span class=\"create\">06.11.2024<\/span><\/p>\n<div><\/div>\n<\/div>\n<h3 class=\"kontrast-bild\">Interreligi\u00f6ser Jahreskalender f\u00fcr 2025 ist erschienen<\/h3>\n<div id=\"nolis_content_site\" class=\"nolis_content_site\">\n<p class=\"anreisser_detail\"><strong>Der Interreligi\u00f6se Jahreskalender 2025 liegt vor. Er gibt einen \u00dcberblick \u00fcber die wichtigsten Fest- und Feiertage der mehrheitlich vertretenen Religionen in der Stadt G\u00f6ttingen. Der Kalender dient dem Austausch der Religionen, unterst\u00fctzt die interkulturelle Arbeit und erh\u00f6ht die Sensibilit\u00e4t f\u00fcr verschiedenen Kulturen und Religionen.<\/strong><\/p>\n<div class=\"print_href print_abbr\">\n<div class=\"template template1\">\n<div class=\"platz platz1\">\n<div class=\"rahmen\">\n<div class=\"innen\">\n<p>Das B\u00fcro f\u00fcr Integration der Stadt G\u00f6ttingen gibt den Kalender bereits seit f\u00fcnfzehn Jahren heraus. Auch in diesem Jahr wurde er wieder in Zusammenarbeit mit ortsans\u00e4ssigen Religionsgemeinschaften erstellt.<\/p>\n<p>Die j\u00e4hrlich wechselnden Kurztexte widmen sich dieses Mal den verschiedenen Glaubensleits\u00e4tzen in den Religionen, die das Streben nach Frieden ausdr\u00fccken.<\/p>\n<p>\u201eWir haben in all den Jahren immer positive R\u00fcckmeldungen zum interreligi\u00f6sen Kalender bekommen, sogar au\u00dferhalb von G\u00f6ttingen\u201c, freut sich Christina Hammer, die das B\u00fcro f\u00fcr Integration der Stadt G\u00f6ttingen leitet. \u201eAuf Anregung von Leser*innen haben wir inzwischen auch einige Gedenktage aufgenommen, wie den bundesweiten Tag gegen antimuslimischen Rassismus oder den Internationalen Tag gegen Faschismus und Antisemitismus, um daf\u00fcr zu sensibilisieren.\u201c<\/p>\n<p>Aus Gr\u00fcnden der Nachhaltigkeit wird der Kalender erstmalig ausschlie\u00dflich online zur Verf\u00fcgung gestellt. <a class=\"link_katalog nolis-link-extern\" title=\"Interreligi\u00f6ser Kalender 2025 (https:\/\/goe.de\/irk)\" href=\"https:\/\/goe.de\/irk\" target=\"_blank\" rel=\"noopener noreferrer\">Eine PDF-Datei steht auf der st\u00e4dtischen Website als Download bereit.<\/a> R\u00fcckmeldungen zum Kalender nimmt das B\u00fcro f\u00fcr Integration gerne per E-Mail unter <a class=\"link_katalog email nolis-link-intern nolis-link-mailto\" title=\"integration@goettingen.de\" href=\"mailto:%69%6E%74%65%67%72%61%74%69%6F%6E%40%67%6F%65%74%74%69%6E%67%65%6E%2E%64%65\">integration@goettingen.de<\/a> entgegen.<\/p>\n<\/div>\n<\/div>\n<\/div>\n<\/div>\n<\/div>\n<\/div>\n<\/blockquote>\n","protected":false},"excerpt":{"rendered":"<p>(Quelle: https:\/\/www.goettingen.de\/portal\/meldungen\/interreligioeser-jahreskalender-fuer-2025-ist-erschienen-900003477-25480.html?rubrik=900000003&amp;fbclid=IwY2xjawGYj95leHRuA2FlbQIxMQABHerFhGYy_Djb-upEVV5ZnItDBtyUwMrE3JFQ0tOo-eU7aW2hq6D24nEZ5Q_aem_BmJF0VYx&#8211;bpuFKxat99Qg) 06.11.2024 Interreligi\u00f6ser Jahreskalender f\u00fcr 2025 ist erschienen Der Interreligi\u00f6se Jahreskalender 2025 liegt vor. Er gibt einen \u00dcberblick \u00fcber die wichtigsten Fest- und Feiertage der mehrheitlich vertretenen Religionen in der Stadt G\u00f6ttingen. Der Kalender dient dem Austausch der Religionen, unterst\u00fctzt die interkulturelle Arbeit und erh\u00f6ht die Sensibilit\u00e4t f\u00fcr verschiedenen Kulturen und Religionen. Das B\u00fcro &#8230; <a title=\"Stadt G\u00f6ttingen: Interreligi\u00f6ser Jahreskalender f\u00fcr 2025 ist erschienen\" class=\"read-more\" href=\"https:\/\/rt-europaallee.de\/wordpress\/2024\/11\/stadt-goettingen-interreligioeser-jahreskalender-fuer-2025-ist-erschienen\/\" aria-label=\"Mehr Informationen \u00fcber Stadt G\u00f6ttingen: Interreligi\u00f6ser Jahreskalender f\u00fcr 2025 ist erschienen\">Weiterlesen<\/a><\/p>\n","protected":false},"author":3,"featured_media":0,"comment_status":"closed","ping_status":"open","sticky":false,"template":"","format":"standard","meta":{"footnotes":""},"categories":[1],"tags":[],"class_list":["post-16556","post","type-post","status-publish","format-standard","hentry","category-allgemein"],"_links":{"self":[{"href":"https:\/\/rt-europaallee.de\/wordpress\/wp-json\/wp\/v2\/posts\/16556","targetHints":{"allow":["GET"]}}],"collection":[{"href":"https:\/\/rt-europaallee.de\/wordpress\/wp-json\/wp\/v2\/posts"}],"about":[{"href":"https:\/\/rt-europaallee.de\/wordpress\/wp-json\/wp\/v2\/types\/post"}],"author":[{"embeddable":true,"href":"https:\/\/rt-europaallee.de\/wordpress\/wp-json\/wp\/v2\/users\/3"}],"replies":[{"embeddable":true,"href":"https:\/\/rt-europaallee.de\/wordpress\/wp-json\/wp\/v2\/comments?post=16556"}],"version-history":[{"count":1,"href":"https:\/\/rt-europaallee.de\/wordpress\/wp-json\/wp\/v2\/posts\/16556\/revisions"}],"predecessor-version":[{"id":16557,"href":"https:\/\/rt-europaallee.de\/wordpress\/wp-json\/wp\/v2\/posts\/16556\/revisions\/16557"}],"wp:attachment":[{"href":"https:\/\/rt-europaallee.de\/wordpress\/wp-json\/wp\/v2\/media?parent=16556"}],"wp:term":[{"taxonomy":"category","embeddable":true,"href":"https:\/\/rt-europaallee.de\/wordpress\/wp-json\/wp\/v2\/categories?post=16556"},{"taxonomy":"post_tag","embeddable":true,"href":"https:\/\/rt-europaallee.de\/wordpress\/wp-json\/wp\/v2\/tags?post=16556"}],"curies":[{"name":"wp","href":"https:\/\/api.w.org\/{rel}","templated":true}]}}