{"id":16561,"date":"2024-11-06T19:42:51","date_gmt":"2024-11-06T18:42:51","guid":{"rendered":"http:\/\/rt-europaallee.org\/wordpress\/?p=16561"},"modified":"2024-11-06T19:42:51","modified_gmt":"2024-11-06T18:42:51","slug":"radio-leinewelle-spatenstich-fuer-neuen-kaufland-markt-in-weende","status":"publish","type":"post","link":"https:\/\/rt-europaallee.de\/wordpress\/2024\/11\/radio-leinewelle-spatenstich-fuer-neuen-kaufland-markt-in-weende\/","title":{"rendered":"Radio Leinewelle: Spatenstich f\u00fcr neuen Kaufland Markt in Weende"},"content":{"rendered":"<p>(Quelle: <a href=\"https:\/\/radioleinewelle.de\/index.php\/2024\/11\/04\/spatenstich-fuer-neuen-kaufland-markt-in-weende\/?fbclid=IwY2xjawGYlmtleHRuA2FlbQIxMQABHcAv_so41w8tAAKFI4DMPyku5Izrtw0D_Ppcv8cQsp25zpk80jYwhKRbGA_aem_A9hF_hnm1_-Qwp_aLOGgOA\">https:\/\/radioleinewelle.de\/index.php\/2024\/11\/04\/spatenstich-fuer-neuen-kaufland-markt-in-weende\/?fbclid=IwY2xjawGYlmtleHRuA2FlbQIxMQABHcAv_so41w8tAAKFI4DMPyku5Izrtw0D_Ppcv8cQsp25zpk80jYwhKRbGA_aem_A9hF_hnm1_-Qwp_aLOGgOA<\/a>)<\/p>\n<blockquote>\n<div class=\"wp-block wp-block-kubio-header  position-relative wp-block-kubio-header__container style-single-theme-Zam-Tq5W3-container\" data-kubio=\"kubio\/header\">\n<div id=\"hero\" class=\"wp-block wp-block-kubio-hero  position-relative wp-block-kubio-hero__outer style-KFTMhA6WOVh-outer style-local-33-outer d-flex h-section-global-spacing align-items-lg-center align-items-md-center align-items-center\" data-kubio=\"kubio\/hero\">\n<div class=\"position-relative wp-block-kubio-hero__inner style-KFTMhA6WOVh-inner style-local-33-inner h-navigation-padding h-section-grid-container h-section-boxed-container\">\n<div class=\"wp-block wp-block-kubio-row  position-relative wp-block-kubio-row__container style-vv0pRzL5YoZ-container style-local-34-container gutters-row-lg-0 gutters-row-v-lg-0 gutters-row-md-0 gutters-row-v-md-0 gutters-row-0 gutters-row-v-0\" data-kubio=\"kubio\/row\">\n<div class=\"position-relative wp-block-kubio-row__inner style-vv0pRzL5YoZ-inner style-local-34-inner h-row align-items-lg-stretch align-items-md-stretch align-items-stretch justify-content-lg-center justify-content-md-center justify-content-center gutters-col-lg-0 gutters-col-v-lg-0 gutters-col-md-0 gutters-col-v-md-0 gutters-col-0 gutters-col-v-0\">\n<div class=\"wp-block wp-block-kubio-column  position-relative wp-block-kubio-column__container style-vPVKm6K-swr-container style-local-35-container d-flex h-col-lg-auto h-col-md-auto h-col-auto\" data-kubio=\"kubio\/column\">\n<div class=\"position-relative wp-block-kubio-column__inner style-vPVKm6K-swr-inner style-local-35-inner d-flex h-flex-basis h-px-lg-2 v-inner-lg-2 h-px-md-2 v-inner-md-2 h-px-2 v-inner-2\">\n<div class=\"position-relative wp-block-kubio-column__align style-vPVKm6K-swr-align style-local-35-align h-y-container h-column__content h-column__v-align flex-basis-100 align-self-lg-center align-self-md-center align-self-center\">\n<h2 class=\"wp-block wp-block-kubio-page-title  position-relative wp-block-kubio-page-title__container style-SzZXH7PdCL-container style-local-36-container\" data-kubio=\"kubio\/page-title\">Spatenstich f\u00fcr neuen Kaufland Markt in Weende<\/h2>\n<\/div>\n<\/div>\n<\/div>\n<\/div>\n<\/div>\n<\/div>\n<\/div>\n<\/div>\n<div class=\"wp-block wp-block-kubio-post-meta  position-relative wp-block-kubio-post-meta__metaDataContainer style-single-Xy3_sNqX1-metaDataContainer style-local-40-metaDataContainer h-blog-meta\" data-kubio=\"kubio\/post-meta\"><span class=\"metadata-item\"><a href=\"https:\/\/radioleinewelle.de\/index.php\/2024\/11\/04\/\"> 4 November, 2024 <\/a> <\/span><\/div>\n<figure class=\"wp-block wp-block-kubio-post-featured-image  position-relative wp-block-kubio-post-featured-image__container style-single-rlYTEhTMib-container style-local-41-container kubio-post-featured-image--has-image h-aspect-ratio--4-3\" data-kubio=\"kubio\/post-featured-image\"><img loading=\"lazy\" decoding=\"async\" class=\"position-relative wp-block-kubio-post-featured-image__image style-single-rlYTEhTMib-image style-local-41-image wp-image-26609\" src=\"https:\/\/radioleinewelle.de\/wp-content\/uploads\/2024\/11\/PHOTO-2024-11-04-14-52-01-Kaufland.jpg\" sizes=\"auto, (max-width: 1280px) 100vw, 1280px\" srcset=\"https:\/\/radioleinewelle.de\/wp-content\/uploads\/2024\/11\/PHOTO-2024-11-04-14-52-01-Kaufland.jpg 1280w, https:\/\/radioleinewelle.de\/wp-content\/uploads\/2024\/11\/PHOTO-2024-11-04-14-52-01-Kaufland-300x185.jpg 300w, https:\/\/radioleinewelle.de\/wp-content\/uploads\/2024\/11\/PHOTO-2024-11-04-14-52-01-Kaufland-1024x630.jpg 1024w, https:\/\/radioleinewelle.de\/wp-content\/uploads\/2024\/11\/PHOTO-2024-11-04-14-52-01-Kaufland-768x473.jpg 768w\" width=\"1280\" height=\"788\" \/><\/p>\n<div class=\"position-relative wp-block-kubio-post-featured-image__inner style-single-rlYTEhTMib-inner style-local-41-inner\">\n<div class=\"position-relative wp-block-kubio-post-featured-image__align style-single-rlYTEhTMib-align style-local-41-align h-y-container align-self-lg-end align-self-md-end align-self-end\"><\/div>\n<\/div>\n<\/figure>\n<div class=\"wp-block wp-block-kubio-post-categories  position-relative wp-block-kubio-post-categories__container style-single--DAcGXV_T-container style-local-42-container kubio-post-categories-container\" data-kubio=\"kubio\/post-categories\">\n<div class=\"position-relative wp-block-kubio-post-categories__tags style-single--DAcGXV_T-tags style-local-42-tags\"><a href=\"https:\/\/radioleinewelle.de\/index.php\/category\/wirtschaft\/\">Wirtschaft<\/a><\/div>\n<\/div>\n<div class=\"wp-block wp-block-kubio-row  position-relative wp-block-kubio-row__container style-single-SbdKxHs2YI-container style-local-43-container gutters-row-lg-0 gutters-row-v-lg-0 gutters-row-md-0 gutters-row-v-md-0 gutters-row-0 gutters-row-v-0\" data-kubio=\"kubio\/row\">\n<div class=\"background-wrapper\">\n<div class=\"background-layer background-layer-media-container-lg\"><span style=\"font-size: revert; color: inherit;\">Nach eineinhalb Jahren Warten und Ungewissheit war es am 4. November endlich soweit: Mit dem obligatorischen Spatenstich im Beisein von Oberb\u00fcrgermeisterin Petra Broistedt und Ortsb\u00fcrgermeister Hans-Albert Ludolph wurde das Startsignal f\u00fcr den neuen Kaufland-Markt in Weende gegeben.<\/span><\/div>\n<\/div>\n<div class=\"position-relative wp-block-kubio-row__inner style-single-SbdKxHs2YI-inner style-local-43-inner h-row align-items-lg-stretch align-items-md-stretch align-items-stretch justify-content-lg-center justify-content-md-center justify-content-center gutters-col-lg-0 gutters-col-v-lg-0 gutters-col-md-0 gutters-col-v-md-0 gutters-col-0 gutters-col-v-0\">\n<div class=\"wp-block wp-block-kubio-column  position-relative wp-block-kubio-column__container style-single-3VGwAjm9cX-container style-local-44-container d-flex h-col-lg-auto h-col-md-auto h-col-auto\" data-kubio=\"kubio\/column\">\n<div class=\"position-relative wp-block-kubio-column__inner style-single-3VGwAjm9cX-inner style-local-44-inner d-flex h-flex-basis h-px-lg-0 v-inner-lg-0 h-px-md-0 v-inner-md-0 h-px-0 v-inner-0\">\n<div class=\"position-relative wp-block-kubio-column__align style-single-3VGwAjm9cX-align style-local-44-align h-y-container h-column__content h-column__v-align flex-basis-100 align-self-lg-start align-self-md-start align-self-start\">\n<div class=\"entry-content wp-block-post-content style-single-rShhGw_DzT-container style-local-DguE7V84m-container wp-block-kubio-core-post-content__container is-layout-flow wp-block-post-content-is-layout-flow\">\n<p>Das Grundger\u00fcst des ehemaligen Real-Markts wird bestehen bleiben, der Innenbereich wird gr\u00fcndlich saniert und modernen Anspr\u00fcchen an Kaufverhalten, Einkaufsatmosph\u00e4re und Energieeffizienz angepasst. Schlie\u00dflich besteht das Geb\u00e4ude schon seit \u00fcber 50 Jahren und hat eine lange Geschichte hinter sich. Von Bono \u00fcber Primus bis zu Real und jetzt zu Kaufland.<\/p>\n<p>Derzeit ist der Ortsteil Weende mit seinen rund 19.000 Einwohnern mit Einkaufsm\u00f6glichkeiten deutlich unterversorgt, sodass der Ortsb\u00fcrgermeister es auch als \u201evorgezogenes Weihnachtsgeschenk\u201c bezeichnet, dass nun endlich mit dem Umbau gestartet wird. Schnell gehen wird das allerdings nicht, denn neben dem Innenbereich muss auch das Parkplatzgel\u00e4nde saniert werden. Von Kaufland hei\u00dft es, dass man vorhabe, zum Ende des n\u00e4chsten Jahres den Markt zu er\u00f6ffnen. Der biete dann ein Komplettsortiment einschlie\u00dflich Frischetheken f\u00fcr Fleisch\/Wurst, K\u00e4se und Fisch sowie einen Non-Food-Bereich.<\/p>\n<p>Die Weende Bev\u00f6lkerung wird es jedenfalls freuen, denn es gibt damit nicht nur (wieder) einen gro\u00dfen Nahversorger, sondern auch neue Arbeitspl\u00e4tze. <em>Horst Reinert<\/em><\/p>\n<p><strong>Foto:<\/strong> \u00a9Radio Leinewelle (hr)<\/p>\n<\/div>\n<\/div>\n<\/div>\n<\/div>\n<\/div>\n<\/div>\n<\/blockquote>\n","protected":false},"excerpt":{"rendered":"<p>(Quelle: https:\/\/radioleinewelle.de\/index.php\/2024\/11\/04\/spatenstich-fuer-neuen-kaufland-markt-in-weende\/?fbclid=IwY2xjawGYlmtleHRuA2FlbQIxMQABHcAv_so41w8tAAKFI4DMPyku5Izrtw0D_Ppcv8cQsp25zpk80jYwhKRbGA_aem_A9hF_hnm1_-Qwp_aLOGgOA) Spatenstich f\u00fcr neuen Kaufland Markt in Weende 4 November, 2024 Wirtschaft Nach eineinhalb Jahren Warten und Ungewissheit war es am 4. November endlich soweit: Mit dem obligatorischen Spatenstich im Beisein von Oberb\u00fcrgermeisterin Petra Broistedt und Ortsb\u00fcrgermeister Hans-Albert Ludolph wurde das Startsignal f\u00fcr den neuen Kaufland-Markt in Weende gegeben. Das Grundger\u00fcst des ehemaligen Real-Markts &#8230; <a title=\"Radio Leinewelle: Spatenstich f\u00fcr neuen Kaufland Markt in Weende\" class=\"read-more\" href=\"https:\/\/rt-europaallee.de\/wordpress\/2024\/11\/radio-leinewelle-spatenstich-fuer-neuen-kaufland-markt-in-weende\/\" aria-label=\"Mehr Informationen \u00fcber Radio Leinewelle: Spatenstich f\u00fcr neuen Kaufland Markt in Weende\">Weiterlesen<\/a><\/p>\n","protected":false},"author":3,"featured_media":0,"comment_status":"closed","ping_status":"open","sticky":false,"template":"","format":"standard","meta":{"footnotes":""},"categories":[1],"tags":[],"class_list":["post-16561","post","type-post","status-publish","format-standard","hentry","category-allgemein"],"_links":{"self":[{"href":"https:\/\/rt-europaallee.de\/wordpress\/wp-json\/wp\/v2\/posts\/16561","targetHints":{"allow":["GET"]}}],"collection":[{"href":"https:\/\/rt-europaallee.de\/wordpress\/wp-json\/wp\/v2\/posts"}],"about":[{"href":"https:\/\/rt-europaallee.de\/wordpress\/wp-json\/wp\/v2\/types\/post"}],"author":[{"embeddable":true,"href":"https:\/\/rt-europaallee.de\/wordpress\/wp-json\/wp\/v2\/users\/3"}],"replies":[{"embeddable":true,"href":"https:\/\/rt-europaallee.de\/wordpress\/wp-json\/wp\/v2\/comments?post=16561"}],"version-history":[{"count":1,"href":"https:\/\/rt-europaallee.de\/wordpress\/wp-json\/wp\/v2\/posts\/16561\/revisions"}],"predecessor-version":[{"id":16562,"href":"https:\/\/rt-europaallee.de\/wordpress\/wp-json\/wp\/v2\/posts\/16561\/revisions\/16562"}],"wp:attachment":[{"href":"https:\/\/rt-europaallee.de\/wordpress\/wp-json\/wp\/v2\/media?parent=16561"}],"wp:term":[{"taxonomy":"category","embeddable":true,"href":"https:\/\/rt-europaallee.de\/wordpress\/wp-json\/wp\/v2\/categories?post=16561"},{"taxonomy":"post_tag","embeddable":true,"href":"https:\/\/rt-europaallee.de\/wordpress\/wp-json\/wp\/v2\/tags?post=16561"}],"curies":[{"name":"wp","href":"https:\/\/api.w.org\/{rel}","templated":true}]}}