{"id":16573,"date":"2024-11-07T00:33:18","date_gmt":"2024-11-06T23:33:18","guid":{"rendered":"http:\/\/rt-europaallee.org\/wordpress\/?p=16573"},"modified":"2024-11-07T00:33:18","modified_gmt":"2024-11-06T23:33:18","slug":"hna-studierendenwerk-goettingen-mensa-essen-und-kaffee-teurer","status":"publish","type":"post","link":"https:\/\/rt-europaallee.de\/wordpress\/2024\/11\/hna-studierendenwerk-goettingen-mensa-essen-und-kaffee-teurer\/","title":{"rendered":"HNA: Studierendenwerk G\u00f6ttingen: Mensa-Essen und Kaffee teurer"},"content":{"rendered":"<p>(Quelle: <a href=\"https:\/\/www.hna.de\/lokales\/goettingen\/goettingen-ort28741\/studierendenwerk-goettingen-mensa-essen-und-kaffee-teurer-93394416.html?fbclid=IwZXh0bgNhZW0CMTEAAR0EvZg0F0icaDN-9VUFq8uYka6a5lGh0KpzfAuqiuarGkPbJDxgGBSzLEQ_aem_JQLKLrRAh9R1rTFd_owcPg\">https:\/\/www.hna.de\/lokales\/goettingen\/goettingen-ort28741\/studierendenwerk-goettingen-mensa-essen-und-kaffee-teurer-93394416.html?fbclid=IwZXh0bgNhZW0CMTEAAR0EvZg0F0icaDN-9VUFq8uYka6a5lGh0KpzfAuqiuarGkPbJDxgGBSzLEQ_aem_JQLKLrRAh9R1rTFd_owcPg<\/a>)<\/p>\n<blockquote>\n<h2 class=\"id-StoryElement-headline\">Studierendenwerk G\u00f6ttingen: Mensa-Essen und Kaffee teurer<\/h2>\n<p class=\"id-Story-timestamp id-Story-timestamp--default\"><span class=\"id-Story-timestamp-content\"><span class=\"id-Story-timestamp-content-prefix\">Stand: <\/span><time datetime=\"2024-11-06 06:58\">06.11.2024, 06:58 Uhr<\/time><\/span><\/p>\n<p class=\"id-Story-authors id-Story-authors--default\"><span class=\"id-Story-authors-by\">Von: <\/span><a class=\"id-Story-authors-link lp_west_author\" title=\"Zur Autorenseite von Thomas Kopietz\" href=\"https:\/\/www.hna.de\/autoren\/707\/\" data-id-ec=\"{&quot;shn&quot;:&quot;Story&quot;,&quot;sht&quot;:&quot;Container&quot;,&quot;p&quot;:{&quot;containerType&quot;:&quot;Authors&quot;,&quot;displayType&quot;:&quot;Story Author-Link&quot;,&quot;type&quot;:&quot;INSERTED_AUTHORS&quot;,&quot;value&quot;:&quot;Thomas Kopietz&quot;,&quot;position&quot;:&quot;1&quot;,&quot;storyElementPosition&quot;:&quot;4&quot;,&quot;storyElementCount&quot;:&quot;33&quot;}}\" data-k5a-pos=\"west_author\" data-id-em=\"1\">Thomas Kopietz<\/a><\/p>\n<p class=\"id-Story-interactionBar id-Story-interactionBar--default\">\u00a0<\/p>\n<figure class=\"id-StoryElement-image\">\n<div class=\"id-RatioPlaceholder\"><img loading=\"lazy\" decoding=\"async\" class=\"id-RatioPlaceholder-element wv_story_el_image\" src=\"https:\/\/www.hna.de\/assets\/images\/36\/118\/36118546-aushaengeschild-der-haupteingang-der-zentralmensa-auf-dem-campus-der-universitaet-goettingen-das-studierendenwerk-bietet-dort-auch-beratungen-und-ein-Ofe.jpg\" sizes=\"auto, (min-width: 769px) 768px, 100vw\" srcset=\"https:\/\/www.hna.de\/assets\/images\/36\/118\/36118546-aushaengeschild-der-haupteingang-der-zentralmensa-auf-dem-campus-der-universitaet-goettingen-das-studierendenwerk-bietet-dort-auch-beratungen-und-ein-Ob6.jpg 448w,https:\/\/www.hna.de\/assets\/images\/36\/118\/36118546-aushaengeschild-der-haupteingang-der-zentralmensa-auf-dem-campus-der-universitaet-goettingen-das-studierendenwerk-bietet-dort-auch-beratungen-und-ein-O70.jpg 768w,https:\/\/www.hna.de\/assets\/images\/36\/118\/36118546-aushaengeschild-der-haupteingang-der-zentralmensa-auf-dem-campus-der-universitaet-goettingen-das-studierendenwerk-bietet-dort-auch-beratungen-und-ein-Ofe.jpg 1100w,https:\/\/www.hna.de\/assets\/images\/36\/118\/36118546-aushaengeschild-der-haupteingang-der-zentralmensa-auf-dem-campus-der-universitaet-goettingen-das-studierendenwerk-bietet-dort-auch-beratungen-und-ein-O7a.jpg 1408w,https:\/\/www.hna.de\/assets\/images\/36\/118\/36118546-aushaengeschild-der-haupteingang-der-zentralmensa-auf-dem-campus-der-universitaet-goettingen-das-studierendenwerk-bietet-dort-auch-beratungen-und-ein-OMH.jpg 1600w\" alt=\"Aush\u00e4ngeschild: Der Haupteingang der Zentralmensa auf dem Campus der Universit\u00e4t G\u00f6ttingen. Das Studierendenwerk bietet dort auch Beratungen und ein Caf\u00e9 an.\" width=\"1100\" height=\"619\" \/><\/div>\n<figcaption class=\"id-StoryElement-image-caption\">Aush\u00e4ngeschild: Der Haupteingang der Zentralmensa auf dem Campus der Universit\u00e4t G\u00f6ttingen. Das Studierendenwerk bietet dort auch Beratungen und ein Caf\u00e9 an. \u00a9\u00a0privat\/nh<\/figcaption>\n<\/figure>\n<p class=\"id-StoryElement-leadText\">Vieles wird beim Studierendenwerk G\u00f6ttingen in K\u00fcrze teurer, darunter auch das Mensa-Essen f\u00fcr die Studentinnen und Studenten.<\/p>\n<p class=\"id-StoryElement-paragraph\">G\u00f6ttingen \u2013 4,8 Millionen Euro aus dem Nachtragshaushalt des Landes hat das Studierendenwerk <a class=\"id-import-Link\" href=\"https:\/\/www.hna.de\/lokales\/goettingen\/\" target=\"_blank\" rel=\"nofollow noopener\" data-id-ec=\"{&quot;sht&quot;:&quot;Container&quot;,&quot;shn&quot;:&quot;Story&quot;,&quot;p&quot;:{&quot;containerType&quot;:&quot;Paragraph&quot;,&quot;displayType&quot;:&quot;Paragraph InlineLink&quot;,&quot;type&quot;:&quot;INLINE_LINK&quot;,&quot;value&quot;:&quot;G\u00f6ttingen&quot;,&quot;variant&quot;:&quot;standardLink&quot;,&quot;sponsored&quot;:false,&quot;linkHref&quot;:&quot;https:\/\/www.hna.de\/lokales\/goettingen\/&quot;,&quot;storyElementPosition&quot;:8,&quot;storyElementCount&quot;:33}}\" data-id-em=\"1\">G\u00f6ttingen<\/a> erhalten und investiert. Dennoch sind die Preise f\u00fcr Mensa-Essen nicht zu halten.<\/p>\n<div class=\"id-TBeepSlot--content\">\n<div id=\"trf_ad_desktop_news_fixed_after_count_3_93394416_content_1_idx_7\" class=\"Content_1 id-TBeepSlot-inner--content trf-center-container trf-declaration-container\" data-google-query-id=\"CKys2LHtyIkDFeyLgwcd5HQhjg\">\n<h3 id=\"google_ads_iframe_\/307308315,5176\/idan.hna.de\/localnews_2__container__\">&#8230;<\/h3>\n<\/div>\n<\/div>\n<\/blockquote>\n\n\n<p><\/p>\n","protected":false},"excerpt":{"rendered":"<p>(Quelle: https:\/\/www.hna.de\/lokales\/goettingen\/goettingen-ort28741\/studierendenwerk-goettingen-mensa-essen-und-kaffee-teurer-93394416.html?fbclid=IwZXh0bgNhZW0CMTEAAR0EvZg0F0icaDN-9VUFq8uYka6a5lGh0KpzfAuqiuarGkPbJDxgGBSzLEQ_aem_JQLKLrRAh9R1rTFd_owcPg) Studierendenwerk G\u00f6ttingen: Mensa-Essen und Kaffee teurer Stand: 06.11.2024, 06:58 Uhr Von: Thomas Kopietz \u00a0 Aush\u00e4ngeschild: Der Haupteingang der Zentralmensa auf dem Campus der Universit\u00e4t G\u00f6ttingen. Das Studierendenwerk bietet dort auch Beratungen und ein Caf\u00e9 an. \u00a9\u00a0privat\/nh Vieles wird beim Studierendenwerk G\u00f6ttingen in K\u00fcrze teurer, darunter auch das Mensa-Essen f\u00fcr die Studentinnen und Studenten. &#8230; <a title=\"HNA: Studierendenwerk G\u00f6ttingen: Mensa-Essen und Kaffee teurer\" class=\"read-more\" href=\"https:\/\/rt-europaallee.de\/wordpress\/2024\/11\/hna-studierendenwerk-goettingen-mensa-essen-und-kaffee-teurer\/\" aria-label=\"Mehr Informationen \u00fcber HNA: Studierendenwerk G\u00f6ttingen: Mensa-Essen und Kaffee teurer\">Weiterlesen<\/a><\/p>\n","protected":false},"author":3,"featured_media":0,"comment_status":"closed","ping_status":"open","sticky":false,"template":"","format":"standard","meta":{"footnotes":""},"categories":[1],"tags":[],"class_list":["post-16573","post","type-post","status-publish","format-standard","hentry","category-allgemein"],"_links":{"self":[{"href":"https:\/\/rt-europaallee.de\/wordpress\/wp-json\/wp\/v2\/posts\/16573","targetHints":{"allow":["GET"]}}],"collection":[{"href":"https:\/\/rt-europaallee.de\/wordpress\/wp-json\/wp\/v2\/posts"}],"about":[{"href":"https:\/\/rt-europaallee.de\/wordpress\/wp-json\/wp\/v2\/types\/post"}],"author":[{"embeddable":true,"href":"https:\/\/rt-europaallee.de\/wordpress\/wp-json\/wp\/v2\/users\/3"}],"replies":[{"embeddable":true,"href":"https:\/\/rt-europaallee.de\/wordpress\/wp-json\/wp\/v2\/comments?post=16573"}],"version-history":[{"count":1,"href":"https:\/\/rt-europaallee.de\/wordpress\/wp-json\/wp\/v2\/posts\/16573\/revisions"}],"predecessor-version":[{"id":16574,"href":"https:\/\/rt-europaallee.de\/wordpress\/wp-json\/wp\/v2\/posts\/16573\/revisions\/16574"}],"wp:attachment":[{"href":"https:\/\/rt-europaallee.de\/wordpress\/wp-json\/wp\/v2\/media?parent=16573"}],"wp:term":[{"taxonomy":"category","embeddable":true,"href":"https:\/\/rt-europaallee.de\/wordpress\/wp-json\/wp\/v2\/categories?post=16573"},{"taxonomy":"post_tag","embeddable":true,"href":"https:\/\/rt-europaallee.de\/wordpress\/wp-json\/wp\/v2\/tags?post=16573"}],"curies":[{"name":"wp","href":"https:\/\/api.w.org\/{rel}","templated":true}]}}