{"id":16580,"date":"2024-11-08T02:26:28","date_gmt":"2024-11-08T01:26:28","guid":{"rendered":"http:\/\/rt-europaallee.org\/wordpress\/?p=16580"},"modified":"2024-11-08T02:26:28","modified_gmt":"2024-11-08T01:26:28","slug":"landesregierung-niedersachsen-unterstuetzt-kampagne-niedersachsen-gegen-antisemitismus","status":"publish","type":"post","link":"https:\/\/rt-europaallee.de\/wordpress\/2024\/11\/landesregierung-niedersachsen-unterstuetzt-kampagne-niedersachsen-gegen-antisemitismus\/","title":{"rendered":"Landesregierung Niedersachsen unterst\u00fctzt Kampagne &#8222;Niedersachsen gegen Antisemitismus&#8220;"},"content":{"rendered":"<p>(Quelle: <a href=\"https:\/\/www.facebook.com\/Niedersachsen\/posts\/pfbid07ZWQQw62CYhfR2Y1g6zHaV65qDpx6BYbsgQq1cMK7xp5zt85BsgoXENviAaKnu4Ll\">https:\/\/www.facebook.com\/Niedersachsen\/posts\/pfbid07ZWQQw62CYhfR2Y1g6zHaV65qDpx6BYbsgQq1cMK7xp5zt85BsgoXENviAaKnu4Ll<\/a>)<\/p>\n<blockquote>\n<div class=\"html-div xdj266r xat24cr x1mh8g0r xexx8yu x4uap5 x18d9i69 xkhd6sd x78zum5 x2lah0s xqtp20y x1emribx\">\n<div class=\"x1vqgdyp x1n2onr6 x100vrsf\"><\/div>\n<\/div>\n<div class=\"html-div xdj266r x11i5rnm xat24cr x1mh8g0r xexx8yu x4uap5 x18d9i69 xkhd6sd x1iyjqo2\">\n<div class=\"x78zum5 xdt5ytf xz62fqu x16ldp7u\">\n<div class=\"xu06os2 x1ok221b\">\n<div class=\"html-div xdj266r x11i5rnm xat24cr x1mh8g0r xexx8yu x4uap5 x18d9i69 xkhd6sd\" data-ad-rendering-role=\"profile_name\">\n<h3 id=\":Rlaimqaqdfiq9papd5aq:\" class=\"html-h3 x11i5rnm xat24cr x1mh8g0r xexx8yu x4uap5 x18d9i69 xkhd6sd x1vvkbs x1heor9g x1qlqyl8 x1pd3egz x1a2a7pz x1gslohp x1yc453h\"><span class=\"xt0psk2\"><a class=\"x1i10hfl xjbqb8w x1ejq31n xd10rxx x1sy0etr x17r0tee x972fbf xcfux6l x1qhh985 xm0m39n x9f619 x1ypdohk xt0psk2 xe8uvvx xdj266r x11i5rnm xat24cr x1mh8g0r xexx8yu x4uap5 x18d9i69 xkhd6sd x16tdsg8 x1hl2dhg xggy1nq x1a2a7pz x1sur9pj xkrqix3 xzsf02u x1s688f\" tabindex=\"0\" role=\"link\" href=\"https:\/\/www.facebook.com\/Niedersachsen?__cft__[0]=AZXICr-Ll4ceqd1TJcw-q2iuCZLRl5xLg5Gyc6BgbYQEVw6elsVo3ybN411hNlXzUCqJy-u_XzzAFnUwclPpaJz4Tpp-bExPuqvKqaUOnii6nT8tGvwfNc7TcUKAbeJUMqXWkY_z1bvjzNHGW5LYRRYqsivnrAIfFqDP_AdFXfkKrQ&amp;__tn__=-UC%2CP-R\"><strong class=\"html-strong xdj266r x11i5rnm xat24cr x1mh8g0r xexx8yu x4uap5 x18d9i69 xkhd6sd x1hl2dhg x16tdsg8 x1vvkbs x1s688f\"><span class=\"html-span xdj266r x11i5rnm xat24cr x1mh8g0r xexx8yu x4uap5 x18d9i69 xkhd6sd x1hl2dhg x16tdsg8 x1vvkbs\">Niedersachsen<\/span><\/strong><\/a><\/span><\/h3>\n<\/div>\n<\/div>\n<\/div>\n<\/div>\n<div class=\"html-div xdj266r x11i5rnm xat24cr x1mh8g0r xexx8yu x4uap5 x18d9i69 xkhd6sd\" dir=\"auto\">\n<div class=\"html-div xdj266r x11i5rnm xat24cr x1mh8g0r xexx8yu x4uap5 x18d9i69 xkhd6sd\" data-ad-rendering-role=\"message\">\n<div id=\":Rlaimqaqdfiq9papd5aqH2:\" class=\"x1l90r2v x1pi30zi x1swvt13 x1iorvi4\" data-ad-comet-preview=\"message\" data-ad-preview=\"message\">\n<div class=\"x78zum5 xdt5ytf xz62fqu x16ldp7u\">\n<div class=\"xu06os2 x1ok221b\">\n<div class=\"xdj266r x11i5rnm xat24cr x1mh8g0r x1vvkbs x126k92a\">\n<div dir=\"auto\">Wenn J\u00fcdinnen und Juden beleidigt und diskriminiert werden, hat das nichts mit Empfindlichkeiten zu tun. Antisemitismus beginnt im Alltag. Wir alle sind gefordert zu widersprechen statt einfach wegzuh\u00f6ren. Wir als Landesregierung unterst\u00fctzen deshalb die heute gestartete Kampagne &#8222;Niedersachsen gegen Antisemitismus&#8220;. Wir setzen uns f\u00fcr ein offenes, vielf\u00e4ltiges und tolerantes Niedersachsen ein.<\/div>\n<\/div>\n<div class=\"x11i5rnm xat24cr x1mh8g0r x1vvkbs xtlvy1s x126k92a\">\n<div dir=\"auto\"><span class=\"html-span xdj266r x11i5rnm xat24cr x1mh8g0r xexx8yu x4uap5 x18d9i69 xkhd6sd x1hl2dhg x16tdsg8 x1vvkbs\"><a class=\"x1i10hfl xjbqb8w x1ejq31n xd10rxx x1sy0etr x17r0tee x972fbf xcfux6l x1qhh985 xm0m39n x9f619 x1ypdohk xt0psk2 xe8uvvx xdj266r x11i5rnm xat24cr x1mh8g0r xexx8yu x4uap5 x18d9i69 xkhd6sd x16tdsg8 x1hl2dhg xggy1nq x1a2a7pz x1sur9pj xkrqix3 x1fey0fg x1s688f\" tabindex=\"0\" role=\"link\" href=\"https:\/\/www.facebook.com\/hashtag\/niedersachsengegenantisemitismus?__eep__=6&amp;__cft__[0]=AZXICr-Ll4ceqd1TJcw-q2iuCZLRl5xLg5Gyc6BgbYQEVw6elsVo3ybN411hNlXzUCqJy-u_XzzAFnUwclPpaJz4Tpp-bExPuqvKqaUOnii6nT8tGvwfNc7TcUKAbeJUMqXWkY_z1bvjzNHGW5LYRRYqsivnrAIfFqDP_AdFXfkKrQ&amp;__tn__=*NK-R\">#NiedersachsenGegenAntisemitismus<\/a><\/span> <span class=\"html-span xdj266r x11i5rnm xat24cr x1mh8g0r xexx8yu x4uap5 x18d9i69 xkhd6sd x1hl2dhg x16tdsg8 x1vvkbs\"><a class=\"x1i10hfl xjbqb8w x1ejq31n xd10rxx x1sy0etr x17r0tee x972fbf xcfux6l x1qhh985 xm0m39n x9f619 x1ypdohk xt0psk2 xe8uvvx xdj266r x11i5rnm xat24cr x1mh8g0r xexx8yu x4uap5 x18d9i69 xkhd6sd x16tdsg8 x1hl2dhg xggy1nq x1a2a7pz x1sur9pj xkrqix3 x1fey0fg x1s688f\" tabindex=\"0\" role=\"link\" href=\"https:\/\/www.facebook.com\/hashtag\/widersprechenstattwegh%C3%B6ren?__eep__=6&amp;__cft__[0]=AZXICr-Ll4ceqd1TJcw-q2iuCZLRl5xLg5Gyc6BgbYQEVw6elsVo3ybN411hNlXzUCqJy-u_XzzAFnUwclPpaJz4Tpp-bExPuqvKqaUOnii6nT8tGvwfNc7TcUKAbeJUMqXWkY_z1bvjzNHGW5LYRRYqsivnrAIfFqDP_AdFXfkKrQ&amp;__tn__=*NK-R\">#WidersprechenStattWegh\u00f6ren<\/a><\/span> <span class=\"html-span xdj266r x11i5rnm xat24cr x1mh8g0r xexx8yu x4uap5 x18d9i69 xkhd6sd x1hl2dhg x16tdsg8 x1vvkbs\"><a class=\"x1i10hfl xjbqb8w x1ejq31n xd10rxx x1sy0etr x17r0tee x972fbf xcfux6l x1qhh985 xm0m39n x9f619 x1ypdohk xt0psk2 xe8uvvx xdj266r x11i5rnm xat24cr x1mh8g0r xexx8yu x4uap5 x18d9i69 xkhd6sd x16tdsg8 x1hl2dhg xggy1nq x1a2a7pz x1sur9pj xkrqix3 x1fey0fg x1s688f\" tabindex=\"0\" role=\"link\" href=\"https:\/\/www.facebook.com\/hashtag\/gemeinsamgegenantisemitismus?__eep__=6&amp;__cft__[0]=AZXICr-Ll4ceqd1TJcw-q2iuCZLRl5xLg5Gyc6BgbYQEVw6elsVo3ybN411hNlXzUCqJy-u_XzzAFnUwclPpaJz4Tpp-bExPuqvKqaUOnii6nT8tGvwfNc7TcUKAbeJUMqXWkY_z1bvjzNHGW5LYRRYqsivnrAIfFqDP_AdFXfkKrQ&amp;__tn__=*NK-R\">#GemeinsamGegenAntisemitismus<\/a><\/span> <span class=\"html-span xdj266r x11i5rnm xat24cr x1mh8g0r xexx8yu x4uap5 x18d9i69 xkhd6sd x1hl2dhg x16tdsg8 x1vvkbs\"><a class=\"x1i10hfl xjbqb8w x1ejq31n xd10rxx x1sy0etr x17r0tee x972fbf xcfux6l x1qhh985 xm0m39n x9f619 x1ypdohk xt0psk2 xe8uvvx xdj266r x11i5rnm xat24cr x1mh8g0r xexx8yu x4uap5 x18d9i69 xkhd6sd x16tdsg8 x1hl2dhg xggy1nq x1a2a7pz x1sur9pj xkrqix3 x1fey0fg x1s688f\" tabindex=\"0\" role=\"link\" href=\"https:\/\/www.facebook.com\/hashtag\/stopptantisemitismus?__eep__=6&amp;__cft__[0]=AZXICr-Ll4ceqd1TJcw-q2iuCZLRl5xLg5Gyc6BgbYQEVw6elsVo3ybN411hNlXzUCqJy-u_XzzAFnUwclPpaJz4Tpp-bExPuqvKqaUOnii6nT8tGvwfNc7TcUKAbeJUMqXWkY_z1bvjzNHGW5LYRRYqsivnrAIfFqDP_AdFXfkKrQ&amp;__tn__=*NK-R\">#StopptAntisemitismus<\/a><\/span> <span class=\"html-span xdj266r x11i5rnm xat24cr x1mh8g0r xexx8yu x4uap5 x18d9i69 xkhd6sd x1hl2dhg x16tdsg8 x1vvkbs\"><a class=\"x1i10hfl xjbqb8w x1ejq31n xd10rxx x1sy0etr x17r0tee x972fbf xcfux6l x1qhh985 xm0m39n x9f619 x1ypdohk xt0psk2 xe8uvvx xdj266r x11i5rnm xat24cr x1mh8g0r xexx8yu x4uap5 x18d9i69 xkhd6sd x16tdsg8 x1hl2dhg xggy1nq x1a2a7pz x1sur9pj xkrqix3 x1fey0fg x1s688f\" tabindex=\"0\" role=\"link\" href=\"https:\/\/www.facebook.com\/hashtag\/niewiederistjetzt?__eep__=6&amp;__cft__[0]=AZXICr-Ll4ceqd1TJcw-q2iuCZLRl5xLg5Gyc6BgbYQEVw6elsVo3ybN411hNlXzUCqJy-u_XzzAFnUwclPpaJz4Tpp-bExPuqvKqaUOnii6nT8tGvwfNc7TcUKAbeJUMqXWkY_z1bvjzNHGW5LYRRYqsivnrAIfFqDP_AdFXfkKrQ&amp;__tn__=*NK-R\">#NiewiederIstJetzt<\/a><\/span><\/div>\n<div dir=\"auto\"><\/div>\n<div dir=\"auto\"><img decoding=\"async\" class=\"x1bwycvy x193iq5w x4fas0m x19kjcj4\" src=\"https:\/\/scontent-ham3-1.xx.fbcdn.net\/v\/t39.30808-6\/465739769_1018613063638947_2256255781821352346_n.jpg?_nc_cat=107&amp;ccb=1-7&amp;_nc_sid=127cfc&amp;_nc_eui2=AeHH_LKhWmFVQeLYvGLI4yoIsisnZ0khPQ2yKydnSSE9DcDkZd892bvdyd92_mspFYSLy7h7syrYYH21mSYh3ahy&amp;_nc_ohc=Qi1zn9r3r9YQ7kNvgER6C8W&amp;_nc_zt=23&amp;_nc_ht=scontent-ham3-1.xx&amp;_nc_gid=AfmVjANs3CNnINDz7OAc9w6&amp;oh=00_AYBkVg3rM9Ln9xsY-4vJXPk09foq9lB98ld8oXc-lz5Log&amp;oe=67334C70\" alt=\"Ist m\u00f6glicherweise ein Bild von 2 Personen und Text\" data-visualcompletion=\"media-vc-image\" \/><\/div>\n<div dir=\"auto\">( <a href=\"https:\/\/www.facebook.com\/photo\/?fbid=1018613060305614&amp;set=a.658000779700179\">https:\/\/www.facebook.com\/photo\/?fbid=1018613060305614&amp;set=a.658000779700179<\/a>)<\/div>\n<\/div>\n<div class=\"x11i5rnm xat24cr x1mh8g0r x1vvkbs xtlvy1s x126k92a\">\n<div dir=\"auto\">Agenturfoto. Mit Model gestellt.<\/div>\n<\/div>\n<\/div>\n<\/div>\n<\/div>\n<\/div>\n<\/div>\n<\/blockquote>\n","protected":false},"excerpt":{"rendered":"<p>(Quelle: https:\/\/www.facebook.com\/Niedersachsen\/posts\/pfbid07ZWQQw62CYhfR2Y1g6zHaV65qDpx6BYbsgQq1cMK7xp5zt85BsgoXENviAaKnu4Ll) Niedersachsen Wenn J\u00fcdinnen und Juden beleidigt und diskriminiert werden, hat das nichts mit Empfindlichkeiten zu tun. Antisemitismus beginnt im Alltag. Wir alle sind gefordert zu widersprechen statt einfach wegzuh\u00f6ren. Wir als Landesregierung unterst\u00fctzen deshalb die heute gestartete Kampagne &#8222;Niedersachsen gegen Antisemitismus&#8220;. Wir setzen uns f\u00fcr ein offenes, vielf\u00e4ltiges und tolerantes Niedersachsen ein. #NiedersachsenGegenAntisemitismus &#8230; <a title=\"Landesregierung Niedersachsen unterst\u00fctzt Kampagne &#8222;Niedersachsen gegen Antisemitismus&#8220;\" class=\"read-more\" href=\"https:\/\/rt-europaallee.de\/wordpress\/2024\/11\/landesregierung-niedersachsen-unterstuetzt-kampagne-niedersachsen-gegen-antisemitismus\/\" aria-label=\"Mehr Informationen \u00fcber Landesregierung Niedersachsen unterst\u00fctzt Kampagne &#8222;Niedersachsen gegen Antisemitismus&#8220;\">Weiterlesen<\/a><\/p>\n","protected":false},"author":3,"featured_media":0,"comment_status":"closed","ping_status":"open","sticky":false,"template":"","format":"standard","meta":{"footnotes":""},"categories":[1],"tags":[],"class_list":["post-16580","post","type-post","status-publish","format-standard","hentry","category-allgemein"],"_links":{"self":[{"href":"https:\/\/rt-europaallee.de\/wordpress\/wp-json\/wp\/v2\/posts\/16580","targetHints":{"allow":["GET"]}}],"collection":[{"href":"https:\/\/rt-europaallee.de\/wordpress\/wp-json\/wp\/v2\/posts"}],"about":[{"href":"https:\/\/rt-europaallee.de\/wordpress\/wp-json\/wp\/v2\/types\/post"}],"author":[{"embeddable":true,"href":"https:\/\/rt-europaallee.de\/wordpress\/wp-json\/wp\/v2\/users\/3"}],"replies":[{"embeddable":true,"href":"https:\/\/rt-europaallee.de\/wordpress\/wp-json\/wp\/v2\/comments?post=16580"}],"version-history":[{"count":1,"href":"https:\/\/rt-europaallee.de\/wordpress\/wp-json\/wp\/v2\/posts\/16580\/revisions"}],"predecessor-version":[{"id":16581,"href":"https:\/\/rt-europaallee.de\/wordpress\/wp-json\/wp\/v2\/posts\/16580\/revisions\/16581"}],"wp:attachment":[{"href":"https:\/\/rt-europaallee.de\/wordpress\/wp-json\/wp\/v2\/media?parent=16580"}],"wp:term":[{"taxonomy":"category","embeddable":true,"href":"https:\/\/rt-europaallee.de\/wordpress\/wp-json\/wp\/v2\/categories?post=16580"},{"taxonomy":"post_tag","embeddable":true,"href":"https:\/\/rt-europaallee.de\/wordpress\/wp-json\/wp\/v2\/tags?post=16580"}],"curies":[{"name":"wp","href":"https:\/\/api.w.org\/{rel}","templated":true}]}}