{"id":16668,"date":"2024-11-20T15:31:13","date_gmt":"2024-11-20T14:31:13","guid":{"rendered":"http:\/\/rt-europaallee.org\/wordpress\/?p=16668"},"modified":"2024-11-20T15:31:13","modified_gmt":"2024-11-20T14:31:13","slug":"hna-bovender-adventskalender-hinter-jedem-tuerchen-stecken-preise","status":"publish","type":"post","link":"https:\/\/rt-europaallee.de\/wordpress\/2024\/11\/hna-bovender-adventskalender-hinter-jedem-tuerchen-stecken-preise\/","title":{"rendered":"HNA: Bovender Adventskalender: Hinter jedem T\u00fcrchen stecken Preise"},"content":{"rendered":"<p>(Quelle: <a href=\"https:\/\/www.hna.de\/lokales\/goettingen\/goettingen-ort28741\/adventskalender-hinter-jedem-tuerchen-stecken-preise-93420693.html?fbclid=IwZXh0bgNhZW0CMTEAAR35U1L-0N9MtnymqAEoHXGmd1Ev15FllClrV6VQGFZMp5BCv86mSJoSFX4_aem_LuKFrd4ZY8kE_LpFXdwlog\">https:\/\/www.hna.de\/lokales\/goettingen\/goettingen-ort28741\/adventskalender-hinter-jedem-tuerchen-stecken-preise-93420693.html?<\/a>)<\/p>\n<blockquote>\n<h1 class=\"id-StoryElement-headline\">Bovender Adventskalender: Hinter jedem T\u00fcrchen stecken Preise<\/h1>\n<p class=\"id-Story-timestamp id-Story-timestamp--default\"><span class=\"id-Story-timestamp-content\"><span class=\"id-Story-timestamp-content-prefix\">Stand: <\/span><time datetime=\"2024-11-20 11:54\">20.11.2024, 11:54 Uhr<\/time><\/span><\/p>\n<p class=\"id-Story-authors id-Story-authors--default\"><span class=\"id-Story-authors-by\">Von: <\/span><a class=\"id-Story-authors-link lp_west_author\" title=\"Zur Autorenseite von Bernd Schlegel\" href=\"https:\/\/www.hna.de\/autoren\/703\/\" data-id-ec=\"{&quot;shn&quot;:&quot;Story&quot;,&quot;sht&quot;:&quot;Container&quot;,&quot;p&quot;:{&quot;containerType&quot;:&quot;Authors&quot;,&quot;displayType&quot;:&quot;Story Author-Link&quot;,&quot;type&quot;:&quot;INSERTED_AUTHORS&quot;,&quot;value&quot;:&quot;Bernd Schlegel&quot;,&quot;position&quot;:&quot;1&quot;,&quot;storyElementPosition&quot;:&quot;4&quot;,&quot;storyElementCount&quot;:&quot;25&quot;}}\" data-k5a-pos=\"west_author\" data-id-em=\"1\">Bernd Schlegel<\/a><\/p>\n<figure class=\"id-StoryElement-image\">\n<div class=\"id-RatioPlaceholder\"><img loading=\"lazy\" decoding=\"async\" class=\"id-RatioPlaceholder-element wv_story_el_image\" src=\"https:\/\/www.hna.de\/assets\/images\/36\/249\/36249976-stellten-den-bovender-adventskalender-2024-vor-von-links-buergermeister-thomas-brandes-iris-burchhardt-vom-schuhhaus-burchhardt-meike-herting-von-1fmXFv38xKfe.jpg\" sizes=\"auto, (min-width: 769px) 768px, 100vw\" srcset=\"https:\/\/www.hna.de\/assets\/images\/36\/249\/36249976-stellten-den-bovender-adventskalender-2024-vor-von-links-buergermeister-thomas-brandes-iris-burchhardt-vom-schuhhaus-burchhardt-meike-herting-von-1fmXFv38xKb6.jpg 448w,https:\/\/www.hna.de\/assets\/images\/36\/249\/36249976-stellten-den-bovender-adventskalender-2024-vor-von-links-buergermeister-thomas-brandes-iris-burchhardt-vom-schuhhaus-burchhardt-meike-herting-von-1fmXFv38xK70.jpg 768w,https:\/\/www.hna.de\/assets\/images\/36\/249\/36249976-stellten-den-bovender-adventskalender-2024-vor-von-links-buergermeister-thomas-brandes-iris-burchhardt-vom-schuhhaus-burchhardt-meike-herting-von-1fmXFv38xKfe.jpg 1100w,https:\/\/www.hna.de\/assets\/images\/36\/249\/36249976-stellten-den-bovender-adventskalender-2024-vor-von-links-buergermeister-thomas-brandes-iris-burchhardt-vom-schuhhaus-burchhardt-meike-herting-von-1fmXFv38xK7a.jpg 1408w,https:\/\/www.hna.de\/assets\/images\/36\/249\/36249976-stellten-den-bovender-adventskalender-2024-vor-von-links-buergermeister-thomas-brandes-iris-burchhardt-vom-schuhhaus-burchhardt-meike-herting-von-1fmXFv38xKMH.jpg 1600w\" alt=\"Stellten den Bovender Adventskalender 2024 vor: (von links) B\u00fcrgermeister Thomas Brandes, Iris Burchhardt vom Schuhhaus Burchhardt, Meike Herting von Plesse Mode Royal und Rolf Degener von der B\u00fcrgerstiftung Bovenden.\" width=\"1100\" height=\"619\" \/><\/div>\n<h6>( <a href=\"https:\/\/www.hna.de\/assets\/images\/36\/249\/36249976-stellten-den-bovender-adventskalender-2024-vor-von-links-buergermeister-thomas-brandes-iris-burchhardt-vom-schuhhaus-burchhardt-meike-herting-von-1fmXFv38xKfe.jpg\">https:\/\/www.hna.de\/assets\/images\/36\/249\/36249976-stellten-den-bovender-adventskalender-2024-vor-von-links-buergermeister-thomas-brandes-iris-burchhardt-vom-schuhhaus-burchhardt-meike-herting-von-1fmXFv38xKfe.jpg<\/a>)<\/h6><figcaption class=\"id-StoryElement-image-caption\">Stellten den Bovender Adventskalender 2024 vor: (von links) B\u00fcrgermeister Thomas Brandes, Iris Burchhardt vom Schuhhaus Burchhardt, Meike Herting von Plesse Mode Royal und Rolf Degener von der B\u00fcrgerstiftung Bovenden. \u00a9\u00a0privat\/nh<\/figcaption><\/figure>\n<p class=\"id-StoryElement-leadText\">Erneut gibt es in Bovenden einen Adventskalender mit wertvollen Preisen. Der Erl\u00f6s der Aktion flie\u00dft an die B\u00fcrgerstiftung.<\/p>\n<p class=\"id-StoryElement-paragraph\">Bovenden \u2013 Der Bovender Adeventskalender, der jetzt wieder angeboten wird, bietet zwar keine Schokolade, aber daf\u00fcr stecken hinter jedem T\u00fcrchen Preise.<\/p>\n<div class=\"id-TBeepSlot--content\">\n<div id=\"trf_ad_desktop_news_fixed_after_count_3_93420693_content_1_idx_7\" class=\"Content_1 id-TBeepSlot-inner--content trf-center-container trf-declaration-container\" data-google-query-id=\"CMWGqMWO64kDFQyH_Qcd0vsG4w\">\n<h3 id=\"google_ads_iframe_\/307308315,5176\/idan.hna.de\/localnews_2__container__\">&#8230;<\/h3>\n<\/div>\n<\/div>\n<\/blockquote>\n","protected":false},"excerpt":{"rendered":"<p>(Quelle: https:\/\/www.hna.de\/lokales\/goettingen\/goettingen-ort28741\/adventskalender-hinter-jedem-tuerchen-stecken-preise-93420693.html?) Bovender Adventskalender: Hinter jedem T\u00fcrchen stecken Preise Stand: 20.11.2024, 11:54 Uhr Von: Bernd Schlegel ( https:\/\/www.hna.de\/assets\/images\/36\/249\/36249976-stellten-den-bovender-adventskalender-2024-vor-von-links-buergermeister-thomas-brandes-iris-burchhardt-vom-schuhhaus-burchhardt-meike-herting-von-1fmXFv38xKfe.jpg)Stellten den Bovender Adventskalender 2024 vor: (von links) B\u00fcrgermeister Thomas Brandes, Iris Burchhardt vom Schuhhaus Burchhardt, Meike Herting von Plesse Mode Royal und Rolf Degener von der B\u00fcrgerstiftung Bovenden. \u00a9\u00a0privat\/nh Erneut gibt es in Bovenden einen Adventskalender mit &#8230; <a title=\"HNA: Bovender Adventskalender: Hinter jedem T\u00fcrchen stecken Preise\" class=\"read-more\" href=\"https:\/\/rt-europaallee.de\/wordpress\/2024\/11\/hna-bovender-adventskalender-hinter-jedem-tuerchen-stecken-preise\/\" aria-label=\"Mehr Informationen \u00fcber HNA: Bovender Adventskalender: Hinter jedem T\u00fcrchen stecken Preise\">Weiterlesen<\/a><\/p>\n","protected":false},"author":3,"featured_media":0,"comment_status":"closed","ping_status":"open","sticky":false,"template":"","format":"standard","meta":{"footnotes":""},"categories":[1],"tags":[],"class_list":["post-16668","post","type-post","status-publish","format-standard","hentry","category-allgemein"],"_links":{"self":[{"href":"https:\/\/rt-europaallee.de\/wordpress\/wp-json\/wp\/v2\/posts\/16668","targetHints":{"allow":["GET"]}}],"collection":[{"href":"https:\/\/rt-europaallee.de\/wordpress\/wp-json\/wp\/v2\/posts"}],"about":[{"href":"https:\/\/rt-europaallee.de\/wordpress\/wp-json\/wp\/v2\/types\/post"}],"author":[{"embeddable":true,"href":"https:\/\/rt-europaallee.de\/wordpress\/wp-json\/wp\/v2\/users\/3"}],"replies":[{"embeddable":true,"href":"https:\/\/rt-europaallee.de\/wordpress\/wp-json\/wp\/v2\/comments?post=16668"}],"version-history":[{"count":1,"href":"https:\/\/rt-europaallee.de\/wordpress\/wp-json\/wp\/v2\/posts\/16668\/revisions"}],"predecessor-version":[{"id":16669,"href":"https:\/\/rt-europaallee.de\/wordpress\/wp-json\/wp\/v2\/posts\/16668\/revisions\/16669"}],"wp:attachment":[{"href":"https:\/\/rt-europaallee.de\/wordpress\/wp-json\/wp\/v2\/media?parent=16668"}],"wp:term":[{"taxonomy":"category","embeddable":true,"href":"https:\/\/rt-europaallee.de\/wordpress\/wp-json\/wp\/v2\/categories?post=16668"},{"taxonomy":"post_tag","embeddable":true,"href":"https:\/\/rt-europaallee.de\/wordpress\/wp-json\/wp\/v2\/tags?post=16668"}],"curies":[{"name":"wp","href":"https:\/\/api.w.org\/{rel}","templated":true}]}}