{"id":16685,"date":"2024-11-22T12:32:47","date_gmt":"2024-11-22T11:32:47","guid":{"rendered":"http:\/\/rt-europaallee.org\/wordpress\/?p=16685"},"modified":"2024-11-22T12:47:51","modified_gmt":"2024-11-22T11:47:51","slug":"goettingen-heute-mit-gustavo-unterwegs-gemeinsame-erklaerung-zum-haushaltssicherungskonzept-hsk-der-stadt-goettingen","status":"publish","type":"post","link":"https:\/\/rt-europaallee.de\/wordpress\/2024\/11\/goettingen-heute-mit-gustavo-unterwegs-gemeinsame-erklaerung-zum-haushaltssicherungskonzept-hsk-der-stadt-goettingen\/","title":{"rendered":"G\u00f6ttingen Heute mit Gustavo Unterwegs: Gemeinsame Erkl\u00e4rung zum Haushaltssicherungskonzept (HSK) der Stadt G\u00f6ttingen"},"content":{"rendered":"\n<p>von Stadtjugendring G\u00f6ttingen, Jugendzentrum Geismar e.V., Unabh\u00e4n- giges Jugendzentrum Weende, Jugendzentrum Innenstadt und Kore e.V.<\/p>\n\n\n<p>(Quelle: <a href=\"https:\/\/www.facebook.com\/Gustavounterwegs\/posts\/pfbid037QZMMLZ6AETz7EchULFnKmsDV5AQzypJB5bRtkWTepSGFbQRQYYYyQee3gT13yxxl\">https:\/\/www.facebook.com\/Gustavounterwegs\/posts\/pfbid037QZMMLZ6AETz7EchULFnKmsDV5AQzypJB5bRtkWTepSGFbQRQYYYyQee3gT13yxxl<\/a>)<\/p>\n<blockquote>\n<div class=\"xu06os2 x1ok221b\">\n<div class=\"html-div xdj266r x11i5rnm xat24cr x1mh8g0r xexx8yu x4uap5 x18d9i69 xkhd6sd\" data-ad-rendering-role=\"profile_name\">\n<h3 id=\":r7t:\" class=\"html-h3 x11i5rnm xat24cr x1mh8g0r xexx8yu x4uap5 x18d9i69 xkhd6sd x1vvkbs x1heor9g x1qlqyl8 x1pd3egz x1a2a7pz x1gslohp x1yc453h\"><span class=\"xt0psk2\"><a class=\"x1i10hfl xjbqb8w x1ejq31n xd10rxx x1sy0etr x17r0tee x972fbf xcfux6l x1qhh985 xm0m39n x9f619 x1ypdohk xt0psk2 xe8uvvx xdj266r x11i5rnm xat24cr x1mh8g0r xexx8yu x4uap5 x18d9i69 xkhd6sd x16tdsg8 x1hl2dhg xggy1nq x1a2a7pz x1sur9pj xkrqix3 xzsf02u x1s688f\" tabindex=\"0\" role=\"link\" href=\"https:\/\/www.facebook.com\/Gustavounterwegs?__cft__[0]=AZXe4VXeXQBVeQwCi4cPkLV1C4T1-_PyiQIAxA1xxYoK-r8cuetVFF3ZAw40j3pdDf4y4BOMmRcKnoS2fpF2BGI2aQ6c1dAN9s1L83iMpn1IQwDGAHnJd13m-GiY2NJZ3RGUmKnTn9ZxAyOnsCEcQaflRcOOaUiCoO96z5xc10Zu0w&amp;__tn__=-UC%2CP-R\"><strong class=\"html-strong xdj266r x11i5rnm xat24cr x1mh8g0r xexx8yu x4uap5 x18d9i69 xkhd6sd x1hl2dhg x16tdsg8 x1vvkbs x1s688f\"><span class=\"html-span xdj266r x11i5rnm xat24cr x1mh8g0r xexx8yu x4uap5 x18d9i69 xkhd6sd x1hl2dhg x16tdsg8 x1vvkbs\">G\u00f6ttingen Heute mit Gustavo Unterwegs<\/span><\/strong><\/a><\/span><\/h3>\n<\/div>\n<\/div>\n<div class=\"xqcrz7y x78zum5 x1qx5ct2 x1y1aw1k x1sxyh0 xwib8y2 xurb0ha xw4jnvo\">\n<div>\u00a0<\/div>\n<\/div>\n<div class=\"html-div xdj266r x11i5rnm xat24cr x1mh8g0r xexx8yu x4uap5 x18d9i69 xkhd6sd\">\n<div class=\"html-div xdj266r x11i5rnm xat24cr x1mh8g0r xexx8yu x4uap5 x18d9i69 xkhd6sd\" dir=\"auto\">\n<div class=\"html-div xdj266r x11i5rnm xat24cr x1mh8g0r xexx8yu x4uap5 x18d9i69 xkhd6sd\" data-ad-rendering-role=\"story_message\">\n<div id=\":r7v:\" class=\"x1pi30zi x1swvt13 x1iorvi4 xjkvuk6\" data-ad-comet-preview=\"message\" data-ad-preview=\"message\">\n<div class=\"x78zum5 xdt5ytf xz62fqu x16ldp7u\">\n<div class=\"xu06os2 x1ok221b\">\n<div class=\"xdj266r x11i5rnm xat24cr x1mh8g0r x1vvkbs x126k92a\">\n<div dir=\"auto\">&#8222;G\u00f6ttingen Heute&#8220; Politik<\/div>\n<div dir=\"auto\">\u00a0<\/div>\n<\/div>\n<div class=\"x11i5rnm xat24cr x1mh8g0r x1vvkbs xtlvy1s x126k92a\">\n<div dir=\"auto\">Gemeinsame Erkl\u00e4rung von Stadtjugendring G\u00f6ttingen, Jugendzentrum Geismar e.V., Unabh\u00e4n- giges Jugendzentrum Weende, Jugendzentrum Innenstadt und Kore e.V. <span class=\"html-span xdj266r x11i5rnm xat24cr x1mh8g0r xexx8yu x4uap5 x18d9i69 xkhd6sd x1hl2dhg x16tdsg8 x1vvkbs\"><a class=\"x1i10hfl xjbqb8w x1ejq31n xd10rxx x1sy0etr x17r0tee x972fbf xcfux6l x1qhh985 xm0m39n x9f619 x1ypdohk xt0psk2 xe8uvvx xdj266r x11i5rnm xat24cr x1mh8g0r xexx8yu x4uap5 x18d9i69 xkhd6sd x16tdsg8 x1hl2dhg xggy1nq x1a2a7pz x1sur9pj xkrqix3 x1fey0fg x1s688f\" tabindex=\"0\" role=\"link\" href=\"https:\/\/www.facebook.com\/hashtag\/go%CC%88ttingen?__eep__=6&amp;__cft__[0]=AZXe4VXeXQBVeQwCi4cPkLV1C4T1-_PyiQIAxA1xxYoK-r8cuetVFF3ZAw40j3pdDf4y4BOMmRcKnoS2fpF2BGI2aQ6c1dAN9s1L83iMpn1IQwDGAHnJd13m-GiY2NJZ3RGUmKnTn9ZxAyOnsCEcQaflRcOOaUiCoO96z5xc10Zu0w&amp;__tn__=*NK-R\">#go\u0308ttingen<\/a><\/span> <span class=\"html-span xdj266r x11i5rnm xat24cr x1mh8g0r xexx8yu x4uap5 x18d9i69 xkhd6sd x1hl2dhg x16tdsg8 x1vvkbs\"><a class=\"x1i10hfl xjbqb8w x1ejq31n xd10rxx x1sy0etr x17r0tee x972fbf xcfux6l x1qhh985 xm0m39n x9f619 x1ypdohk xt0psk2 xe8uvvx xdj266r x11i5rnm xat24cr x1mh8g0r xexx8yu x4uap5 x18d9i69 xkhd6sd x16tdsg8 x1hl2dhg xggy1nq x1a2a7pz x1sur9pj xkrqix3 x1fey0fg x1s688f\" tabindex=\"0\" role=\"link\" href=\"https:\/\/www.facebook.com\/hashtag\/goettingen?__eep__=6&amp;__cft__[0]=AZXe4VXeXQBVeQwCi4cPkLV1C4T1-_PyiQIAxA1xxYoK-r8cuetVFF3ZAw40j3pdDf4y4BOMmRcKnoS2fpF2BGI2aQ6c1dAN9s1L83iMpn1IQwDGAHnJd13m-GiY2NJZ3RGUmKnTn9ZxAyOnsCEcQaflRcOOaUiCoO96z5xc10Zu0w&amp;__tn__=*NK-R\">#goettingen<\/a><\/span> Stadtjugendring G\u00f6ttingen<\/div>\n<div dir=\"auto\">\u00a0<\/div>\n<\/div>\n<div class=\"x11i5rnm xat24cr x1mh8g0r x1vvkbs xtlvy1s x126k92a\">\n<div dir=\"auto\">Am 15. November hat die Verwaltung der Stadt G\u00f6ttingen ihr Haushaltssicherungskonzept (HSK) vorgestellt. In diesem Haushaltssicherungskonzept schl\u00e4gt die Verwaltung vor, die bestehenden Vertr\u00e4ge mit den Tr\u00e4gern der freien Jugendarbeit zu k\u00fcndigen. Dies begr\u00fcndet sie damit, die be- vorstehende Tarifsteigerung auszusetzen und Gelder einzusparen.<\/div>\n<div dir=\"auto\">\u00dcber diese Pl\u00e4ne sind wir schockiert. Die Verwaltung macht neben dem Vorschlag der Vertrags- k\u00fcndigungen keinerlei Aussage dar\u00fcber, wie und ob die Tr\u00e4ger der freien Jugendarbeit \u00fcberhaupt neue Vertr\u00e4ge bekommen werden.<\/div>\n<div dir=\"auto\">Bedroht von den vorgeschlagenen Vertragsk\u00fcndigungen sind: das Jugendzentrum Geismar, das UJZ Weende, der Jugendclub Grone, das JuzI, Kore als Angebot der offenen M\u00e4dchen*arbeit und der Stadtjugendring als Zusammenschluss von \u00fcber 30 Jugendverb\u00e4nden in G\u00f6ttingen.<\/div>\n<div dir=\"auto\">Dem Vorschlag der Stadtverwaltung nach sollen die K\u00fcndigungen bis Ende diesen Jahres erfol- gen. Damit sind die freien Tr\u00e4ger der Jugendarbeit ab 2026 konkret von Schlie\u00dfung bedroht.<\/div>\n<div dir=\"auto\">Die Verwaltung schreibt in ihrem Haushaltssicherungskonzept selbst, dass mit diesen drohenden K\u00fcndigungen die Einrichtungen Personal verlieren k\u00f6nnten, der Regelbetrieb der Einrichtungen nicht mehr aufrechterhalten werden wird, und all das trotz des starken Bedarfs an unserer Arbeit, der auch der Verwaltung bekannt ist. Und auch jetzt schon stehen diverse Einrichtungen schon vor akuten Problemen wie dem Fachkr\u00e4ftemangel.<\/div>\n<div dir=\"auto\">Nach mehreren Jahrzehnten erfolgreicher und aktiver Jugendarbeit stellt sich tats\u00e4chlich die Frage, ob unsere Arbeit weiter existieren kann.<\/div>\n<div dir=\"auto\">Mit den geplanten Vertragsk\u00fcndigungen in diesem Jahr h\u00e4tten die freien Tr\u00e4ger nur ein Jahr Zeit, um, falls \u00fcberhaupt m\u00f6glich, neue Vertr\u00e4ge auszuhandeln. Auch hier wei\u00df die Verwaltung, dass unterschiedliche Stellen und Gremien an so einem Vorgang beteiligt sind- neue Vertragsab- schl\u00fcsse k\u00f6nnen nicht in einem so kurzen Zeitraum wie einem Jahr erarbeitet werden.<\/div>\n<div dir=\"auto\">Wenn die Stadtverwaltung diese Pl\u00e4ne tats\u00e4chlich weiterverfolgt, ist zu bef\u00fcrchten, dass nicht nur neue formale Kriterien f\u00fcr eventuelle neue Vertr\u00e4ge ausgehandelt werden m\u00fcssen, sondern auch Vertr\u00e4ge mit einzelnen Einrichtungen grunds\u00e4tzlich infragegestellt werden.<\/div>\n<div dir=\"auto\">\u00dcber Jahrzehnte gab es keine Tarifsteigerungen, was dazu gef\u00fchrt hat, dass unbezahlte Arbeit von Ehrenamtlichen geleistet werden musste.<\/div>\n<div dir=\"auto\">Allein die geplante Aussetzung der Tarifsteigerungen f\u00fcr das Personal erinnert an die altbekannte Praxis, freien Tr\u00e4gern faktisch Gelder zu k\u00fcrzen.<\/div>\n<div dir=\"auto\">Das inzwischen bestehende Vertrauensverh\u00e4ltnis zwischen den freien Tr\u00e4gern, st\u00e4dtischen Tr\u00e4- gern der Jugendarbeit und der Verwaltung ist mit dem Haushaltssicherungskonzept gef\u00e4hrdet. Bundesweit wurde G\u00f6ttingen f\u00fcr die gute Zusammenarbeit gelobt.<\/div>\n<div dir=\"auto\">Unter anderem ist aus dieser Kooperation das Rahmenkonzept der Offenen Kinder- und Jugend- arbeit in G\u00f6ttingen entstanden, an dem freie Tr\u00e4ger, Verwaltung und Stadtpolitik mitgewirkt ha- ben. Die von der Verwaltung nun vorgeschlagenen Tarifk\u00fcrzungen sowie K\u00fcndigungen gef\u00e4hrden den Erfolg diesen Rahmenkonzepts und damit die Offene Kinder- und Jugendarbeit in G\u00f6ttingen. Mehr noch, diese Vorschl\u00e4ge werden mehr zerst\u00f6ren, als sie je an Einsparungen einbringen w\u00fcr- den.<\/div>\n<div dir=\"auto\">Das bewusste Kaputtsparen von Strukturen f\u00fchrt meistens zu dem Punkt, dass diese Strukturen nicht mehr existieren. Die Arbeit mit jungen Menschen erfordert auch sichere und stabile Bezie- hungen sowie Kontinuit\u00e4t- mit geplanten K\u00fcrzungen und K\u00fcndigungen sind Personalwechsel und Personalmangel einkalkuliert, und stehen somit im Gegensatz zu den Erfordernissen der Kinder- und Jugendarbeit und der Arbeit mit Menschen generell.<\/div>\n<\/div>\n<div class=\"x11i5rnm xat24cr x1mh8g0r x1vvkbs xtlvy1s x126k92a\">\n<div dir=\"auto\">Der Bedarf und die Notwendigkeit an Angeboten offener Kinder- und Jugendarbeit sind bekannt: mit dieser Arbeit wird unter anderem sinnvolle Freizeitgestaltung erm\u00f6glicht bis hin zu Hilfen in Krisensituationen.<\/div>\n<div dir=\"auto\">Diese Arbeit kann nicht nur durch Ehrenamtliche geleistet werden- zumal es h\u00e4ufig Schwierigkei- ten gibt, Menschen f\u00fcr l\u00e4ngerfristiges gesellschaftliches Engagement zu gewinnen. Auch diese Tatsachen m\u00fcsste die Stadt kennen- so hat sie zum Beispiel hinsichtlich ihrer Sommerma\u00dfnahmen selbst Schwierigkeiten, die Arbeit durch Ehrenamtliche sicherzustellen.<\/div>\n<div dir=\"auto\">Diese geplanten K\u00fcrzungen und Vertragsk\u00fcndigungen sind ein fatales Signal an die engagierten Einrichtungen, junge Menschen und die gesamte Stadtbev\u00f6lkerung G\u00f6ttingens. Diese Vorschl\u00e4ge der Verwaltung k\u00f6nnen nur frustrieren und finden in einem Bereich statt, in dem junge Menschen und ihr Aufwachsen in unserer Gesellschaft sinnvoll begleitet werden sollen.<\/div>\n<\/div>\n<\/div>\n<\/div>\n<\/div>\n<\/div>\n<\/div>\n<\/div>\n<\/blockquote>","protected":false},"excerpt":{"rendered":"<p>von Stadtjugendring G\u00f6ttingen, Jugendzentrum Geismar e.V., Unabh\u00e4n- giges Jugendzentrum Weende, Jugendzentrum Innenstadt und Kore e.V. (Quelle: https:\/\/www.facebook.com\/Gustavounterwegs\/posts\/pfbid037QZMMLZ6AETz7EchULFnKmsDV5AQzypJB5bRtkWTepSGFbQRQYYYyQee3gT13yxxl) G\u00f6ttingen Heute mit Gustavo Unterwegs \u00a0 &#8222;G\u00f6ttingen Heute&#8220; Politik \u00a0 Gemeinsame Erkl\u00e4rung von Stadtjugendring G\u00f6ttingen, Jugendzentrum Geismar e.V., Unabh\u00e4n- giges Jugendzentrum Weende, Jugendzentrum Innenstadt und Kore e.V. #go\u0308ttingen #goettingen Stadtjugendring G\u00f6ttingen \u00a0 Am 15. November hat die Verwaltung &#8230; <a title=\"G\u00f6ttingen Heute mit Gustavo Unterwegs: Gemeinsame Erkl\u00e4rung zum Haushaltssicherungskonzept (HSK) der Stadt G\u00f6ttingen\" class=\"read-more\" href=\"https:\/\/rt-europaallee.de\/wordpress\/2024\/11\/goettingen-heute-mit-gustavo-unterwegs-gemeinsame-erklaerung-zum-haushaltssicherungskonzept-hsk-der-stadt-goettingen\/\" aria-label=\"Mehr Informationen \u00fcber G\u00f6ttingen Heute mit Gustavo Unterwegs: Gemeinsame Erkl\u00e4rung zum Haushaltssicherungskonzept (HSK) der Stadt G\u00f6ttingen\">Weiterlesen<\/a><\/p>\n","protected":false},"author":3,"featured_media":0,"comment_status":"closed","ping_status":"open","sticky":false,"template":"","format":"standard","meta":{"footnotes":""},"categories":[1],"tags":[],"class_list":["post-16685","post","type-post","status-publish","format-standard","hentry","category-allgemein"],"_links":{"self":[{"href":"https:\/\/rt-europaallee.de\/wordpress\/wp-json\/wp\/v2\/posts\/16685","targetHints":{"allow":["GET"]}}],"collection":[{"href":"https:\/\/rt-europaallee.de\/wordpress\/wp-json\/wp\/v2\/posts"}],"about":[{"href":"https:\/\/rt-europaallee.de\/wordpress\/wp-json\/wp\/v2\/types\/post"}],"author":[{"embeddable":true,"href":"https:\/\/rt-europaallee.de\/wordpress\/wp-json\/wp\/v2\/users\/3"}],"replies":[{"embeddable":true,"href":"https:\/\/rt-europaallee.de\/wordpress\/wp-json\/wp\/v2\/comments?post=16685"}],"version-history":[{"count":3,"href":"https:\/\/rt-europaallee.de\/wordpress\/wp-json\/wp\/v2\/posts\/16685\/revisions"}],"predecessor-version":[{"id":16688,"href":"https:\/\/rt-europaallee.de\/wordpress\/wp-json\/wp\/v2\/posts\/16685\/revisions\/16688"}],"wp:attachment":[{"href":"https:\/\/rt-europaallee.de\/wordpress\/wp-json\/wp\/v2\/media?parent=16685"}],"wp:term":[{"taxonomy":"category","embeddable":true,"href":"https:\/\/rt-europaallee.de\/wordpress\/wp-json\/wp\/v2\/categories?post=16685"},{"taxonomy":"post_tag","embeddable":true,"href":"https:\/\/rt-europaallee.de\/wordpress\/wp-json\/wp\/v2\/tags?post=16685"}],"curies":[{"name":"wp","href":"https:\/\/api.w.org\/{rel}","templated":true}]}}