{"id":16716,"date":"2024-11-26T19:56:22","date_gmt":"2024-11-26T18:56:22","guid":{"rendered":"http:\/\/rt-europaallee.org\/wordpress\/?p=16716"},"modified":"2024-11-26T19:56:22","modified_gmt":"2024-11-26T18:56:22","slug":"stadt-goettingen-stadt-verleiht-ehrenbuergerwuerde-posthum-an-thomas-oppermann","status":"publish","type":"post","link":"https:\/\/rt-europaallee.de\/wordpress\/2024\/11\/stadt-goettingen-stadt-verleiht-ehrenbuergerwuerde-posthum-an-thomas-oppermann\/","title":{"rendered":"Stadt G\u00f6ttingen: Stadt verleiht Ehrenb\u00fcrgerw\u00fcrde posthum an Thomas Oppermann"},"content":{"rendered":"<p>(Quelle: <a href=\"https:\/\/www.goettingen.de\/portal\/meldungen\/stadt-verleiht-ehrenbuergerwuerde-an-thomas-oppermann-900003517-25480.html?rubrik=900000003\">https:\/\/www.goettingen.de\/portal\/meldungen\/stadt-verleiht-ehrenbuergerwuerde-an-thomas-oppermann-900003517-25480.html?rubrik=900000003<\/a>)<\/p>\n<blockquote>\n<div class=\"fusstext fusstext_oben\"><span class=\"create\">21.11.2024<\/span>\n<div>\u00a0<\/div>\n<\/div>\n<h3 class=\"kontrast-bild\">Stadt verleiht Ehrenb\u00fcrgerw\u00fcrde an Thomas Oppermann<\/h3>\n<div id=\"nolis_content_site\" class=\"nolis_content_site\">\n<p class=\"anreisser_detail\"><strong>Erstmals verleiht die Stadt G\u00f6ttingen am Sonntag, 1. Dezember 2024, in einem feierlichen Akt im Beisein des Ministerpr\u00e4sidenten Stephan Weil und der Oberb\u00fcrgermeisterin Petra Broistedt die Ehrenb\u00fcrgerw\u00fcrde an eine verstorbene Person. Die Ehre wird Thomas Oppermann zuteil, der am 25. Oktober 2020 im Alter von 66 Jahren pl\u00f6tzlich verstarb. Die Ehrenb\u00fcrgerw\u00fcrde wird in Anerkennung seiner jahrzehntelangen Arbeit f\u00fcr und Identifikation mit G\u00f6ttingen posthum verliehen.<\/strong><\/p>\n<div class=\"print_href print_abbr\">\n<div class=\"template template1\">\n<div class=\"platz platz1\">\n<div class=\"rahmen\">\n<div class=\"innen\">\n<p>In der Begr\u00fcndung, die im Rat der Stadt G\u00f6ttingen partei\u00fcbergreifend Zustimmung gefunden hat, hei\u00dft es: \u201eThomas Oppermann hat durch seine gro\u00dfe Integrit\u00e4t die Gesellschaft mitgestaltet. Er war politisch und gesellschaftlich f\u00fcr Stadt und Universit\u00e4t G\u00f6ttingen engagiert und hat die demokratischen Grundwerte stets weitergetragen. Sein Leben lang hat er sich mit viel Engagement f\u00fcr G\u00f6ttingen eingesetzt und dabei stets ein offenes Ohr gehabt &#8211; sowohl f\u00fcr die Nachbarin nebenan oder den Sportvereinsvorsitzenden als auch f\u00fcr die Belange der Wirtschaft, der Wissenschaft, der Kultur, des Sozialwesens und des Sports. Thomas Oppermann ist es zu verdanken, dass eine Vielzahl von F\u00f6rdermitteln z.B. f\u00fcr die Universit\u00e4t, das Forum Wissen, das Biodiversit\u00e4tsmuseum u.v.m. in die Region gelangten. Er war in G\u00f6ttingen F\u00f6rderer der Wissenschaft und der Universit\u00e4t, aus pers\u00f6nlichem Interesse als nieders\u00e4chsischer Wissenschaftsminister auch besonders auf ihrem Weg zur Stiftungsuniversit\u00e4t, der Akademie der Wissenschaften, der H\u00e4ndel-Gesellschaft, des F\u00f6rderkreises Planetarium, des Literarischen Zentrums, des Basketballs und Fu\u00dfballs, des Forums Wissen, der Stiftung Adam von Trott, der Gesellschaft f\u00fcr Wirtschaftsf\u00f6rderung und Stadtentwicklung, des Jungen Theaters, der Gesellschaft f\u00fcr bedrohte V\u00f6lker, des Max-Planck-Instituts f\u00fcr Dynamik und Selbstorganisation, des G\u00f6ttinger Symphonieorchesters.<\/p>\n<p>Dar\u00fcber hinaus war er aktiv f\u00fcr den Blindenfu\u00dfball, die Volkswagen-Stiftung, die Hertie School of Governance, die Technische Universit\u00e4t Dresden, die Ethikkommission des Deutschen Fu\u00dfball-Bundes, die Friedrich-Ebert-Stiftung, bei Gegen Vergessen \u2013 F\u00fcr Demokratie e.V., den Bundesverband Schauspiel, das j\u00fcdische Leben in Deutschland. Er war Gr\u00fcndungsstifter der B\u00fcrgerstiftung, in der er 24 Jahre lang die Zivilgesellschaft G\u00f6ttingens gef\u00f6rdert und gestaltet hat.\u201c<\/p>\n<\/div>\n<\/div>\n<\/div>\n<\/div>\n<\/div>\n<\/div>\n<\/blockquote>\n\n\n<p><\/p>\n","protected":false},"excerpt":{"rendered":"<p>(Quelle: https:\/\/www.goettingen.de\/portal\/meldungen\/stadt-verleiht-ehrenbuergerwuerde-an-thomas-oppermann-900003517-25480.html?rubrik=900000003) 21.11.2024 \u00a0 Stadt verleiht Ehrenb\u00fcrgerw\u00fcrde an Thomas Oppermann Erstmals verleiht die Stadt G\u00f6ttingen am Sonntag, 1. Dezember 2024, in einem feierlichen Akt im Beisein des Ministerpr\u00e4sidenten Stephan Weil und der Oberb\u00fcrgermeisterin Petra Broistedt die Ehrenb\u00fcrgerw\u00fcrde an eine verstorbene Person. Die Ehre wird Thomas Oppermann zuteil, der am 25. Oktober 2020 im Alter von &#8230; <a title=\"Stadt G\u00f6ttingen: Stadt verleiht Ehrenb\u00fcrgerw\u00fcrde posthum an Thomas Oppermann\" class=\"read-more\" href=\"https:\/\/rt-europaallee.de\/wordpress\/2024\/11\/stadt-goettingen-stadt-verleiht-ehrenbuergerwuerde-posthum-an-thomas-oppermann\/\" aria-label=\"Mehr Informationen \u00fcber Stadt G\u00f6ttingen: Stadt verleiht Ehrenb\u00fcrgerw\u00fcrde posthum an Thomas Oppermann\">Weiterlesen<\/a><\/p>\n","protected":false},"author":3,"featured_media":0,"comment_status":"closed","ping_status":"open","sticky":false,"template":"","format":"standard","meta":{"footnotes":""},"categories":[1],"tags":[],"class_list":["post-16716","post","type-post","status-publish","format-standard","hentry","category-allgemein"],"_links":{"self":[{"href":"https:\/\/rt-europaallee.de\/wordpress\/wp-json\/wp\/v2\/posts\/16716","targetHints":{"allow":["GET"]}}],"collection":[{"href":"https:\/\/rt-europaallee.de\/wordpress\/wp-json\/wp\/v2\/posts"}],"about":[{"href":"https:\/\/rt-europaallee.de\/wordpress\/wp-json\/wp\/v2\/types\/post"}],"author":[{"embeddable":true,"href":"https:\/\/rt-europaallee.de\/wordpress\/wp-json\/wp\/v2\/users\/3"}],"replies":[{"embeddable":true,"href":"https:\/\/rt-europaallee.de\/wordpress\/wp-json\/wp\/v2\/comments?post=16716"}],"version-history":[{"count":1,"href":"https:\/\/rt-europaallee.de\/wordpress\/wp-json\/wp\/v2\/posts\/16716\/revisions"}],"predecessor-version":[{"id":16717,"href":"https:\/\/rt-europaallee.de\/wordpress\/wp-json\/wp\/v2\/posts\/16716\/revisions\/16717"}],"wp:attachment":[{"href":"https:\/\/rt-europaallee.de\/wordpress\/wp-json\/wp\/v2\/media?parent=16716"}],"wp:term":[{"taxonomy":"category","embeddable":true,"href":"https:\/\/rt-europaallee.de\/wordpress\/wp-json\/wp\/v2\/categories?post=16716"},{"taxonomy":"post_tag","embeddable":true,"href":"https:\/\/rt-europaallee.de\/wordpress\/wp-json\/wp\/v2\/tags?post=16716"}],"curies":[{"name":"wp","href":"https:\/\/api.w.org\/{rel}","templated":true}]}}