{"id":16723,"date":"2024-11-27T22:28:41","date_gmt":"2024-11-27T21:28:41","guid":{"rendered":"http:\/\/rt-europaallee.org\/wordpress\/?p=16723"},"modified":"2024-11-27T22:28:41","modified_gmt":"2024-11-27T21:28:41","slug":"stadt-goettingen-5-dezember-tag-des-ehrenamtes-in-den-quartieren-mit-verschieden-veranstaltungen","status":"publish","type":"post","link":"https:\/\/rt-europaallee.de\/wordpress\/2024\/11\/stadt-goettingen-5-dezember-tag-des-ehrenamtes-in-den-quartieren-mit-verschieden-veranstaltungen\/","title":{"rendered":"Stadt G\u00f6ttingen: 5. Dezember: Tag des Ehrenamtes in den Quartieren mit verschieden Veranstaltungen"},"content":{"rendered":"<p>(Quelle: <a href=\"https:\/\/www.goettingen.de\/portal\/meldungen\/5-dezember-tag-des-ehrenamtes-in-den-quartieren-900003523-25480.html?rubrik=900000003\">https:\/\/www.goettingen.de\/portal\/meldungen\/5-dezember-tag-des-ehrenamtes-in-den-quartieren-900003523-25480.html?rubrik=900000003<\/a>)<\/p>\n<blockquote>\n<div class=\"fusstext fusstext_oben\"><span class=\"create\">25.11.2024<\/span><\/p>\n<div><\/div>\n<\/div>\n<h3 class=\"kontrast-bild\">5. Dezember: Tag des Ehrenamtes in den Quartieren<\/h3>\n<div id=\"nolis_content_site\" class=\"nolis_content_site\">\n<p class=\"anreisser_detail\"><strong>Am 5. Dezember wird jedes Jahr der Internationale Tag des Ehrenamtes begangen. An diesem Tag werden weltweit freiwillig und ehrenamtlich Aktive gefeiert \u2013 also diejenigen, die sich unentgeltlich f\u00fcr andere einsetzen und damit einen wichtigen Beitrag f\u00fcr eine lebenswerte Gesellschaft leisten.<\/strong><\/p>\n<div class=\"print_href print_abbr\">\n<div class=\"template template1\">\n<div class=\"platz platz1\">\n<div class=\"rahmen\">\n<div class=\"innen\">\n<p>Auch 2024 haben sich die Leitungen der G\u00f6ttinger Stadtteilzentren rund um den Tag des Ehrenamtes wieder besondere Aktionen einfallen lassen, um den Ehrenamtlichen zu danken.<\/p>\n<h4 class=\"nolis-tiny\">Weststadt<\/h4>\n<p>\u201eAuch das Weststadtzentrum w\u00e4re ohne seine Ehrenamtlichen nicht das, was es ist.\u201c teilt Sophie Wagner als neue Leiterin des Weststadtzentrums mit. Zum Dank l\u00e4dt es seine Ehrenamtlichen am <strong>Donnerstag, 5. Dezember 2024, von 12.00 bis 14.00 Uhr<\/strong> in den Rosenwinkel 66 zu Kaffee und Kuchen ein. Gemeinsam werden sie das Jahr Revue passieren lassen und in geselligem Beisammensein ausklingen lassen.<\/p>\n<h4 class=\"nolis-tiny\">Zietenterrassen<\/h4>\n<p>\u201eAuf den Zietenterrassen m\u00f6chten wir dieses Jahr am <strong>Dienstag, 10. Dezember 2024, von 17.00 bis 20.00 Uhr<\/strong> in den Austausch kommen und laden alle Engagierten und Interessierten zu einer Fotoausstellung von Menschen aus dem Quartier ein\u201c, sagt Lars Willmann, Leiter des Quartiersb\u00fcros. \u201eMit kleinen unverbindlichen Impuls-Workshops zu verschiedenen Themen m\u00f6chten wir etwas zur\u00fcckgeben und mit Euch in den weiteren Austausch kommen.\u201c<\/p>\n<h4 class=\"nolis-tiny\">Holtenser Berg<\/h4>\n<p>Das Nachbarschaftszentrum Holtenser l\u00e4dt am <strong>Dienstag, 3. Dezember 2024, um 18.00 Uhr<\/strong> seine Ehrenamtlichen ins Nachbarschaftszentrum zu einem Schnitzelbuffett ein. \u201eEhrenamtliche aus ganz unterschiedlichen Bereichen lernen sich kennen und k\u00f6nnen sich beim gemeinsamen Essen austauschen und neue Bereiche ihres Nachbarschaftszentrums kennen lernen\u201c, freut sich die Leiterin des Nachbarschaftszentrums auf diesen besonderen Tag.<\/p>\n<h4 class=\"nolis-tiny\">Leineberg und Leineviertel<\/h4>\n<p>Das Stadtteilb\u00fcro Leineberg und das Familien- und Begegnungszentrum Leineviertel m\u00f6chten Danke sagen. Hanna K\u00f6hn und Laura Eger laden am <strong>Donnerstag, 5. Dezember 2024, um 16.00<\/strong> <strong>Uhr <\/strong>alle Engagierten und Interessierten ins Kino M\u00e9li\u00e8s ein (B\u00fcrgerstra\u00dfe 13), um gemeinsam den Film \u201eTag der Nachbar*innen 2024\u201c anzuschauen. \u201eMit anschlie\u00dfenden Gespr\u00e4chen und lockerem Beisammensein m\u00f6chten wir diesen Tag im Bistro im M\u00e9li\u00e8s nebenan ausklingen lassen.\u201c<\/p>\n<h4 class=\"nolis-tiny\">Grone<\/h4>\n<p>\u201eIn unserem Nachbarschaftszentrum Mehrgenerationenhaus Grone ist das Ehrenamt eine unersetzliche S\u00e4ule. Dank unserer engagierten Helferinnen und Helfer k\u00f6nnen wir vielf\u00e4ltige Angebote f\u00fcr Jung und Alt schaffen, die das Miteinander f\u00f6rdern und Lebensfreude schenken. Wir m\u00f6chten uns f\u00fcr diesen Einsatz herzlich bedanken\u201c, sagt Sabine Koch, Leiterin des Zentrums. In der Woche von <strong>Dienstag bis Sonntag, 4. bis 8. Dezember 2024<\/strong>, werden Aufmerksamkeiten an die Ehrenamtlichen \u00fcbergeben und die Kursr\u00e4ume mit Weihnachtsgeb\u00e4ck, Obst und Tee ausgestattet. So macht Basteln, Lernen und Malen noch mehr Spa\u00df.<\/p>\n<h4 class=\"nolis-tiny\">Ebertal<\/h4>\n<p>Dieses Jahr wird es in der gr\u00fcnen Mitte Ebertal eine gesellige Runde zum sch\u00f6nen und sehr aktiven Jahr geben. Mit Lagerfeuer, Grill und Musik wird es ein warmer Abschluss. \u201eIm Nachbarschaftstreff ist dieses Jahr viel passiert. Neue Gruppen und viele Angebote konnten auf Initiative und getragen von der Kraft der ehrenamtlichen Kr\u00e4fte ins Leben gerufen werden\u201c, sagt Robert Folchert, Leiter des Nachbarschaftszentrums Gr\u00fcne Mitte Ebertal.<\/p>\n<\/div>\n<\/div>\n<\/div>\n<\/div>\n<\/div>\n<\/div>\n<\/blockquote>\n","protected":false},"excerpt":{"rendered":"<p>(Quelle: https:\/\/www.goettingen.de\/portal\/meldungen\/5-dezember-tag-des-ehrenamtes-in-den-quartieren-900003523-25480.html?rubrik=900000003) 25.11.2024 5. Dezember: Tag des Ehrenamtes in den Quartieren Am 5. Dezember wird jedes Jahr der Internationale Tag des Ehrenamtes begangen. An diesem Tag werden weltweit freiwillig und ehrenamtlich Aktive gefeiert \u2013 also diejenigen, die sich unentgeltlich f\u00fcr andere einsetzen und damit einen wichtigen Beitrag f\u00fcr eine lebenswerte Gesellschaft leisten. Auch 2024 haben &#8230; <a title=\"Stadt G\u00f6ttingen: 5. Dezember: Tag des Ehrenamtes in den Quartieren mit verschieden Veranstaltungen\" class=\"read-more\" href=\"https:\/\/rt-europaallee.de\/wordpress\/2024\/11\/stadt-goettingen-5-dezember-tag-des-ehrenamtes-in-den-quartieren-mit-verschieden-veranstaltungen\/\" aria-label=\"Mehr Informationen \u00fcber Stadt G\u00f6ttingen: 5. Dezember: Tag des Ehrenamtes in den Quartieren mit verschieden Veranstaltungen\">Weiterlesen<\/a><\/p>\n","protected":false},"author":3,"featured_media":0,"comment_status":"closed","ping_status":"open","sticky":false,"template":"","format":"standard","meta":{"footnotes":""},"categories":[1],"tags":[],"class_list":["post-16723","post","type-post","status-publish","format-standard","hentry","category-allgemein"],"_links":{"self":[{"href":"https:\/\/rt-europaallee.de\/wordpress\/wp-json\/wp\/v2\/posts\/16723","targetHints":{"allow":["GET"]}}],"collection":[{"href":"https:\/\/rt-europaallee.de\/wordpress\/wp-json\/wp\/v2\/posts"}],"about":[{"href":"https:\/\/rt-europaallee.de\/wordpress\/wp-json\/wp\/v2\/types\/post"}],"author":[{"embeddable":true,"href":"https:\/\/rt-europaallee.de\/wordpress\/wp-json\/wp\/v2\/users\/3"}],"replies":[{"embeddable":true,"href":"https:\/\/rt-europaallee.de\/wordpress\/wp-json\/wp\/v2\/comments?post=16723"}],"version-history":[{"count":1,"href":"https:\/\/rt-europaallee.de\/wordpress\/wp-json\/wp\/v2\/posts\/16723\/revisions"}],"predecessor-version":[{"id":16724,"href":"https:\/\/rt-europaallee.de\/wordpress\/wp-json\/wp\/v2\/posts\/16723\/revisions\/16724"}],"wp:attachment":[{"href":"https:\/\/rt-europaallee.de\/wordpress\/wp-json\/wp\/v2\/media?parent=16723"}],"wp:term":[{"taxonomy":"category","embeddable":true,"href":"https:\/\/rt-europaallee.de\/wordpress\/wp-json\/wp\/v2\/categories?post=16723"},{"taxonomy":"post_tag","embeddable":true,"href":"https:\/\/rt-europaallee.de\/wordpress\/wp-json\/wp\/v2\/tags?post=16723"}],"curies":[{"name":"wp","href":"https:\/\/api.w.org\/{rel}","templated":true}]}}