{"id":16725,"date":"2024-11-28T12:28:42","date_gmt":"2024-11-28T11:28:42","guid":{"rendered":"http:\/\/rt-europaallee.org\/wordpress\/?p=16725"},"modified":"2024-11-28T12:28:42","modified_gmt":"2024-11-28T11:28:42","slug":"stadt-goettingen-aktuelle-verzoegerungen-in-der-auslaenderbehoerde","status":"publish","type":"post","link":"https:\/\/rt-europaallee.de\/wordpress\/2024\/11\/stadt-goettingen-aktuelle-verzoegerungen-in-der-auslaenderbehoerde\/","title":{"rendered":"Stadt G\u00f6ttingen: Aktuelle Verz\u00f6gerungen in der Ausl\u00e4nderbeh\u00f6rde"},"content":{"rendered":"<p>(Quelle: <a href=\"https:\/\/www.goettingen.de\/portal\/meldungen\/aktuelle-verzoegerungen-in-der-auslaenderbehoerde-900003521-25480.html?rubrik=900000002\">https:\/\/www.goettingen.de\/portal\/meldungen\/aktuelle-verzoegerungen-in-der-auslaenderbehoerde-900003521-25480.html?rubrik=900000002<\/a>)<\/p>\n<blockquote>\n<div class=\"fusstext fusstext_oben\"><span class=\"create\">22.11.2024<\/span><\/p>\n<div><\/div>\n<\/div>\n<h3 class=\"kontrast-bild\">Aktuelle Verz\u00f6gerungen in der Ausl\u00e4nderbeh\u00f6rde<\/h3>\n<div id=\"nolis_content_site\" class=\"nolis_content_site\">\n<p class=\"anreisser_detail\"><strong>Aktuell kommt es in der Ausl\u00e4nderbeh\u00f6rde der Stadt G\u00f6ttingen zu erheblichen Verz\u00f6gerungen in der Bearbeitungszeit. Grund hierf\u00fcr sind kurzfristige Personalverluste.<\/strong><\/p>\n<div class=\"print_href print_abbr\">\n<div class=\"template template1\">\n<div class=\"platz platz1\">\n<div class=\"rahmen\">\n<div class=\"innen\">\n<p>Derzeit kann der bekannte Service, Terminw\u00fcnschen innerhalb von zwei Wochen nachzukommen und Anliegen in der Regel innerhalb von vier Wochen abschlie\u00dfend zu bearbeiten, vorerst nicht aufrechterhalten werden. Die Bearbeitungszeiten verl\u00e4ngern sich derzeit wesentlich.<\/p>\n<p>Sachstandsanfragen binden bei den Mitarbeitenden viel Zeit, die vorrangig f\u00fcr die eigentliche Sachbearbeitung ben\u00f6tigt wird. Es wird daher darum gebeten, vor dem Hintergrund der aktuellen Situation zu ber\u00fccksichtigen und zu pr\u00fcfen, ob eine Sachstandsanfrage aktuell wirklich erforderlich ist. Jede Anfrage verl\u00e4ngert den Bearbeitungsprozess.<\/p>\n<p>Um die Vielzahl an Antr\u00e4gen effizient bearbeiten zu k\u00f6nnen wird gebeten,<\/p>\n<ul>\n<li>den Antrag auf eine Folge-Aufenthaltserlaubnis <strong>acht Wochen vor Ablauf der aktuellen Erlaubnis<\/strong> einzureichen,<\/li>\n<li>den Antrag <strong>vollst\u00e4ndig ausgef\u00fcllt und mit allen erforderlichen Unterlagen<\/strong> zuzusenden<\/li>\n<li>und m\u00f6glichst <strong>auf Sachstandsanfragen<\/strong> aktuell zu <strong>verzichten<\/strong>.<\/li>\n<\/ul>\n<p>Die Ausl\u00e4nderbeh\u00f6rde der Stadt G\u00f6ttingen hofft, den gewohnten Service in den kommenden Monaten wieder zur Verf\u00fcgung stellen zu k\u00f6nnen und bittet um Verst\u00e4ndnis.<\/p>\n<\/div>\n<\/div>\n<\/div>\n<\/div>\n<\/div>\n<\/div>\n<\/blockquote>\n","protected":false},"excerpt":{"rendered":"<p>(Quelle: https:\/\/www.goettingen.de\/portal\/meldungen\/aktuelle-verzoegerungen-in-der-auslaenderbehoerde-900003521-25480.html?rubrik=900000002) 22.11.2024 Aktuelle Verz\u00f6gerungen in der Ausl\u00e4nderbeh\u00f6rde Aktuell kommt es in der Ausl\u00e4nderbeh\u00f6rde der Stadt G\u00f6ttingen zu erheblichen Verz\u00f6gerungen in der Bearbeitungszeit. Grund hierf\u00fcr sind kurzfristige Personalverluste. Derzeit kann der bekannte Service, Terminw\u00fcnschen innerhalb von zwei Wochen nachzukommen und Anliegen in der Regel innerhalb von vier Wochen abschlie\u00dfend zu bearbeiten, vorerst nicht aufrechterhalten werden. &#8230; <a title=\"Stadt G\u00f6ttingen: Aktuelle Verz\u00f6gerungen in der Ausl\u00e4nderbeh\u00f6rde\" class=\"read-more\" href=\"https:\/\/rt-europaallee.de\/wordpress\/2024\/11\/stadt-goettingen-aktuelle-verzoegerungen-in-der-auslaenderbehoerde\/\" aria-label=\"Mehr Informationen \u00fcber Stadt G\u00f6ttingen: Aktuelle Verz\u00f6gerungen in der Ausl\u00e4nderbeh\u00f6rde\">Weiterlesen<\/a><\/p>\n","protected":false},"author":3,"featured_media":0,"comment_status":"closed","ping_status":"open","sticky":false,"template":"","format":"standard","meta":{"footnotes":""},"categories":[1],"tags":[],"class_list":["post-16725","post","type-post","status-publish","format-standard","hentry","category-allgemein"],"_links":{"self":[{"href":"https:\/\/rt-europaallee.de\/wordpress\/wp-json\/wp\/v2\/posts\/16725","targetHints":{"allow":["GET"]}}],"collection":[{"href":"https:\/\/rt-europaallee.de\/wordpress\/wp-json\/wp\/v2\/posts"}],"about":[{"href":"https:\/\/rt-europaallee.de\/wordpress\/wp-json\/wp\/v2\/types\/post"}],"author":[{"embeddable":true,"href":"https:\/\/rt-europaallee.de\/wordpress\/wp-json\/wp\/v2\/users\/3"}],"replies":[{"embeddable":true,"href":"https:\/\/rt-europaallee.de\/wordpress\/wp-json\/wp\/v2\/comments?post=16725"}],"version-history":[{"count":1,"href":"https:\/\/rt-europaallee.de\/wordpress\/wp-json\/wp\/v2\/posts\/16725\/revisions"}],"predecessor-version":[{"id":16726,"href":"https:\/\/rt-europaallee.de\/wordpress\/wp-json\/wp\/v2\/posts\/16725\/revisions\/16726"}],"wp:attachment":[{"href":"https:\/\/rt-europaallee.de\/wordpress\/wp-json\/wp\/v2\/media?parent=16725"}],"wp:term":[{"taxonomy":"category","embeddable":true,"href":"https:\/\/rt-europaallee.de\/wordpress\/wp-json\/wp\/v2\/categories?post=16725"},{"taxonomy":"post_tag","embeddable":true,"href":"https:\/\/rt-europaallee.de\/wordpress\/wp-json\/wp\/v2\/tags?post=16725"}],"curies":[{"name":"wp","href":"https:\/\/api.w.org\/{rel}","templated":true}]}}