{"id":16736,"date":"2024-12-01T23:23:22","date_gmt":"2024-12-01T22:23:22","guid":{"rendered":"http:\/\/rt-europaallee.org\/wordpress\/?p=16736"},"modified":"2024-12-04T03:16:55","modified_gmt":"2024-12-04T02:16:55","slug":"lt-presseinformation-der-spd-ratsfraktion-keine-kuerzungen-im-sozial-und-bildungsbereich","status":"publish","type":"post","link":"https:\/\/rt-europaallee.de\/wordpress\/2024\/12\/lt-presseinformation-der-spd-ratsfraktion-keine-kuerzungen-im-sozial-und-bildungsbereich\/","title":{"rendered":"Lt. Presseinformation der SPD-Ratsfraktion: Keine K\u00fcrzungen im Sozial- und Bildungsbereich"},"content":{"rendered":"\n<p><\/p>\n\n\n<h4><strong>03.12.2024: Siehe hierzu den Artikel der HNA\u00a0<a href=\"https:\/\/www.hna.de\/lokales\/goettingen\/goettingen-ort28741\/haushaltsprobleme-uni-stadt-will-75-millionen-euro-einsparen-93445858.html?fbclid=IwZXh0bgNhZW0CMTEAAR1sLtKfR7zQBa4uJxtRQLJQetFOUwIyL25pFBKkzazq9Mto1Phquniz00s_aem_sAjgrqW_d4v50N3nC5Maiw\">https:\/\/www.hna.de\/lokales\/goettingen\/goettingen-ort28741\/haushaltsprobleme-uni-stadt-will-75-millionen-euro-einsparen-93445858.html?:\u00a0<\/a><\/strong><\/h4>\n<blockquote>\n<h2 class=\"id-StoryElement-headline\">Haushaltsprobleme: Uni-Stadt will 75 Millionen Euro einsparen<\/h2>\n<p class=\"id-Story-timestamp id-Story-timestamp--default\"><span class=\"id-Story-timestamp-content\"><span class=\"id-Story-timestamp-content-prefix\">Stand: <\/span><time datetime=\"2024-12-03 06:12\">03.12.2024, 06:12 Uhr<\/time><\/span><\/p>\n<p class=\"id-Story-authors id-Story-authors--default\"><span class=\"id-Story-authors-by\">Von: <\/span><a class=\"id-Story-authors-link lp_west_author\" title=\"Zur Autorenseite von Bernd Schlegel\" href=\"https:\/\/www.hna.de\/autoren\/703\/\" data-id-ec=\"{&quot;shn&quot;:&quot;Story&quot;,&quot;sht&quot;:&quot;Container&quot;,&quot;p&quot;:{&quot;containerType&quot;:&quot;Authors&quot;,&quot;displayType&quot;:&quot;Story Author-Link&quot;,&quot;type&quot;:&quot;INSERTED_AUTHORS&quot;,&quot;value&quot;:&quot;Bernd Schlegel&quot;,&quot;position&quot;:&quot;1&quot;,&quot;storyElementPosition&quot;:&quot;4&quot;,&quot;storyElementCount&quot;:&quot;64&quot;}}\" data-k5a-pos=\"west_author\" data-id-em=\"1\">Bernd Schlegel<\/a><\/p>\n<h3>&#8230;<\/h3>\n<\/blockquote>\n<p>\u00a0<\/p>\n<p>(Quelle: <a href=\"https:\/\/spd-fraktion-goettingen.de\/2024\/11\/29\/presseinformation-3\/?fbclid=IwZXh0bgNhZW0CMTEAAR1iV0bkH0-lLQ_QvFny0Aktn5pIR1u3-3pvLLLiDLxB1Eyz808blk-1hR4_aem_cYRiRBKVLCz-tIjYzGQ33A\">https:\/\/spd-fraktion-goettingen.de\/2024\/11\/29\/presseinformation-3\/?fbclid=IwZXh0bgNhZW0CMTEAAR1iV0bkH0-lLQ_QvFny0Aktn5pIR1u3-3pvLLLiDLxB1Eyz808blk-1hR4_aem_cYRiRBKVLCz-tIjYzGQ33A<\/a>)<\/p>\n<blockquote><header class=\"mh-header\">\n<div class=\"header-menu clearfix\"><nav class=\"main-nav clearfix\">\n<div class=\"menu-hauptmenue-container\">\u00a0<\/div>\n<\/nav><\/div>\n<\/header>\n<div class=\"mh-section mh-group pageframe\">\n<div id=\"main-content\" class=\"mh-content\" role=\"main\">\n<article id=\"post-2755\" class=\"post-2755 post type-post status-publish format-standard has-post-thumbnail hentry category-nachrichten tag-aenderungen tag-buendnis tag-daseinsvorsorge tag-erhoehungen tag-finanzen tag-finanzielle-heruasforderung tag-fokus tag-haushalssichtungskonzept tag-haushalt tag-hsk tag-jugend tag-kahlschlag tag-kuerzungen tag-pakekt tag-personalkosten tag-richtung tag-soziales tag-umwelt tag-verabschiedung tag-verwaltujng\"><header class=\"entry-header clearfix\">\n<h1 class=\"entry-title\">Presseinformation<\/h1>\n<\/header>\n<div class=\"entry-thumbnail\"><span class=\"wp-caption-text\">ibrahim-boran-r0zrjWheW2g-unsplash.jpg<\/span><\/div>\n<p class=\"entry-meta\"><span class=\"entry-meta-date updated\">29. November 2024<\/span><\/p>\n<div class=\"entry-content clearfix\">\n<p><strong>Kahlschlag verhindern \u2013 kein Sparen bei Schulen, Jugend, Umwelt und im Sozialbereich<\/strong><\/p>\n<p>Die Fraktionen von CDU, SPD und FDP im Rat der Stadt G\u00f6ttingen unterst\u00fctzen das Vorgehen der Verwaltung, die st\u00e4dtischen Finanzen mit einem Haushaltssicherungskonzept (HSK) zukunftsf\u00e4hig aufzustellen.<\/p>\n<p>\u201eWir bekennen uns grunds\u00e4tzlich zum HSK, geben als Haushaltsb\u00fcndnis jedoch eine klare Richtung vor, in welchen Bereichen Einsparungen vorgenommen werden m\u00fcssen und vor allem in welcher H\u00f6he. Wir legen dabei den Fokus im Wesentlichen auf Einsparungen in der Verwaltung und nicht auf die zus\u00e4tzliche Belastung der einzelnen B\u00fcrgerinnen und B\u00fcrger. Die kommenden Jahre bringen f\u00fcr G\u00f6ttingen, wie f\u00fcr viele andere Kommunen in Deutschland, erhebliche finanzielle Herausforderungen mit sich. Mit dem Haushaltssicherungskonzept gehen wir diese proaktiv an\u201c, erkl\u00e4ren die Fraktionsvorsitzenden Olaf Feuerstein (CDU), Elvan Tekindor-Freyjer (SPD) und Thorben Siepmann (FDP).<\/p>\n<p>\u201eIn schwierigen finanziellen Zeiten muss die Stadt selbst zur Konsolidierung des st\u00e4dtischen Haushalts beitragen. Es w\u00e4re fahrl\u00e4ssig, einzig auf finanzielle Hilfe von Land und Bund zu vertrauen. Wir erwarten aber, dass das Land und der Bund in Zukunft st\u00e4rker ihren finanziellen Verpflichtungen gegen\u00fcber den Kommunen nachkommen. F\u00fcr die Konsolidierung des Haushaltes halten wir die meisten Vorschl\u00e4ge der Verwaltung f\u00fcr sinnvoll und zielf\u00fchrend. Dennoch ist es in unseren Augen dringend notwendig, einzelne Ma\u00dfnahmen anzupassen\u201c, so die drei Fraktionsvorsitzenden.<\/p>\n<p>\u201eDie Verabschiedung eines HSK ist nicht leicht, m\u00fcssen wir doch Einsparungen vornehmen, die wir alle in G\u00f6ttingen sp\u00fcren werden\u201c, erkl\u00e4rt Olaf Feuerstein. \u201eTrotz allem sind wir im B\u00fcndnis der Meinung, dass die Daseinsvorsorge in unserer Stadt, insbesondere in Zeiten, in denen die Bev\u00f6lkerung durch einen vielf\u00e4ltigen Wandel verunsichert ist, nicht gef\u00e4hrdet werden darf\u201c, f\u00e4hrt Feuerstein fort. \u201eIn finanziell schwierigen Zeiten muss die Verwaltung beispielhaft vorangehen und so begr\u00fc\u00dfen wir es, dass wir uns auf Einsparungen bei den Personalkosten einigen konnten und nun mit einer verschlankten, aber immer noch effektiven Verwaltung durch die Krise gehen werden\u201c, betont Feuerstein. Elvan Tekindor-Freyjer erg\u00e4nzt: \u201eWir haben ein Paket geschn\u00fcrt, welches der gesamte Rat mittragen kann und wir finden es unverantwortlich, wenn andere Fraktionen sich der Verantwortung nicht stellen.\u201c<\/p>\n<p>\u201eEs ist uns wichtig zu betonen, dass wir als Haushaltsb\u00fcndnis den Sparvorschl\u00e4gen im Bildungsbereich nicht folgen werden. Dies betrifft u. a. die K\u00fcrzungen bei Schulbudgets und der Bildungsregion, aber auch die Mittel f\u00fcr die Kinder- und Jugendarbeit. Wir wollen dar\u00fcber hinaus bei weiteren Punkten wie zum Beispiel bei der \u201eMittagsverpflegung\u201c, der \u201eRichtlinie Familienf\u00f6rderung\u201c, der \u201eAnpassung der Betreuungszeiten in den Kitas Freier Tr\u00e4ger\u201c und der \u201eBudgetanpassung offene Jugendarbeit freier Tr\u00e4ger\u201c keine K\u00fcrzungen vornehmen und diese aus dem HSK streichen\u201c, f\u00fchrt Tekindor-Freyjer aus.<\/p>\n<p>\u201eDie Stadtteilbibliotheken und die Verwaltungsstellen in den Ortsteilen betrachten wir ebenfalls als Teil der Daseinsvorsorge. Wir m\u00f6chten die bisherigen Angebote erhalten. Auch sehen wir eine Erh\u00f6hung der Mahngeb\u00fchren von bisher 1,00 \u20ac auf 4,00 \u20ac pro Mahnschreiben, insbesondere bei Kinder- und Jugendb\u00fcchern, kritisch. Hier werden wir bei der \u00c4nderung der entsprechenden Satzung ein Auge draufhaben und bei einer m\u00f6glichen Erh\u00f6hung Ma\u00df halten\u201c, erkl\u00e4rt Elvan Tekindor-Freyjer.<\/p>\n<p>Thorben Siepmann informiert: \u201eIn Anbetracht der Haushaltslage m\u00fcssen Einsparungen vorgenommen werden. Es gilt im Rahmen der kommenden Haushalte und des Haushaltssicherungskonzepts zu priorisieren und Investitionen in die Zukunft in den Vordergrund zu stellen. Auch gilt, dass die Verwaltung effizienter, digitaler und agiler werden muss. Erreicht werden kann dies mit einer Aufgabenkritik und Prozessoptimierung. Dadurch l\u00e4sst sich viel Geld sparen. Gleichzeitig sollen die B\u00fcrgerinnen und B\u00fcrger nicht durch neue Steuern und Abgaben belastet werden. Die Sparbem\u00fchungen m\u00fcssen insgesamt ausgewogen sein. K\u00fcrzungen im Umweltbereich werden nach M\u00f6glichkeit vermieden und Umweltverb\u00e4nde wie das GUNZ weiter unterst\u00fctzt.\u201c<\/p>\n<p>Abschlie\u00dfend erkl\u00e4ren die drei Fraktionsvorsitzenden, dass die vom B\u00fcndnis geplanten \u00c4nderungen an den Verwaltungsvorschl\u00e4gen zum Haushaltssicherungskonzept in G\u00e4nze am kommenden Dienstag im Finanzausschuss vorgestellt werden.<\/p>\n<\/div>\n<\/article>\n<\/div>\n<\/div>\n<\/blockquote>","protected":false},"excerpt":{"rendered":"<p>03.12.2024: Siehe hierzu den Artikel der HNA\u00a0https:\/\/www.hna.de\/lokales\/goettingen\/goettingen-ort28741\/haushaltsprobleme-uni-stadt-will-75-millionen-euro-einsparen-93445858.html?:\u00a0 Haushaltsprobleme: Uni-Stadt will 75 Millionen Euro einsparen Stand: 03.12.2024, 06:12 Uhr Von: Bernd Schlegel &#8230; \u00a0 (Quelle: https:\/\/spd-fraktion-goettingen.de\/2024\/11\/29\/presseinformation-3\/?fbclid=IwZXh0bgNhZW0CMTEAAR1iV0bkH0-lLQ_QvFny0Aktn5pIR1u3-3pvLLLiDLxB1Eyz808blk-1hR4_aem_cYRiRBKVLCz-tIjYzGQ33A) \u00a0 Presseinformation ibrahim-boran-r0zrjWheW2g-unsplash.jpg 29. November 2024 Kahlschlag verhindern \u2013 kein Sparen bei Schulen, Jugend, Umwelt und im Sozialbereich Die Fraktionen von CDU, SPD und FDP im Rat der Stadt G\u00f6ttingen &#8230; <a title=\"Lt. Presseinformation der SPD-Ratsfraktion: Keine K\u00fcrzungen im Sozial- und Bildungsbereich\" class=\"read-more\" href=\"https:\/\/rt-europaallee.de\/wordpress\/2024\/12\/lt-presseinformation-der-spd-ratsfraktion-keine-kuerzungen-im-sozial-und-bildungsbereich\/\" aria-label=\"Mehr Informationen \u00fcber Lt. Presseinformation der SPD-Ratsfraktion: Keine K\u00fcrzungen im Sozial- und Bildungsbereich\">Weiterlesen<\/a><\/p>\n","protected":false},"author":3,"featured_media":0,"comment_status":"closed","ping_status":"open","sticky":false,"template":"","format":"standard","meta":{"footnotes":""},"categories":[1],"tags":[],"class_list":["post-16736","post","type-post","status-publish","format-standard","hentry","category-allgemein"],"_links":{"self":[{"href":"https:\/\/rt-europaallee.de\/wordpress\/wp-json\/wp\/v2\/posts\/16736","targetHints":{"allow":["GET"]}}],"collection":[{"href":"https:\/\/rt-europaallee.de\/wordpress\/wp-json\/wp\/v2\/posts"}],"about":[{"href":"https:\/\/rt-europaallee.de\/wordpress\/wp-json\/wp\/v2\/types\/post"}],"author":[{"embeddable":true,"href":"https:\/\/rt-europaallee.de\/wordpress\/wp-json\/wp\/v2\/users\/3"}],"replies":[{"embeddable":true,"href":"https:\/\/rt-europaallee.de\/wordpress\/wp-json\/wp\/v2\/comments?post=16736"}],"version-history":[{"count":3,"href":"https:\/\/rt-europaallee.de\/wordpress\/wp-json\/wp\/v2\/posts\/16736\/revisions"}],"predecessor-version":[{"id":16748,"href":"https:\/\/rt-europaallee.de\/wordpress\/wp-json\/wp\/v2\/posts\/16736\/revisions\/16748"}],"wp:attachment":[{"href":"https:\/\/rt-europaallee.de\/wordpress\/wp-json\/wp\/v2\/media?parent=16736"}],"wp:term":[{"taxonomy":"category","embeddable":true,"href":"https:\/\/rt-europaallee.de\/wordpress\/wp-json\/wp\/v2\/categories?post=16736"},{"taxonomy":"post_tag","embeddable":true,"href":"https:\/\/rt-europaallee.de\/wordpress\/wp-json\/wp\/v2\/tags?post=16736"}],"curies":[{"name":"wp","href":"https:\/\/api.w.org\/{rel}","templated":true}]}}