{"id":16749,"date":"2024-12-04T14:31:35","date_gmt":"2024-12-04T13:31:35","guid":{"rendered":"http:\/\/rt-europaallee.org\/wordpress\/?p=16749"},"modified":"2024-12-04T14:31:35","modified_gmt":"2024-12-04T13:31:35","slug":"nachbarschaftszentrum-grone-aktion-weihnachtsgruesse-von-unbekannt","status":"publish","type":"post","link":"https:\/\/rt-europaallee.de\/wordpress\/2024\/12\/nachbarschaftszentrum-grone-aktion-weihnachtsgruesse-von-unbekannt\/","title":{"rendered":"Nachbarschaftszentrum Grone: Aktion &#8222;Weihnachtsgr\u00fc\u00dfe von  unbekannt&#8220;"},"content":{"rendered":"<p>(Quelle: <a href=\"https:\/\/www.facebook.com\/nachbarschaftszentrum.grone.goettingen\/posts\/pfbid02xbgRZ28zgTe8NLdkxHBgJuokYgXGtS9zWAWFDcfUjXd4ff6diKXvB7QBUHJAbymCl?notif_id=1733306400118706&amp;notif_t=notify_me_page&amp;ref=notif\">https:\/\/www.facebook.com\/nachbarschaftszentrum.grone.goettingen\/posts\/pfbid02xbgRZ28zgTe8NLdkxHBgJuokYgXGtS9zWAWFDcfUjXd4ff6diKXvB7QBUHJAbymCl?notif_id=1733306400118706&amp;notif_t=notify_me_page&amp;ref=notif<\/a>)<\/p>\n<blockquote>\n<div class=\"xu06os2 x1ok221b\">\n<div class=\"html-div xdj266r x11i5rnm xat24cr x1mh8g0r xexx8yu x4uap5 x18d9i69 xkhd6sd\" data-ad-rendering-role=\"profile_name\">\n<h3 id=\":R5aklmimjbsmhpapd5aq:\" class=\"html-h3 x11i5rnm xat24cr x1mh8g0r xexx8yu x4uap5 x18d9i69 xkhd6sd x1vvkbs x1heor9g x1qlqyl8 x1pd3egz x1a2a7pz x1gslohp x1yc453h\"><span class=\"xt0psk2\"><a class=\"x1i10hfl xjbqb8w x1ejq31n xd10rxx x1sy0etr x17r0tee x972fbf xcfux6l x1qhh985 xm0m39n x9f619 x1ypdohk xt0psk2 xe8uvvx xdj266r x11i5rnm xat24cr x1mh8g0r xexx8yu x4uap5 x18d9i69 xkhd6sd x16tdsg8 x1hl2dhg xggy1nq x1a2a7pz x1sur9pj xkrqix3 xzsf02u x1s688f\" tabindex=\"0\" role=\"link\" href=\"https:\/\/www.facebook.com\/nachbarschaftszentrum.grone.goettingen?__cft__[0]=AZX9ejslIBMsWeEteQEC8nehAAuP_MRRzzG9Nrc3Xuq0-eL4-rUWowHXDsQbzqGwaPmIgWya-EVL9WnXJb1Bk-omdp4fnVju4GEy04i9MWHuA-E602m6GOMjWg05N2E_SjnKsfMM87ruBZv1O0n_DzP_7TtOvPMAMSr6J87DvJAkGQ&amp;__tn__=-UC%2CP-R\"><strong class=\"html-strong xdj266r x11i5rnm xat24cr x1mh8g0r xexx8yu x4uap5 x18d9i69 xkhd6sd x1hl2dhg x16tdsg8 x1vvkbs x1s688f\"><span class=\"html-span xdj266r x11i5rnm xat24cr x1mh8g0r xexx8yu x4uap5 x18d9i69 xkhd6sd x1hl2dhg x16tdsg8 x1vvkbs\">Nachbarschaftszentrum Grone<\/span><\/strong><\/a><\/span><img decoding=\"async\" class=\"x1bwycvy x193iq5w x4fas0m x19kjcj4\" style=\"color: inherit; font-size: 1.2em;\" src=\"https:\/\/scontent-ham3-1.xx.fbcdn.net\/v\/t39.30808-6\/469098193_983713113789999_5311933935814811525_n.jpg?_nc_cat=100&amp;ccb=1-7&amp;_nc_sid=127cfc&amp;_nc_ohc=5Svef97o3boQ7kNvgGBXgVe&amp;_nc_zt=23&amp;_nc_ht=scontent-ham3-1.xx&amp;_nc_gid=AtpXBBU_l6UprpNxkA8MonX&amp;oh=00_AYBDZ44dBgw-mHtqx7GQ9LWVOiuxEpdDY3Qyw4PX77hMVw&amp;oe=67561825\" alt=\"Ist m\u00f6glicherweise ein Bild von Text\" data-visualcompletion=\"media-vc-image\" \/><\/h3>\n<\/div>\n<\/div>\n<div class=\"xqcrz7y x78zum5 x1qx5ct2 x1y1aw1k x1sxyh0 xwib8y2 xurb0ha xw4jnvo\">\n<div>( <a href=\"https:\/\/www.facebook.com\/photo\/?fbid=983713110456666&amp;set=a.459098042918178\">https:\/\/www.facebook.com\/photo\/?fbid=983713110456666&amp;set=a.459098042918178<\/a>)<\/div>\n<\/div>\n<\/blockquote>\n<h3><strong>Text vom Photo (OCR):<\/strong><\/h3>\n<blockquote>\n<div id=\":R5aklmimjbsmhpapd5aqH3:\" class=\"html-div xdj266r x11i5rnm xat24cr x1mh8g0r xexx8yu x4uap5 x18d9i69 xkhd6sd x1n2onr6\">\n<div class=\"html-div xdj266r x11i5rnm xat24cr x1mh8g0r xexx8yu x4uap5 x18d9i69 xkhd6sd x1n2onr6\">\n<p>Gemeinsam in Aktion- PETRI HAUS &amp; Nachbarschaftszentrum Grone<br \/>\n\u201eWeihnachtsgr\u00fc\u00dfe von unbekannt\u201c<br \/>\nLiebe Familien, liebe Interessierte,<br \/>\nWeihnachten steht vor der T\u00fcr.<\/p>\n<p>Auch ist dieses Jahr wieder mit vielen Herausforderungen, Themen, unterschiedlichen Gef\u00fchlen und<br \/>\nGedanken vergangen. F\u00fcr viele von uns ist die Adventszeit mit eine der sch\u00f6nsten Zeiten im Jahr.<\/p>\n<p>In dieser Zeit wird es in vielen Familien und Lebensgemeinschaften heimelig, Kerzen brennen am<br \/>\nAdventskranz, Lichter leuchten, Sterne zieren die Fenster, es duftet nach Pl\u00e4tzchen und<br \/>\nWeihnachtsleckereien, Weihnachtsmusik ert\u00f6nt und der Zauber der Adventszeit h\u00e4lt Einzug.<\/p>\n<p>Aufgrund des gro\u00dfen und wunderbaren Erfolgs der letzten Jahre m\u00f6chten wir auch dieses Jahr<br \/>\nwieder \u201eWeihnachtsgr\u00fc\u00dfe von Unbekannt\u201c versenden und verteilen.<\/p>\n<p>Es ist f\u00fcr jeden von uns mit wenig Aufwand verbunden, dennoch eine Kleinigkeit, die Gro\u00dfes<br \/>\nbewirken kann und die Herzen warm werden l\u00e4sst.<\/p>\n<p>Nun zur Aktion:<br \/>\nWer Lust hat, l\u00e4sst uns eine Weihnachtskarte zukommen.<\/p>\n<p>&#8211; Zum Beispiel mit: &#8211; &#8211; einem Weihnachtsgru\u00df (ich bin&#8230;, wohne .., gern mag ich in der<br \/>\nWeihnachtszeit.., etc.) &#8211; &#8211;<br \/>\n&#8211; einem Gedicht einer Minigeschichte<br \/>\n&#8211; Kinder k\u00f6nnen eine Karte selbstgestalten &amp; wenn sie es schon k\u00f6nnen -selber schreiben<br \/>\n&#8211; Alle Ideen sind m\u00f6glich und herzlich willkommen.<br \/>\n&#8211; Diese Karten werden wir dann im Zentrum f\u00fcr \u00e4ltere Menschen, Martin-Luther-Str. 16 an alle<br \/>\nBewohner*innen verteilen.<\/p>\n<p>DIE KARTEN BITTE BIS ZUM 16.12.2024 IM NACHBARSCHAFTSZENTRUM ODER IN EINEM DER<br \/>\nPETRI H\u00c4USER ABGEBEN. Dies ist ein Beitrag der Herzen erfreut und in dieser Zeit das<br \/>\nMiteinander und F\u00fcreinander zum Ausdruck bringt.<\/p>\n<p>Wir freuen uns \u00fcber alles, was uns erreicht.<br \/>\nAlles Gute f\u00fcr Sie.<br \/>\nHerzliche vorweihnachtliche Gr\u00fc\u00dfe IHRE TEAMS<\/p>\n<p>aus dem Nachbarschaftszentrum &amp; PETRI HAUS<\/p>\n<\/div>\n<\/div>\n<\/blockquote>\n","protected":false},"excerpt":{"rendered":"<p>(Quelle: https:\/\/www.facebook.com\/nachbarschaftszentrum.grone.goettingen\/posts\/pfbid02xbgRZ28zgTe8NLdkxHBgJuokYgXGtS9zWAWFDcfUjXd4ff6diKXvB7QBUHJAbymCl?notif_id=1733306400118706&amp;notif_t=notify_me_page&amp;ref=notif) Nachbarschaftszentrum Grone ( https:\/\/www.facebook.com\/photo\/?fbid=983713110456666&amp;set=a.459098042918178) Text vom Photo (OCR): Gemeinsam in Aktion- PETRI HAUS &amp; Nachbarschaftszentrum Grone \u201eWeihnachtsgr\u00fc\u00dfe von unbekannt\u201c Liebe Familien, liebe Interessierte, Weihnachten steht vor der T\u00fcr. Auch ist dieses Jahr wieder mit vielen Herausforderungen, Themen, unterschiedlichen Gef\u00fchlen und Gedanken vergangen. F\u00fcr viele von uns ist die Adventszeit mit eine der sch\u00f6nsten &#8230; <a title=\"Nachbarschaftszentrum Grone: Aktion &#8222;Weihnachtsgr\u00fc\u00dfe von  unbekannt&#8220;\" class=\"read-more\" href=\"https:\/\/rt-europaallee.de\/wordpress\/2024\/12\/nachbarschaftszentrum-grone-aktion-weihnachtsgruesse-von-unbekannt\/\" aria-label=\"Mehr Informationen \u00fcber Nachbarschaftszentrum Grone: Aktion &#8222;Weihnachtsgr\u00fc\u00dfe von  unbekannt&#8220;\">Weiterlesen<\/a><\/p>\n","protected":false},"author":3,"featured_media":0,"comment_status":"closed","ping_status":"open","sticky":false,"template":"","format":"standard","meta":{"footnotes":""},"categories":[1],"tags":[],"class_list":["post-16749","post","type-post","status-publish","format-standard","hentry","category-allgemein"],"_links":{"self":[{"href":"https:\/\/rt-europaallee.de\/wordpress\/wp-json\/wp\/v2\/posts\/16749","targetHints":{"allow":["GET"]}}],"collection":[{"href":"https:\/\/rt-europaallee.de\/wordpress\/wp-json\/wp\/v2\/posts"}],"about":[{"href":"https:\/\/rt-europaallee.de\/wordpress\/wp-json\/wp\/v2\/types\/post"}],"author":[{"embeddable":true,"href":"https:\/\/rt-europaallee.de\/wordpress\/wp-json\/wp\/v2\/users\/3"}],"replies":[{"embeddable":true,"href":"https:\/\/rt-europaallee.de\/wordpress\/wp-json\/wp\/v2\/comments?post=16749"}],"version-history":[{"count":1,"href":"https:\/\/rt-europaallee.de\/wordpress\/wp-json\/wp\/v2\/posts\/16749\/revisions"}],"predecessor-version":[{"id":16750,"href":"https:\/\/rt-europaallee.de\/wordpress\/wp-json\/wp\/v2\/posts\/16749\/revisions\/16750"}],"wp:attachment":[{"href":"https:\/\/rt-europaallee.de\/wordpress\/wp-json\/wp\/v2\/media?parent=16749"}],"wp:term":[{"taxonomy":"category","embeddable":true,"href":"https:\/\/rt-europaallee.de\/wordpress\/wp-json\/wp\/v2\/categories?post=16749"},{"taxonomy":"post_tag","embeddable":true,"href":"https:\/\/rt-europaallee.de\/wordpress\/wp-json\/wp\/v2\/tags?post=16749"}],"curies":[{"name":"wp","href":"https:\/\/api.w.org\/{rel}","templated":true}]}}