{"id":16771,"date":"2024-12-05T19:03:45","date_gmt":"2024-12-05T18:03:45","guid":{"rendered":"http:\/\/rt-europaallee.org\/wordpress\/?p=16771"},"modified":"2024-12-05T19:03:45","modified_gmt":"2024-12-05T18:03:45","slug":"hna-ab-montag-9-dez-2024-ist-die-groner-tor-strasse-wieder-frei","status":"publish","type":"post","link":"https:\/\/rt-europaallee.de\/wordpress\/2024\/12\/hna-ab-montag-9-dez-2024-ist-die-groner-tor-strasse-wieder-frei\/","title":{"rendered":"HNA: Ab Montag, 9.Dez. 2024 ist die Groner Tor Stra\u00dfe wieder frei"},"content":{"rendered":"<p>(Quelle: <a href=\"https:\/\/www.hna.de\/lokales\/goettingen\/goettingen-ort28741\/groner-tor-strasse-in-kuerze-freie-fahrt-auf-city-route-93450661.html?fbclid=IwZXh0bgNhZW0CMTEAAR3P6PeegBv92Fix2XxupMlfqWZeEXUQ0VxcmKIQ-TPc83wm63KCB51JShI_aem_2dN2_Cvt4xKMtU_J_ebOTg\">https:\/\/www.hna.de\/lokales\/goettingen\/goettingen-ort28741\/groner-tor-strasse-in-kuerze-freie-fahrt-auf-city-route-93450661.html?<\/a>)<\/p>\n<blockquote>\n<h2 class=\"id-StoryElement-headline\">Groner-Tor-Stra\u00dfe in G\u00f6ttingen: In K\u00fcrze freie Fahrt auf City-Route<\/h2>\n<p class=\"id-Story-timestamp id-Story-timestamp--default\"><span class=\"id-Story-timestamp-content\"><span class=\"id-Story-timestamp-content-prefix\">Stand: <\/span><time datetime=\"2024-12-05 06:15\">05.12.2024, 06:15 Uhr<\/time><\/span><\/p>\n<p class=\"id-Story-authors id-Story-authors--default\"><span class=\"id-Story-authors-by\">Von: <\/span><a class=\"id-Story-authors-link lp_west_author\" title=\"Zur Autorenseite von Bernd Schlegel\" href=\"https:\/\/www.hna.de\/autoren\/703\/\" data-id-ec=\"{&quot;shn&quot;:&quot;Story&quot;,&quot;sht&quot;:&quot;Container&quot;,&quot;p&quot;:{&quot;containerType&quot;:&quot;Authors&quot;,&quot;displayType&quot;:&quot;Story Author-Link&quot;,&quot;type&quot;:&quot;INSERTED_AUTHORS&quot;,&quot;value&quot;:&quot;Bernd Schlegel&quot;,&quot;position&quot;:&quot;1&quot;,&quot;storyElementPosition&quot;:&quot;4&quot;,&quot;storyElementCount&quot;:&quot;35&quot;}}\" data-k5a-pos=\"west_author\" data-id-em=\"1\">Bernd Schlegel<\/a><\/p>\n<div class=\"id-RatioPlaceholder\"><img loading=\"lazy\" decoding=\"async\" class=\"id-RatioPlaceholder-element wv_story_el_image\" src=\"https:\/\/www.hna.de\/assets\/images\/36\/390\/36390539-fast-anderthalb-jahre-war-die-groner-tor-strasse-in-goettingen-eine-grossbaustelle-ab-montag-dezember-kann-der-verkehr-wieder-rollen-fuer-die-2abAibnkEkfe.jpg\" sizes=\"auto, (min-width: 769px) 768px, 100vw\" srcset=\"https:\/\/www.hna.de\/assets\/images\/36\/390\/36390539-fast-anderthalb-jahre-war-die-groner-tor-strasse-in-goettingen-eine-grossbaustelle-ab-montag-dezember-kann-der-verkehr-wieder-rollen-fuer-die-2abAibnkEkb6.jpg 448w,https:\/\/www.hna.de\/assets\/images\/36\/390\/36390539-fast-anderthalb-jahre-war-die-groner-tor-strasse-in-goettingen-eine-grossbaustelle-ab-montag-dezember-kann-der-verkehr-wieder-rollen-fuer-die-2abAibnkEk70.jpg 768w,https:\/\/www.hna.de\/assets\/images\/36\/390\/36390539-fast-anderthalb-jahre-war-die-groner-tor-strasse-in-goettingen-eine-grossbaustelle-ab-montag-dezember-kann-der-verkehr-wieder-rollen-fuer-die-2abAibnkEkfe.jpg 1100w,https:\/\/www.hna.de\/assets\/images\/36\/390\/36390539-fast-anderthalb-jahre-war-die-groner-tor-strasse-in-goettingen-eine-grossbaustelle-ab-montag-dezember-kann-der-verkehr-wieder-rollen-fuer-die-2abAibnkEk7a.jpg 1408w,https:\/\/www.hna.de\/assets\/images\/36\/390\/36390539-fast-anderthalb-jahre-war-die-groner-tor-strasse-in-goettingen-eine-grossbaustelle-ab-montag-dezember-kann-der-verkehr-wieder-rollen-fuer-die-2abAibnkEkMH.jpg 1600w\" alt=\"Fast anderthalb Jahre war die Groner-Tor-Stra\u00dfe in G\u00f6ttingen eine Gro\u00dfbaustelle. Ab Montag, 9. Dezember, kann der Verkehr wieder rollen. F\u00fcr die Stadtbusse stehen dann Bushaltestellen mit mehr Platz zur Verf\u00fcgung.\" width=\"1100\" height=\"619\" \/><\/div>\n<pre class=\"id-StoryElement-image\">Fast anderthalb Jahre war die Groner-Tor-Stra\u00dfe in G\u00f6ttingen eine Gro\u00dfbaustelle. Ab Montag, 9. Dezember, kann der Verkehr wieder rollen. F\u00fcr die Stadtbusse stehen dann Bushaltestellen mit mehr Platz zur Verf\u00fcgung. \u00a9\u00a0Bernd Schlegel<\/pre>\n<p class=\"id-StoryElement-leadText\">Die Baustelle auf der Groner-Tor-Stra\u00dfe in G\u00f6ttingen ist fr\u00fcher als urspr\u00fcnglich vorgesehen fertig geworden. Der Kostenrahmen von 6,4 Millionen Euro wurde eingehalten.<\/p>\n<p class=\"id-StoryElement-paragraph\">G\u00f6ttingen \u2013 16 Monate gab es Behinderungen durch eine Gro\u00df-Baustelle in der Groner-Tor Stra\u00dfe in <a class=\"id-import-Link\" href=\"https:\/\/www.hna.de\/lokales\/goettingen\/\" target=\"_blank\" rel=\"nofollow noopener\" data-id-ec=\"{&quot;sht&quot;:&quot;Container&quot;,&quot;shn&quot;:&quot;Story&quot;,&quot;p&quot;:{&quot;containerType&quot;:&quot;Paragraph&quot;,&quot;displayType&quot;:&quot;Paragraph InlineLink&quot;,&quot;type&quot;:&quot;INLINE_LINK&quot;,&quot;value&quot;:&quot;G\u00f6ttingen&quot;,&quot;variant&quot;:&quot;standardLink&quot;,&quot;sponsored&quot;:false,&quot;linkHref&quot;:&quot;https:\/\/www.hna.de\/lokales\/goettingen\/&quot;,&quot;storyElementPosition&quot;:8,&quot;storyElementCount&quot;:35}}\" data-id-em=\"1\">G\u00f6ttingen<\/a>. Ab Montag, 9. Dezember, wird die wichtige Route in die City wieder f\u00fcr den Verkehr freigegeben. Der geplante Kostenrahmen von 6,4 Millionen Euro wurde eingehalten.<\/p>\n<h2>&#8230;<\/h2>\n<\/blockquote>\n","protected":false},"excerpt":{"rendered":"<p>(Quelle: https:\/\/www.hna.de\/lokales\/goettingen\/goettingen-ort28741\/groner-tor-strasse-in-kuerze-freie-fahrt-auf-city-route-93450661.html?) Groner-Tor-Stra\u00dfe in G\u00f6ttingen: In K\u00fcrze freie Fahrt auf City-Route Stand: 05.12.2024, 06:15 Uhr Von: Bernd Schlegel Fast anderthalb Jahre war die Groner-Tor-Stra\u00dfe in G\u00f6ttingen eine Gro\u00dfbaustelle. Ab Montag, 9. Dezember, kann der Verkehr wieder rollen. F\u00fcr die Stadtbusse stehen dann Bushaltestellen mit mehr Platz zur Verf\u00fcgung. \u00a9\u00a0Bernd Schlegel Die Baustelle auf der Groner-Tor-Stra\u00dfe &#8230; <a title=\"HNA: Ab Montag, 9.Dez. 2024 ist die Groner Tor Stra\u00dfe wieder frei\" class=\"read-more\" href=\"https:\/\/rt-europaallee.de\/wordpress\/2024\/12\/hna-ab-montag-9-dez-2024-ist-die-groner-tor-strasse-wieder-frei\/\" aria-label=\"Mehr Informationen \u00fcber HNA: Ab Montag, 9.Dez. 2024 ist die Groner Tor Stra\u00dfe wieder frei\">Weiterlesen<\/a><\/p>\n","protected":false},"author":3,"featured_media":0,"comment_status":"closed","ping_status":"open","sticky":false,"template":"","format":"standard","meta":{"footnotes":""},"categories":[1],"tags":[],"class_list":["post-16771","post","type-post","status-publish","format-standard","hentry","category-allgemein"],"_links":{"self":[{"href":"https:\/\/rt-europaallee.de\/wordpress\/wp-json\/wp\/v2\/posts\/16771","targetHints":{"allow":["GET"]}}],"collection":[{"href":"https:\/\/rt-europaallee.de\/wordpress\/wp-json\/wp\/v2\/posts"}],"about":[{"href":"https:\/\/rt-europaallee.de\/wordpress\/wp-json\/wp\/v2\/types\/post"}],"author":[{"embeddable":true,"href":"https:\/\/rt-europaallee.de\/wordpress\/wp-json\/wp\/v2\/users\/3"}],"replies":[{"embeddable":true,"href":"https:\/\/rt-europaallee.de\/wordpress\/wp-json\/wp\/v2\/comments?post=16771"}],"version-history":[{"count":1,"href":"https:\/\/rt-europaallee.de\/wordpress\/wp-json\/wp\/v2\/posts\/16771\/revisions"}],"predecessor-version":[{"id":16772,"href":"https:\/\/rt-europaallee.de\/wordpress\/wp-json\/wp\/v2\/posts\/16771\/revisions\/16772"}],"wp:attachment":[{"href":"https:\/\/rt-europaallee.de\/wordpress\/wp-json\/wp\/v2\/media?parent=16771"}],"wp:term":[{"taxonomy":"category","embeddable":true,"href":"https:\/\/rt-europaallee.de\/wordpress\/wp-json\/wp\/v2\/categories?post=16771"},{"taxonomy":"post_tag","embeddable":true,"href":"https:\/\/rt-europaallee.de\/wordpress\/wp-json\/wp\/v2\/tags?post=16771"}],"curies":[{"name":"wp","href":"https:\/\/api.w.org\/{rel}","templated":true}]}}