{"id":16787,"date":"2024-12-09T19:29:47","date_gmt":"2024-12-09T18:29:47","guid":{"rendered":"http:\/\/rt-europaallee.org\/wordpress\/?p=16787"},"modified":"2024-12-09T19:29:47","modified_gmt":"2024-12-09T18:29:47","slug":"rnd-bundesamt-fuer-migration-legt-asylantraege-von-syrern-auf-eis","status":"publish","type":"post","link":"https:\/\/rt-europaallee.de\/wordpress\/2024\/12\/rnd-bundesamt-fuer-migration-legt-asylantraege-von-syrern-auf-eis\/","title":{"rendered":"rnd: Bundesamt f\u00fcr Migration legt Asylantr\u00e4ge von Syrern auf Eis"},"content":{"rendered":"<h3><span class=\"x193iq5w xeuugli x13faqbe x1vvkbs x1xmvt09 x1lliihq x1s928wv xhkezso x1gmr53x x1cpjm7i x1fgarty x1943h6x xudqn12 x3x7a5m x6prxxf xvq8zen xo1l8bm xzsf02u x1yc453h\" dir=\"auto\">47.000 Antr\u00e4ge von syrischen Staatsb\u00fcrgern werden jetzt nicht weiter bearbeitet:<\/span><\/h3>\n<p>(Quelle: <a href=\"https:\/\/www.rnd.de\/politik\/nach-assad-sturz-bamf-legt-asylantraege-von-syrern-auf-eis-GARDOYXSPJAIRDM3LSDCRTQV2E.html?fbclid=IwY2xjawHEFOFleHRuA2FlbQIxMQABHYroGhqLWwNLwfg35Nqckb-YHMIcObcS5hPumlAzqUi7ej8henomYQ603Q_aem_mQLdBydi2dTie9DhmSOEHQ#amp_tf=Von%20%251%24s&amp;aoh=17337626700019&amp;referrer=https%3A%2F%2Fwww.google.com&amp;ampshare=https%3A%2F%2Fwww.rnd.de%2Fpolitik%2Fnach-assad-sturz-bamf-legt-asylantraege-von-syrern-auf-eis-GARDOYXSPJAIRDM3LSDCRTQV2E.html\">https:\/\/www.rnd.de\/politik\/nach-assad-sturz-bamf-legt-asylantraege-von-syrern-auf-eis-GARDOYXSPJAIRDM3LSDCRTQV2E.html?<\/a>)<\/p>\n<blockquote>\n<div class=\"HeaderWithNavBarstyled__FadeOutContainer-sc-16fgvd8-2 cYZTii\">\n<div class=\"HeaderWithNavBarstyled__NavBarIcons-sc-16fgvd8-3 goKuTN\"><span style=\"color: inherit; font-size: 1.2em;\">Nach Sturz von Assad<\/span><\/div>\n<\/div>\n<div class=\"Articlestyled__CenteredContentWrapper-sc-7y75gq-6 dUrQFd\"><header class=\"ArticleHeadstyled__ArticleHeader-sc-tdzyy5-8 fOfTym\">\n<div class=\"ArticleHeadstyled__ArticleHeadHeadlineContainer-sc-tdzyy5-0 eurzgm\">\n<h2 class=\"Headlinestyled__Headline-sc-mamptc-0 buYnNH\" data-testid=\"headline\">Bundesamt f\u00fcr Migration legt Asylantr\u00e4ge von Syrern auf Eis<\/h2>\n<\/div>\n<div class=\"ArticleImagestyled__ArticleImage-sc-11hkcjt-6 jfdolt\" data-testid=\"article-header-image\">\n<div class=\"ArticleImagestyled__ArticleImageContainer-sc-11hkcjt-0 gJwpIw\">\n<div>\n<div class=\"FullscreenImageViewstyled__FullscreenImageWrapper-sc-1cvz0ko-0 eELyHO\">\n<div class=\"Imagestyled__Container-sc-1io480m-0 blGOLL\" data-testid=\"image\"><picture><source srcset=\"https:\/\/www.rnd.de\/resizer\/v2\/OUEDCUSY5ZG3XJ4PPVGFEDJSMI.jpg?auth=4b6335ee0d12c50e95408e002b4d11b131ef783aef7593a0fd7e23833cbba253&amp;quality=70&amp;width=428&amp;height=241&amp;smart=true 428w, https:\/\/www.rnd.de\/resizer\/v2\/OUEDCUSY5ZG3XJ4PPVGFEDJSMI.jpg?auth=4b6335ee0d12c50e95408e002b4d11b131ef783aef7593a0fd7e23833cbba253&amp;quality=70&amp;width=642&amp;height=361&amp;smart=true 642w\" media=\"(max-width: 428px)\" sizes=\"(min-width: 0px) 428px\" \/><source srcset=\"https:\/\/www.rnd.de\/resizer\/v2\/OUEDCUSY5ZG3XJ4PPVGFEDJSMI.jpg?auth=4b6335ee0d12c50e95408e002b4d11b131ef783aef7593a0fd7e23833cbba253&amp;quality=70&amp;width=539&amp;height=303&amp;smart=true 539w, https:\/\/www.rnd.de\/resizer\/v2\/OUEDCUSY5ZG3XJ4PPVGFEDJSMI.jpg?auth=4b6335ee0d12c50e95408e002b4d11b131ef783aef7593a0fd7e23833cbba253&amp;quality=70&amp;width=809&amp;height=455&amp;smart=true 809w\" media=\"(min-width: 429px) and (max-width: 539px)\" sizes=\"(min-width: 429px) 539px\" \/><source srcset=\"https:\/\/www.rnd.de\/resizer\/v2\/OUEDCUSY5ZG3XJ4PPVGFEDJSMI.jpg?auth=4b6335ee0d12c50e95408e002b4d11b131ef783aef7593a0fd7e23833cbba253&amp;quality=70&amp;width=767&amp;height=431&amp;smart=true 767w, https:\/\/www.rnd.de\/resizer\/v2\/OUEDCUSY5ZG3XJ4PPVGFEDJSMI.jpg?auth=4b6335ee0d12c50e95408e002b4d11b131ef783aef7593a0fd7e23833cbba253&amp;quality=70&amp;width=1151&amp;height=647&amp;smart=true 1151w\" media=\"(min-width: 540px) and (max-width: 767px)\" sizes=\"(min-width: 540px) 767px\" \/><source srcset=\"https:\/\/www.rnd.de\/resizer\/v2\/OUEDCUSY5ZG3XJ4PPVGFEDJSMI.jpg?auth=4b6335ee0d12c50e95408e002b4d11b131ef783aef7593a0fd7e23833cbba253&amp;quality=70&amp;width=928&amp;height=522&amp;smart=true 928w, https:\/\/www.rnd.de\/resizer\/v2\/OUEDCUSY5ZG3XJ4PPVGFEDJSMI.jpg?auth=4b6335ee0d12c50e95408e002b4d11b131ef783aef7593a0fd7e23833cbba253&amp;quality=70&amp;width=1392&amp;height=783&amp;smart=true 1392w\" media=\"(min-width: 768px) and (max-width: 1008px)\" sizes=\"(min-width: 768px) 928px\" \/><source srcset=\"https:\/\/www.rnd.de\/resizer\/v2\/OUEDCUSY5ZG3XJ4PPVGFEDJSMI.jpg?auth=4b6335ee0d12c50e95408e002b4d11b131ef783aef7593a0fd7e23833cbba253&amp;quality=70&amp;width=596&amp;height=335&amp;smart=true 596w, https:\/\/www.rnd.de\/resizer\/v2\/OUEDCUSY5ZG3XJ4PPVGFEDJSMI.jpg?auth=4b6335ee0d12c50e95408e002b4d11b131ef783aef7593a0fd7e23833cbba253&amp;quality=70&amp;width=894&amp;height=503&amp;smart=true 894w\" media=\"(min-width: 1009px)\" sizes=\"(min-width: 1009px) 596px\" \/><img loading=\"lazy\" decoding=\"async\" src=\"https:\/\/www.rnd.de\/resizer\/v2\/OUEDCUSY5ZG3XJ4PPVGFEDJSMI.jpg?auth=4b6335ee0d12c50e95408e002b4d11b131ef783aef7593a0fd7e23833cbba253&amp;quality=70&amp;width=428&amp;height=241&amp;smart=true\" alt=\"Mehrere tausend Menschen feiern am Montag auf und um den Oranienplatz im Berliner Stadtteil Kreuzberg den Sturz des Assad-Regimes in Syrien.\" width=\"428\" height=\"241\" \/><\/picture><\/div>\n<\/div>\n<\/div>\n<label class=\"Buttonstyled__Button-sc-1iuadho-1 iWKMA-D ArticleImagestyled__ArticleImageButton-sc-11hkcjt-1 ArticleImagestyled__ArticleImageOpenButton-sc-11hkcjt-2 hdOeAX givyM\" for=\"article-header-image-description-toggle-OUEDCUSY5ZG3XJ4PPVGFEDJSMI\"><\/label><\/div>\n<\/div>\n<div class=\"ActionBarstyled__ActionBar-sc-1aef92b-0 iyyXlG\">\u00a0<\/div>\n<\/header><\/div>\n<div class=\"ActionBarstyled__ActionBar-sc-1aef92b-0 iyyXlG\">\u00a0<\/div>\n<div class=\"ArticleHeadstyled__ArticleTeaserContainer-sc-tdzyy5-3\">\n<p class=\"Textstyled__Text-sc-1cqv9mi-0 iJFQHq ArticleHeadstyled__ArticleSubHeadline-sc-tdzyy5-11 ciaxSo\">Der Sturz des syrischen Diktators Baschar al-Assad hat auch Folgen f\u00fcr die Syrerinnen und Syrer in Deutschland. Das Bundesamt f\u00fcr Migration und Fl\u00fcchtlinge wird vorerst keine weiteren Asylantr\u00e4ge syrischer Gefl\u00fcchteter bearbeiten. Bundesinnenministerin Faeser warnt allerdings vor R\u00fcckkehr-Spekulationen.<\/p>\n<div class=\"ArticleHeadstyled__ArticleHeadDetailsContainer-sc-tdzyy5-7 iRRQem\">\n<div class=\"ArticleDetailsstyled__ArticleDetails-sc-26x8zr-0 fSxytS\" data-testid=\"article-details\">\n<div class=\"ArticleDetailsstyled__ArticleDetailsAuthor-sc-26x8zr-1 fJDzjz\">\n<div class=\"ArticleDetailsstyled__ArticleMeta-sc-26x8zr-2 bjCrPa\">\n<div class=\"ArticleMetastyled__ArticleMeta-sc-q63qyk-0 ipXWDB\" data-testid=\"articleMeta\">\n<div class=\"Stackstyled__Stack-sc-84d39r-0 iuurFc\" data-testid=\"stack\"><time class=\"Timestampstyled__Timestamp-sc-moipz3-0 bRrFOH\" datetime=\"2024-12-09T12:43:27+01:00\" data-testid=\"timestamp\">09.12.2024, 12:43 Uhr<\/time><\/div>\n<\/div>\n<h1 data-testid=\"stack\">&#8230;<\/h1>\n<\/div>\n<\/div>\n<\/div>\n<\/div>\n<\/div>\n<\/blockquote>\n\n\n<p><\/p>\n","protected":false},"excerpt":{"rendered":"<p>47.000 Antr\u00e4ge von syrischen Staatsb\u00fcrgern werden jetzt nicht weiter bearbeitet: (Quelle: https:\/\/www.rnd.de\/politik\/nach-assad-sturz-bamf-legt-asylantraege-von-syrern-auf-eis-GARDOYXSPJAIRDM3LSDCRTQV2E.html?) Nach Sturz von Assad Bundesamt f\u00fcr Migration legt Asylantr\u00e4ge von Syrern auf Eis \u00a0 \u00a0 Der Sturz des syrischen Diktators Baschar al-Assad hat auch Folgen f\u00fcr die Syrerinnen und Syrer in Deutschland. Das Bundesamt f\u00fcr Migration und Fl\u00fcchtlinge wird vorerst keine weiteren Asylantr\u00e4ge &#8230; <a title=\"rnd: Bundesamt f\u00fcr Migration legt Asylantr\u00e4ge von Syrern auf Eis\" class=\"read-more\" href=\"https:\/\/rt-europaallee.de\/wordpress\/2024\/12\/rnd-bundesamt-fuer-migration-legt-asylantraege-von-syrern-auf-eis\/\" aria-label=\"Mehr Informationen \u00fcber rnd: Bundesamt f\u00fcr Migration legt Asylantr\u00e4ge von Syrern auf Eis\">Weiterlesen<\/a><\/p>\n","protected":false},"author":3,"featured_media":0,"comment_status":"closed","ping_status":"open","sticky":false,"template":"","format":"standard","meta":{"footnotes":""},"categories":[1],"tags":[],"class_list":["post-16787","post","type-post","status-publish","format-standard","hentry","category-allgemein"],"_links":{"self":[{"href":"https:\/\/rt-europaallee.de\/wordpress\/wp-json\/wp\/v2\/posts\/16787","targetHints":{"allow":["GET"]}}],"collection":[{"href":"https:\/\/rt-europaallee.de\/wordpress\/wp-json\/wp\/v2\/posts"}],"about":[{"href":"https:\/\/rt-europaallee.de\/wordpress\/wp-json\/wp\/v2\/types\/post"}],"author":[{"embeddable":true,"href":"https:\/\/rt-europaallee.de\/wordpress\/wp-json\/wp\/v2\/users\/3"}],"replies":[{"embeddable":true,"href":"https:\/\/rt-europaallee.de\/wordpress\/wp-json\/wp\/v2\/comments?post=16787"}],"version-history":[{"count":1,"href":"https:\/\/rt-europaallee.de\/wordpress\/wp-json\/wp\/v2\/posts\/16787\/revisions"}],"predecessor-version":[{"id":16788,"href":"https:\/\/rt-europaallee.de\/wordpress\/wp-json\/wp\/v2\/posts\/16787\/revisions\/16788"}],"wp:attachment":[{"href":"https:\/\/rt-europaallee.de\/wordpress\/wp-json\/wp\/v2\/media?parent=16787"}],"wp:term":[{"taxonomy":"category","embeddable":true,"href":"https:\/\/rt-europaallee.de\/wordpress\/wp-json\/wp\/v2\/categories?post=16787"},{"taxonomy":"post_tag","embeddable":true,"href":"https:\/\/rt-europaallee.de\/wordpress\/wp-json\/wp\/v2\/tags?post=16787"}],"curies":[{"name":"wp","href":"https:\/\/api.w.org\/{rel}","templated":true}]}}