{"id":16818,"date":"2024-12-16T18:45:30","date_gmt":"2024-12-16T17:45:30","guid":{"rendered":"http:\/\/rt-europaallee.org\/wordpress\/?p=16818"},"modified":"2024-12-16T18:45:30","modified_gmt":"2024-12-16T17:45:30","slug":"stadt-goettingen-termine-service-und-oeffnungszeiten-rund-um-die-weihnachtsfeiertage-2024","status":"publish","type":"post","link":"https:\/\/rt-europaallee.de\/wordpress\/2024\/12\/stadt-goettingen-termine-service-und-oeffnungszeiten-rund-um-die-weihnachtsfeiertage-2024\/","title":{"rendered":"Stadt G\u00f6ttingen: Termine, Service- und \u00d6ffnungszeiten rund um die Weihnachtsfeiertage 2024"},"content":{"rendered":"<p>(Quelle: <a href=\"https:\/\/www.goettingen.de\/portal\/meldungen\/termine-service-und-oeffnungszeiten-rund-um-die-weihnachtsfeiertage-2024-900003565-25480.html?rubrik=900000002\">https:\/\/www.goettingen.de\/portal\/meldungen\/termine-service-und-oeffnungszeiten-rund-um-die-weihnachtsfeiertage-2024-900003565-25480.html?rubrik=900000002<\/a>)<\/p>\n<blockquote>\n<div class=\"fusstext fusstext_oben\"><span class=\"create\">16.12.2024<\/span><\/p>\n<div><\/div>\n<\/div>\n<h3 class=\"kontrast-bild\">Termine, Service- und \u00d6ffnungszeiten rund um die Weihnachtsfeiertage 2024<\/h3>\n<div id=\"nolis_content_site\" class=\"nolis_content_site\">\n<p class=\"anreisser_detail\"><strong>Aufgrund der Weihnachtsfeiertage 2024 \u00e4ndern sich die Service- und \u00d6ffnungszeiten st\u00e4dtischer Einrichtungen. Die Stadtverwaltung bleibt am Freitag, 27. Dezember 2024, geschlossen.<\/strong><\/p>\n<div class=\"print_href print_abbr\">\n<div class=\"template template1\">\n<div class=\"platz platz1\">\n<div class=\"rahmen\">\n<div class=\"innen\">\n<h4 class=\"nolis-tiny\">Stadtverwaltung<\/h4>\n<p>Um Urlaubstage und \u00dcberstunden abzubauen, gibt es <strong>am Freitag, 27. Dezember 2024,<\/strong> f\u00fcr weite Teile der Stadtverwaltung Betriebsurlaub. <strong>Das Neue Rathaus sowie andere Dienststellen und Einrichtungen der Stadt sind geschlossen.<\/strong><\/p>\n<p>Ausgenommen von dieser Regelung sind die Einsatzkr\u00e4fte der G\u00f6ttinger Berufsfeuerwehr, die Tourist-Information und die G\u00f6ttinger Entsorgungsbetriebe.<\/p>\n<h4 class=\"nolis-tiny\">Entsorgungsbetriebe<\/h4>\n<p>Die Termine zur Abfallentsorgung verschieben sich um die Feiertage und Sylvester wie folgt:<\/p>\n<table class=\"nolis-tiny\">\n<colgroup>\n<col \/>\n<col \/>\n<col \/><\/colgroup>\n<tbody>\n<tr>\n<td>1. Weihnachtsfeiertag, Mittwoch, 25.Dezember<\/td>\n<td>wird verschoben auf<\/td>\n<td>Freitag, 27. Dezember<\/td>\n<\/tr>\n<tr>\n<td>2. Weihnachtstag, Donnerstag, 26. Dezember<\/td>\n<td>wird verschoben auf<\/td>\n<td>Samstag, 28. Dezember<\/td>\n<\/tr>\n<tr>\n<td>Freitag, 27. Dezember<\/td>\n<td>wird verschoben auf<\/td>\n<td>Montag, 30. Dezember<\/td>\n<\/tr>\n<tr>\n<td>Montag, 30. Dezember<\/td>\n<td>wird verschoben auf<\/td>\n<td>Dienstag, 31. Dezember<\/td>\n<\/tr>\n<tr>\n<td>Silvester &#8211; Dienstag, 31. Dezember<\/td>\n<td>wird verschoben auf<\/td>\n<td>Donnerstag, 2.Januar<\/td>\n<\/tr>\n<tr>\n<td>Neujahr \u2013 Mittwoch, 1. Januar<\/td>\n<td>wird verschoben auf<\/td>\n<td>Freitag, 3. Januar<\/td>\n<\/tr>\n<tr>\n<td>Donnerstag, 2. Januar<\/td>\n<td>wird verschoben auf<\/td>\n<td>Samstag, 4. Januar<\/td>\n<\/tr>\n<tr>\n<td>Freitag, 3. Januar<\/td>\n<td>wird verschoben auf<\/td>\n<td>Montag, 6. Januar<\/td>\n<\/tr>\n<tr>\n<td>Montag, 6. Januar<\/td>\n<td>wird verschoben auf<\/td>\n<td>Dienstag, 7. Januar<\/td>\n<\/tr>\n<tr>\n<td>Dienstag, 7. Januar<\/td>\n<td>wird verschoben auf<\/td>\n<td>Mittwoch, 8. Januar<\/td>\n<\/tr>\n<tr>\n<td>Mittwoch, 8. Januar<\/td>\n<td>wird verschoben auf<\/td>\n<td>Donnerstag, 9. Januar<\/td>\n<\/tr>\n<tr>\n<td>Donnerstag, 9. Januar<\/td>\n<td>wird verschoben auf<\/td>\n<td>Freitag, 10. Januar<\/td>\n<\/tr>\n<tr>\n<td>Freitag, 10. Januar<\/td>\n<td>wird verschoben auf<\/td>\n<td>Samstag, 11. Januar<\/td>\n<\/tr>\n<\/tbody>\n<\/table>\n<p>Der Recyclinghof der G\u00f6ttinger Entsorgungsbetriebe bleibt neben den Feiertagen auch am 23., 27. und 30. Dezember 2024 geschlossen. Ab Donnerstag, 2. Januar 2025, ist er wieder ge\u00f6ffnet.<\/p>\n<p>Auch das Entsorgungszentrum K\u00f6nigsb\u00fchl bleibt neben den Feiertagen am 23., 27. und 30. Dezember 2024 sowie am 2. und 3. Januar 2025 geschlossen. Ab Montag, 6. Januar 2025, ist es wieder ge\u00f6ffnet.<\/p>\n<h4 class=\"nolis-tiny\">Tourist-Information<\/h4>\n<p>Die Tourist-Information, Markt 8, hat am Freitag, 27. Dezember 2024, von 10.00 bis 18.00 Uhr ge\u00f6ffnet.<\/p>\n<h4 class=\"nolis-tiny\">Ausstellung im Alten Rathaus<\/h4>\n<p>Die Ausstellung im Alten Rathaus bleibt am 27. Dezember 2024 geschlossen.<\/p>\n<h4 class=\"nolis-tiny\">St\u00e4dtisches Museum G\u00f6ttingen<\/h4>\n<p>Das St\u00e4dtische Museum G\u00f6ttingen, Ritterplan 7-8, ist am Freitag, 27. Dezember 2024, von 10.00 bis 17.00 Uhr ge\u00f6ffnet.<\/p>\n<h4 class=\"nolis-tiny\">Stadtarchiv<\/h4>\n<p>Das Stadtarchiv bleibt am 27. Dezember 2024 ebenfalls geschlossen.<\/p>\n<h4 class=\"nolis-tiny\">Stadtbibliothek und Zweigstellen<\/h4>\n<p>Die Stadtbibliothek G\u00f6ttingen hat am Freitag, 27. Dezember 2024, von 10.00 bis 19.00 Uhr ge\u00f6ffnet.\u00a0Die Zweigstellen Grone, Geismar, Weende, Roringen, Nikolausberg und Elliehausen sind geschlossen.<\/p>\n<h4 class=\"nolis-tiny\">Gesundheitsamt f\u00fcr die Stadt und den Landkreis G\u00f6ttingen<\/h4>\n<p>Die HIV-Sprechstunde findet vom 23. Dezember 2024 bis einschlie\u00dflich 30. Dezember 2024 nicht statt. Die n\u00e4chste regul\u00e4re Sprechstunde ist am Donnerstag, 2. Januar 2025.<\/p>\n<\/div>\n<\/div>\n<\/div>\n<\/div>\n<\/div>\n<\/div>\n<\/blockquote>\n","protected":false},"excerpt":{"rendered":"<p>(Quelle: https:\/\/www.goettingen.de\/portal\/meldungen\/termine-service-und-oeffnungszeiten-rund-um-die-weihnachtsfeiertage-2024-900003565-25480.html?rubrik=900000002) 16.12.2024 Termine, Service- und \u00d6ffnungszeiten rund um die Weihnachtsfeiertage 2024 Aufgrund der Weihnachtsfeiertage 2024 \u00e4ndern sich die Service- und \u00d6ffnungszeiten st\u00e4dtischer Einrichtungen. Die Stadtverwaltung bleibt am Freitag, 27. Dezember 2024, geschlossen. Stadtverwaltung Um Urlaubstage und \u00dcberstunden abzubauen, gibt es am Freitag, 27. Dezember 2024, f\u00fcr weite Teile der Stadtverwaltung Betriebsurlaub. Das Neue Rathaus &#8230; <a title=\"Stadt G\u00f6ttingen: Termine, Service- und \u00d6ffnungszeiten rund um die Weihnachtsfeiertage 2024\" class=\"read-more\" href=\"https:\/\/rt-europaallee.de\/wordpress\/2024\/12\/stadt-goettingen-termine-service-und-oeffnungszeiten-rund-um-die-weihnachtsfeiertage-2024\/\" aria-label=\"Mehr Informationen \u00fcber Stadt G\u00f6ttingen: Termine, Service- und \u00d6ffnungszeiten rund um die Weihnachtsfeiertage 2024\">Weiterlesen<\/a><\/p>\n","protected":false},"author":3,"featured_media":0,"comment_status":"closed","ping_status":"open","sticky":false,"template":"","format":"standard","meta":{"footnotes":""},"categories":[1],"tags":[],"class_list":["post-16818","post","type-post","status-publish","format-standard","hentry","category-allgemein"],"_links":{"self":[{"href":"https:\/\/rt-europaallee.de\/wordpress\/wp-json\/wp\/v2\/posts\/16818","targetHints":{"allow":["GET"]}}],"collection":[{"href":"https:\/\/rt-europaallee.de\/wordpress\/wp-json\/wp\/v2\/posts"}],"about":[{"href":"https:\/\/rt-europaallee.de\/wordpress\/wp-json\/wp\/v2\/types\/post"}],"author":[{"embeddable":true,"href":"https:\/\/rt-europaallee.de\/wordpress\/wp-json\/wp\/v2\/users\/3"}],"replies":[{"embeddable":true,"href":"https:\/\/rt-europaallee.de\/wordpress\/wp-json\/wp\/v2\/comments?post=16818"}],"version-history":[{"count":1,"href":"https:\/\/rt-europaallee.de\/wordpress\/wp-json\/wp\/v2\/posts\/16818\/revisions"}],"predecessor-version":[{"id":16819,"href":"https:\/\/rt-europaallee.de\/wordpress\/wp-json\/wp\/v2\/posts\/16818\/revisions\/16819"}],"wp:attachment":[{"href":"https:\/\/rt-europaallee.de\/wordpress\/wp-json\/wp\/v2\/media?parent=16818"}],"wp:term":[{"taxonomy":"category","embeddable":true,"href":"https:\/\/rt-europaallee.de\/wordpress\/wp-json\/wp\/v2\/categories?post=16818"},{"taxonomy":"post_tag","embeddable":true,"href":"https:\/\/rt-europaallee.de\/wordpress\/wp-json\/wp\/v2\/tags?post=16818"}],"curies":[{"name":"wp","href":"https:\/\/api.w.org\/{rel}","templated":true}]}}