{"id":16833,"date":"2024-12-21T23:33:59","date_gmt":"2024-12-21T22:33:59","guid":{"rendered":"http:\/\/rt-europaallee.org\/wordpress\/?p=16833"},"modified":"2024-12-21T23:33:59","modified_gmt":"2024-12-21T22:33:59","slug":"stadt-goettingen-uebersicht-ueber-einige-soziale-angebote-waehrend-der-feiertage","status":"publish","type":"post","link":"https:\/\/rt-europaallee.de\/wordpress\/2024\/12\/stadt-goettingen-uebersicht-ueber-einige-soziale-angebote-waehrend-der-feiertage\/","title":{"rendered":"Stadt G\u00f6ttingen: \u00dcbersicht \u00fcber einige Soziale Angebote w\u00e4hrend der Feiertage"},"content":{"rendered":"<p>(Quelle: <a href=\"https:\/\/www.goettingen.de\/portal\/meldungen\/soziale-angebote-rund-um-die-feiertage-900003591-25480.html?rubrik=900000003\">https:\/\/www.goettingen.de\/portal\/meldungen\/soziale-angebote-rund-um-die-feiertage-900003591-25480.html?rubrik=900000003<\/a>)<\/p>\n<blockquote>\n<div class=\"fusstext fusstext_oben\"><span class=\"create\">20.12.2024<\/span><\/p>\n<div><\/div>\n<\/div>\n<h3 class=\"kontrast-bild\">Soziale Angebote rund um die Feiertage<\/h3>\n<div id=\"nolis_content_site\" class=\"nolis_content_site\">\n<p class=\"anreisser_detail\"><strong>Viele Menschen m\u00f6chten auch w\u00e4hrend der Schlie\u00dfzeiten um Weihnachten und Neujahr andere Menschen treffen und m\u00f6glichst kostenfreien Aktivit\u00e4ten nachgehen. Hier sind einige Angebote und Anlaufstellen in G\u00f6ttingen zusammengestellt.<\/strong><\/p>\n<div class=\"print_href print_abbr\">\n<div class=\"template template1\">\n<div class=\"platz platz1\">\n<div class=\"rahmen\">\n<div class=\"innen\">\n<h4 class=\"nolis-tiny\">Nachbarschaftszentrum Holtenser Berg<\/h4>\n<p><strong>Offener Abend am Dienstag, 24. Dezember 2024, im Nachbarschaftszentrum um 20.00 Uhr<\/strong><\/p>\n<p>Wer Heiligabend nicht allein verbringen m\u00f6chte, kann sich im Nachbarschaftszentrum Holtenser Berg, in der Londonstra\u00dfe 11a mit Menschen treffen, bei einem gemeinsamen Essen (mit Fleisch oder vegetarisch\/vegan), Kakao und Tee sowie kalten Getr\u00e4nken.<\/p>\n<p>Der offene Abend ist keine Weihnachtsfeier, sondern ein Angebot f\u00fcr alle, die nicht feiern, aber den Abend gerne in Gesellschaft verbringen m\u00f6chten. Alle sind herzlich willkommen.<\/p>\n<p><strong>Nach-Weihnachts-Fr\u00fchst\u00fcck am Freitag, 27. Dezember 2024, im Nachbarschaftszentrum um 10.00 Uhr<\/strong><\/p>\n<p>Das Nachbarschaftszentrum Holtenser Berg l\u00e4dt nach Weihnachten zum gemeinsamen Fr\u00fchst\u00fcck ein. Br\u00f6tchen und Getr\u00e4nke werden gestellt. Es wird gebeten, einen eigenen Brotaufstrich zum Essen und Teilen mitzubringen.<\/p>\n<p>Beide Veranstaltungen sind kostenlos. N\u00e4here Informationen sind unter nbz-hoberg.de zu erhalten oder unter der Telefonnummer 0551\/50420747.<\/p>\n<p><strong>Nachbarschaftstreff Ebertal<\/strong><\/p>\n<p><strong>Mitmachwerkstatt am Dienstag, 24. Dezember im AWO-H\u00e4uschen von 10 bis 24 Uhr<\/strong><\/p>\n<p>Das AWO-H\u00e4uschen im L\u00f6nsweg 16 \u00f6ffnet an Heiligabend seine Holzwerkstatt und den Gruppenraum f\u00fcr gemeinsames Bauen und Schrauben an eigenen Projekten. Alle \u2013 ob mit oder ohne Hobby \u2013 sind herzlich eingeladen, um dem Weihnachtstrubel zu entfliehen. Es wird darum gebeten, wenn m\u00f6glich, sich vorher unter der Telefonnummer 0176\/95897225 anzumelden.<\/p>\n<h4 class=\"nolis-tiny\">Mittagstisch St. Michael<\/h4>\n<p>Der Mittagstisch St. Michael hat \u00fcber die Feiertage ge\u00f6ffnet. Er findet in der Turmstra\u00dfe 5 zwischen 12.00 Uhr und 13.30 Uhr statt.<\/p>\n<h4 class=\"nolis-tiny\">Stra\u00dfensozialarbeit<\/h4>\n<p>Die Stra\u00dfensozialarbeit hat an den Feiertagen geschlossen, aber f\u00fcr G\u00e4ste am 23. Dezember und 27. Dezember sowie am 30. Dezember von 8.30 Uhr bis 13.00 Uhr ge\u00f6ffnet. Jeweils ab 9.00 Uhr bis 11.30 Uhr kann man wie gewohnt gegen einen kleinen Betrag Fr\u00fchst\u00fccken \u2013 am 27. Dezember gibt es um 12.00 Uhr ein (g\u00fcnstiges) Mittagsessen. Alle Speisen und Getr\u00e4nke gibt es solange der Vorrat reicht.<\/p>\n<h4 class=\"nolis-tiny\">\u201eKeiner soll einsam sein\u201c<\/h4>\n<p>Im Rahmen der Weihnachtsaktion \u201eKeiner soll einsam sein\u201c, die vom G\u00f6ttinger Tageblatt getragen und von karitativen Organisationen unterst\u00fctzt wird, findet wieder der Offene Heiligabend am 24. Dezember statt. Alle d\u00fcrfen kommen, die ansonsten Weihnachten alleine verbringen w\u00fcrden. Dieses Jahr findet der Offene Heiligabend wieder in der Stadthalle G\u00f6ttingen statt.<\/p>\n<h4 class=\"nolis-tiny\">Bahnhofsmission<\/h4>\n<p>Die Bahnhofsmission ist an den Weihnachtsfeiertagen geschlossen. Zwischen Weihnachten und Neujahr gelten die regul\u00e4ren \u00d6ffnungszeiten von 9.00 bis 16.00 Uhr (werktags).<\/p>\n<\/div>\n<\/div>\n<\/div>\n<\/div>\n<\/div>\n<\/div>\n<\/blockquote>\n","protected":false},"excerpt":{"rendered":"<p>(Quelle: https:\/\/www.goettingen.de\/portal\/meldungen\/soziale-angebote-rund-um-die-feiertage-900003591-25480.html?rubrik=900000003) 20.12.2024 Soziale Angebote rund um die Feiertage Viele Menschen m\u00f6chten auch w\u00e4hrend der Schlie\u00dfzeiten um Weihnachten und Neujahr andere Menschen treffen und m\u00f6glichst kostenfreien Aktivit\u00e4ten nachgehen. Hier sind einige Angebote und Anlaufstellen in G\u00f6ttingen zusammengestellt. Nachbarschaftszentrum Holtenser Berg Offener Abend am Dienstag, 24. Dezember 2024, im Nachbarschaftszentrum um 20.00 Uhr Wer Heiligabend nicht &#8230; <a title=\"Stadt G\u00f6ttingen: \u00dcbersicht \u00fcber einige Soziale Angebote w\u00e4hrend der Feiertage\" class=\"read-more\" href=\"https:\/\/rt-europaallee.de\/wordpress\/2024\/12\/stadt-goettingen-uebersicht-ueber-einige-soziale-angebote-waehrend-der-feiertage\/\" aria-label=\"Mehr Informationen \u00fcber Stadt G\u00f6ttingen: \u00dcbersicht \u00fcber einige Soziale Angebote w\u00e4hrend der Feiertage\">Weiterlesen<\/a><\/p>\n","protected":false},"author":3,"featured_media":0,"comment_status":"closed","ping_status":"open","sticky":false,"template":"","format":"standard","meta":{"footnotes":""},"categories":[1],"tags":[],"class_list":["post-16833","post","type-post","status-publish","format-standard","hentry","category-allgemein"],"_links":{"self":[{"href":"https:\/\/rt-europaallee.de\/wordpress\/wp-json\/wp\/v2\/posts\/16833","targetHints":{"allow":["GET"]}}],"collection":[{"href":"https:\/\/rt-europaallee.de\/wordpress\/wp-json\/wp\/v2\/posts"}],"about":[{"href":"https:\/\/rt-europaallee.de\/wordpress\/wp-json\/wp\/v2\/types\/post"}],"author":[{"embeddable":true,"href":"https:\/\/rt-europaallee.de\/wordpress\/wp-json\/wp\/v2\/users\/3"}],"replies":[{"embeddable":true,"href":"https:\/\/rt-europaallee.de\/wordpress\/wp-json\/wp\/v2\/comments?post=16833"}],"version-history":[{"count":1,"href":"https:\/\/rt-europaallee.de\/wordpress\/wp-json\/wp\/v2\/posts\/16833\/revisions"}],"predecessor-version":[{"id":16834,"href":"https:\/\/rt-europaallee.de\/wordpress\/wp-json\/wp\/v2\/posts\/16833\/revisions\/16834"}],"wp:attachment":[{"href":"https:\/\/rt-europaallee.de\/wordpress\/wp-json\/wp\/v2\/media?parent=16833"}],"wp:term":[{"taxonomy":"category","embeddable":true,"href":"https:\/\/rt-europaallee.de\/wordpress\/wp-json\/wp\/v2\/categories?post=16833"},{"taxonomy":"post_tag","embeddable":true,"href":"https:\/\/rt-europaallee.de\/wordpress\/wp-json\/wp\/v2\/tags?post=16833"}],"curies":[{"name":"wp","href":"https:\/\/api.w.org\/{rel}","templated":true}]}}