{"id":16835,"date":"2024-12-22T00:01:17","date_gmt":"2024-12-21T23:01:17","guid":{"rendered":"http:\/\/rt-europaallee.org\/wordpress\/?p=16835"},"modified":"2024-12-22T00:01:17","modified_gmt":"2024-12-21T23:01:17","slug":"stadt-goettingen-boellerverbot-in-der-goettinger-innenstadt-2","status":"publish","type":"post","link":"https:\/\/rt-europaallee.de\/wordpress\/2024\/12\/stadt-goettingen-boellerverbot-in-der-goettinger-innenstadt-2\/","title":{"rendered":"Stadt G\u00f6ttingen: B\u00f6llerverbot in der G\u00f6ttinger Innenstadt"},"content":{"rendered":"<p>(Quelle: <a href=\"https:\/\/www.goettingen.de\/portal\/meldungen\/boellerverbot-in-der-goettinger-innenstadt-900003580-25480.html?rubrik=900000003\">https:\/\/www.goettingen.de\/portal\/meldungen\/boellerverbot-in-der-goettinger-innenstadt-900003580-25480.html?rubrik=900000003<\/a>)<\/p>\n<blockquote>\n<div class=\"fusstext fusstext_oben\"><span class=\"create\">18.12.2024<\/span><\/p>\n<div><\/div>\n<\/div>\n<h3 class=\"kontrast-bild\"><strong>B\u00f6llerverbot in der G\u00f6ttinger Innenstadt<\/strong><\/h3>\n<div id=\"nolis_content_site\" class=\"nolis_content_site\">\n<p class=\"anreisser_detail\"><strong>Zum Schutz von Menschen und Geb\u00e4uden gilt zur Jahreswende 2024\/2025 in der gesamten G\u00f6ttinger Innenstadt wieder ein Verbot f\u00fcr Feuerwerksk\u00f6rper der Kategorie F2. Innerhalb der Wallanlagen und auf dem Wall einschlie\u00dflich des Albani-Parkplatzes darf am Dienstag, 31. Dezember 2024, und am Mittwoch, 1. Januar 2025 kein Feuerwerk der Kategorie F2 gez\u00fcndet werden. F\u00fcr die restlichen Tage im Jahr ist das Abfeuern von Produkten dieser Kategorie ohnehin grunds\u00e4tzlich verboten.<\/strong><\/p>\n<div class=\"print_href print_abbr\">\n<div class=\"template template1\">\n<div class=\"platz platz1\">\n<div class=\"rahmen\">\n<div class=\"innen\">\n<p>Wer gegen das sogenannte B\u00f6llerverbot verst\u00f6\u00dft, begeht eine Ordnungswidrigkeit und muss mit einem Bu\u00dfgeld rechnen. Die Stadt G\u00f6ttingen und die Polizeiinspektion G\u00f6ttingen werden gemeinsam entsprechende Kontrollen durchf\u00fchren: Bereits am fr\u00fchen Abend des 31. Dezember werden Streifenteams der Polizei in der Innenstadt unterwegs sein, die Situation beobachten und bei Verst\u00f6\u00dfen ggf. Verwarnungsgelder festsetzen sowie B\u00f6ller beschlagnahmen. Ziel der Streifen ist es vor allem, zu informieren und dadurch pr\u00e4ventiv zu wirken. Dar\u00fcber hinaus will die Stadt schriftlich auch alle Verkaufsstellen f\u00fcr Feuerwerksk\u00f6rper unterrichten.<\/p>\n<p>Bereits in den letzten Jahren war der Einsatz von Feuerwerk der Kategorie F2 in der Innenstadt verboten. Mit einer entsprechenden Anordnung k\u00f6nnen Polizei und Ordnungskr\u00e4fte einfacher durchgreifen, wenn sie den Einsatz von verbotenem Feuerwerk bemerken. Das 2016 erstmals verf\u00fcgte Verbot wurde bei den letzten Jahreswechseln weitgehend eingehalten.<\/p>\n<p>Pyrotechnische Gegenst\u00e4nde der Kategorie F2 sind erkennbar an der Kennzeichnung \u201eKat. F2\u201c und d\u00fcrfen in diesem Jahr nur vom 28. bis zum 31. Dezember verkauft werden. Das Abbrennen dieser Feuerwerksk\u00f6rper ist ausschlie\u00dflich am 31. Dezember sowie am 1. Januar erlaubt, allerdings nur au\u00dferhalb der Innenstadt.<\/p>\n<p>Zur Kategorie F2 z\u00e4hlen Feuerwerke, insbesondere Kleinfeuerwerke wie Feuerwerksbatterien, Einzelraketen, Schw\u00e4rmer, Feuert\u00f6pfe, Leuchtfeuerwerk, Flugartikel, Knallk\u00f6rper usw. Auf den Verkaufsverpackungen ist die Kategorie angegeben, so dass bereits beim Kauf grunds\u00e4tzlich Klarheit herrschen sollte, dass diese Produkte in der Silvesternacht nicht in der Innenstadt abgefeuert werden d\u00fcrfen.<\/p>\n<p>Die entsprechende <a class=\"link_katalog nolis-link-intern\" title=\"Link zu Amtsblatt 23\/2024 vom 16.12.2024 (https:\/\/www.goettingen.de\/downloads\/datei\/ODE2NTk2MDA4ZWJiYTY2NHVNbitkdTIyUFJIRGxKY0NVVmQ4OWpkV0VmeFcxVVdQRHFUQlpGbktIWnU5Z3VrVHlPMTVuSTZocVpyTE0wSE5JL05wWFhLVy9NSzh6UC8za29pVVRRZVQxZmdmQmhtQ3lMOVl6U1o4ZnN2TVc4aFlJcTRKNDRTMjJRMVVwSUI3bDhoU1NWcjM5bmZ0OHBLTDFFendFdz09)\" href=\"https:\/\/www.goettingen.de\/downloads\/datei\/ODE2NTk2MDA4ZWJiYTY2NHVNbitkdTIyUFJIRGxKY0NVVmQ4OWpkV0VmeFcxVVdQRHFUQlpGbktIWnU5Z3VrVHlPMTVuSTZocVpyTE0wSE5JL05wWFhLVy9NSzh6UC8za29pVVRRZVQxZmdmQmhtQ3lMOVl6U1o4ZnN2TVc4aFlJcTRKNDRTMjJRMVVwSUI3bDhoU1NWcjM5bmZ0OHBLTDFFendFdz09\" target=\"_blank\" rel=\"noopener\">Allgemeinverf\u00fcgung zum B\u00f6llerverbot wurde im Amtsblatt 23\/2024 vom Montag, 16. Dezember 2024<\/a>, ver\u00f6ffentlicht.<\/p>\n<\/div>\n<\/div>\n<\/div>\n<\/div>\n<\/div>\n<\/div>\n<\/blockquote>\n","protected":false},"excerpt":{"rendered":"<p>(Quelle: https:\/\/www.goettingen.de\/portal\/meldungen\/boellerverbot-in-der-goettinger-innenstadt-900003580-25480.html?rubrik=900000003) 18.12.2024 B\u00f6llerverbot in der G\u00f6ttinger Innenstadt Zum Schutz von Menschen und Geb\u00e4uden gilt zur Jahreswende 2024\/2025 in der gesamten G\u00f6ttinger Innenstadt wieder ein Verbot f\u00fcr Feuerwerksk\u00f6rper der Kategorie F2. Innerhalb der Wallanlagen und auf dem Wall einschlie\u00dflich des Albani-Parkplatzes darf am Dienstag, 31. Dezember 2024, und am Mittwoch, 1. Januar 2025 kein Feuerwerk &#8230; <a title=\"Stadt G\u00f6ttingen: B\u00f6llerverbot in der G\u00f6ttinger Innenstadt\" class=\"read-more\" href=\"https:\/\/rt-europaallee.de\/wordpress\/2024\/12\/stadt-goettingen-boellerverbot-in-der-goettinger-innenstadt-2\/\" aria-label=\"Mehr Informationen \u00fcber Stadt G\u00f6ttingen: B\u00f6llerverbot in der G\u00f6ttinger Innenstadt\">Weiterlesen<\/a><\/p>\n","protected":false},"author":3,"featured_media":0,"comment_status":"closed","ping_status":"open","sticky":false,"template":"","format":"standard","meta":{"footnotes":""},"categories":[1],"tags":[],"class_list":["post-16835","post","type-post","status-publish","format-standard","hentry","category-allgemein"],"_links":{"self":[{"href":"https:\/\/rt-europaallee.de\/wordpress\/wp-json\/wp\/v2\/posts\/16835","targetHints":{"allow":["GET"]}}],"collection":[{"href":"https:\/\/rt-europaallee.de\/wordpress\/wp-json\/wp\/v2\/posts"}],"about":[{"href":"https:\/\/rt-europaallee.de\/wordpress\/wp-json\/wp\/v2\/types\/post"}],"author":[{"embeddable":true,"href":"https:\/\/rt-europaallee.de\/wordpress\/wp-json\/wp\/v2\/users\/3"}],"replies":[{"embeddable":true,"href":"https:\/\/rt-europaallee.de\/wordpress\/wp-json\/wp\/v2\/comments?post=16835"}],"version-history":[{"count":1,"href":"https:\/\/rt-europaallee.de\/wordpress\/wp-json\/wp\/v2\/posts\/16835\/revisions"}],"predecessor-version":[{"id":16836,"href":"https:\/\/rt-europaallee.de\/wordpress\/wp-json\/wp\/v2\/posts\/16835\/revisions\/16836"}],"wp:attachment":[{"href":"https:\/\/rt-europaallee.de\/wordpress\/wp-json\/wp\/v2\/media?parent=16835"}],"wp:term":[{"taxonomy":"category","embeddable":true,"href":"https:\/\/rt-europaallee.de\/wordpress\/wp-json\/wp\/v2\/categories?post=16835"},{"taxonomy":"post_tag","embeddable":true,"href":"https:\/\/rt-europaallee.de\/wordpress\/wp-json\/wp\/v2\/tags?post=16835"}],"curies":[{"name":"wp","href":"https:\/\/api.w.org\/{rel}","templated":true}]}}