{"id":16847,"date":"2024-12-23T19:58:14","date_gmt":"2024-12-23T18:58:14","guid":{"rendered":"http:\/\/rt-europaallee.org\/wordpress\/?p=16847"},"modified":"2024-12-23T19:58:14","modified_gmt":"2024-12-23T18:58:14","slug":"goevb-goettinger-verkehrsbetriebe-oeffnungszeiten-unseres-kundenzentrums-ueber-weihnachten-und-zwischen-den-feiertagen","status":"publish","type":"post","link":"https:\/\/rt-europaallee.de\/wordpress\/2024\/12\/goevb-goettinger-verkehrsbetriebe-oeffnungszeiten-unseres-kundenzentrums-ueber-weihnachten-und-zwischen-den-feiertagen\/","title":{"rendered":"G\u00f6VB &#8211; G\u00f6ttinger Verkehrsbetriebe: \u00d6ffnungszeiten unseres Kundenzentrums \u00fcber Weihnachten und zwischen den Feiertagen"},"content":{"rendered":"<p>(Quelle: <a href=\"https:\/\/www.facebook.com\/goevb\/posts\/pfbid0pKH3NpbC3ZaX2QvmQBYrDjvFejBLMm3qg62VGVULGAVqtDMw3xB1tiwRX162m2qYl?notif_id=1734939983631620&amp;notif_t=notify_me_page&amp;ref=notif\">https:\/\/www.facebook.com\/goevb\/posts\/pfbid0pKH3NpbC3ZaX2QvmQBYrDjvFejBLMm3qg62VGVULGAVqtDMw3xB1tiwRX162m2qYl?<\/a>)<\/p>\n<blockquote>\n<div class=\"xu06os2 x1ok221b\">\n<div class=\"html-div xdj266r x11i5rnm xat24cr x1mh8g0r xexx8yu x4uap5 x18d9i69 xkhd6sd\" data-ad-rendering-role=\"profile_name\">\n<h3 id=\":R1al4uqaqdfiqhpapd5aq:\" class=\"html-h3 x11i5rnm xat24cr x1mh8g0r xexx8yu x4uap5 x18d9i69 xkhd6sd x1vvkbs x1heor9g x1qlqyl8 x1pd3egz x1a2a7pz x1gslohp x1yc453h\"><span class=\"xt0psk2\"><a class=\"x1i10hfl xjbqb8w x1ejq31n xd10rxx x1sy0etr x17r0tee x972fbf xcfux6l x1qhh985 xm0m39n x9f619 x1ypdohk xt0psk2 xe8uvvx xdj266r x11i5rnm xat24cr x1mh8g0r xexx8yu x4uap5 x18d9i69 xkhd6sd x16tdsg8 x1hl2dhg xggy1nq x1a2a7pz x1sur9pj xkrqix3 xzsf02u x1s688f\" tabindex=\"0\" role=\"link\" href=\"https:\/\/www.facebook.com\/goevb?__cft__[0]=AZWFa2M07SQHBSfx831TowOBIMRT98p6o3hUFP1oMZ0NCb7nzyWo_m3YbV_G8OAXTMmTyWO4Ng7_hiuRKTz6g9wYf9gR17BN2L4uh6MLKofJiMdbzC88AJG7bMIMRIxgcVqrpD-m6n3D3ODxbg7rn0va80zxjm-bX5N7KRyexL9UCA&amp;__tn__=-UC%2CP-R\"><strong class=\"html-strong xdj266r x11i5rnm xat24cr x1mh8g0r xexx8yu x4uap5 x18d9i69 xkhd6sd x1hl2dhg x16tdsg8 x1vvkbs x1s688f\"><span class=\"html-span xdj266r x11i5rnm xat24cr x1mh8g0r xexx8yu x4uap5 x18d9i69 xkhd6sd x1hl2dhg x16tdsg8 x1vvkbs\">G\u00f6VB &#8211; G\u00f6ttinger Verkehrsbetriebe<\/span><\/strong><\/a><\/span><\/h3>\n<\/div>\n<\/div>\n<div class=\"xqcrz7y x78zum5 x1qx5ct2 x1y1aw1k x1sxyh0 xwib8y2 xurb0ha xw4jnvo\">\n<div><\/div>\n<\/div>\n<div class=\"html-div xdj266r x11i5rnm xat24cr x1mh8g0r xexx8yu x4uap5 x18d9i69 xkhd6sd\" dir=\"auto\">\n<div class=\"html-div xdj266r x11i5rnm xat24cr x1mh8g0r xexx8yu x4uap5 x18d9i69 xkhd6sd\" data-ad-rendering-role=\"story_message\">\n<div id=\":R1al4uqaqdfiqhpapd5aqH2:\" class=\"x1l90r2v x1iorvi4 x1ye3gou xn6708d\" data-ad-comet-preview=\"message\" data-ad-preview=\"message\">\n<div class=\"x78zum5 xdt5ytf xz62fqu x16ldp7u\">\n<div class=\"xu06os2 x1ok221b\">\n<div class=\"xdj266r x11i5rnm xat24cr x1mh8g0r x1vvkbs x126k92a\">\n<div dir=\"auto\"><span class=\"html-span xexx8yu x4uap5 x18d9i69 xkhd6sd x1hl2dhg x16tdsg8 x1vvkbs x3nfvp2 x1j61x8r x1fcty0u xdj266r xat24cr xgzva0m xhhsvwb xxymvpz xlup9mm x1kky2od\"><img loading=\"lazy\" decoding=\"async\" class=\"xz74otr\" src=\"https:\/\/static.xx.fbcdn.net\/images\/emoji.php\/v9\/t22\/1\/16\/260e.png\" alt=\"\u260e\" width=\"16\" height=\"16\" \/><\/span>\u00d6ffnungszeiten unseres Kundenzentrums \u00fcber Weihnachten und zwischen den Feiertagen<span class=\"html-span xexx8yu x4uap5 x18d9i69 xkhd6sd x1hl2dhg x16tdsg8 x1vvkbs x3nfvp2 x1j61x8r x1fcty0u xdj266r xat24cr xgzva0m xhhsvwb xxymvpz xlup9mm x1kky2od\"><img loading=\"lazy\" decoding=\"async\" class=\"xz74otr\" src=\"https:\/\/static.xx.fbcdn.net\/images\/emoji.php\/v9\/t22\/1\/16\/260e.png\" alt=\"\u260e\" width=\"16\" height=\"16\" \/><\/span><\/div>\n<div dir=\"auto\">++++++++++++++++++++++++++++++++++<\/div>\n<div dir=\"auto\">24.12.24 &#8211; 26.12.24: geschlossen<\/div>\n<div dir=\"auto\">27.12.24: 9:00 Uhr bis 18:00 Uhr<\/div>\n<div dir=\"auto\">28.12.24: 9:30 Uhr bis 14:00 Uhr<\/div>\n<div dir=\"auto\">30.12.24: 9:00 Uhr bis 18:00 Uhr<\/div>\n<div dir=\"auto\">31.12.24: 9:00 Uhr bis 13:00 Uhr<\/div>\n<div dir=\"auto\">01.01.25: geschlossen<\/div>\n<div dir=\"auto\">Ab dem 02.01.25 ist unser Kundenzentrum, wie gewohnt, Montags bis Freitags von 9:00 Uhr &#8211; 18:00 Uhr und Samstag von 9:00 Uhr &#8211; 14:00 Uhr ge\u00f6ffnet.<\/div>\n<\/div>\n<\/div>\n<\/div>\n<\/div>\n<\/div>\n<\/div>\n<\/blockquote>\n","protected":false},"excerpt":{"rendered":"<p>(Quelle: https:\/\/www.facebook.com\/goevb\/posts\/pfbid0pKH3NpbC3ZaX2QvmQBYrDjvFejBLMm3qg62VGVULGAVqtDMw3xB1tiwRX162m2qYl?) G\u00f6VB &#8211; G\u00f6ttinger Verkehrsbetriebe \u00d6ffnungszeiten unseres Kundenzentrums \u00fcber Weihnachten und zwischen den Feiertagen ++++++++++++++++++++++++++++++++++ 24.12.24 &#8211; 26.12.24: geschlossen 27.12.24: 9:00 Uhr bis 18:00 Uhr 28.12.24: 9:30 Uhr bis 14:00 Uhr 30.12.24: 9:00 Uhr bis 18:00 Uhr 31.12.24: 9:00 Uhr bis 13:00 Uhr 01.01.25: geschlossen Ab dem 02.01.25 ist unser Kundenzentrum, wie gewohnt, Montags &#8230; <a title=\"G\u00f6VB &#8211; G\u00f6ttinger Verkehrsbetriebe: \u00d6ffnungszeiten unseres Kundenzentrums \u00fcber Weihnachten und zwischen den Feiertagen\" class=\"read-more\" href=\"https:\/\/rt-europaallee.de\/wordpress\/2024\/12\/goevb-goettinger-verkehrsbetriebe-oeffnungszeiten-unseres-kundenzentrums-ueber-weihnachten-und-zwischen-den-feiertagen\/\" aria-label=\"Mehr Informationen \u00fcber G\u00f6VB &#8211; G\u00f6ttinger Verkehrsbetriebe: \u00d6ffnungszeiten unseres Kundenzentrums \u00fcber Weihnachten und zwischen den Feiertagen\">Weiterlesen<\/a><\/p>\n","protected":false},"author":3,"featured_media":0,"comment_status":"closed","ping_status":"open","sticky":false,"template":"","format":"standard","meta":{"footnotes":""},"categories":[1],"tags":[],"class_list":["post-16847","post","type-post","status-publish","format-standard","hentry","category-allgemein"],"_links":{"self":[{"href":"https:\/\/rt-europaallee.de\/wordpress\/wp-json\/wp\/v2\/posts\/16847","targetHints":{"allow":["GET"]}}],"collection":[{"href":"https:\/\/rt-europaallee.de\/wordpress\/wp-json\/wp\/v2\/posts"}],"about":[{"href":"https:\/\/rt-europaallee.de\/wordpress\/wp-json\/wp\/v2\/types\/post"}],"author":[{"embeddable":true,"href":"https:\/\/rt-europaallee.de\/wordpress\/wp-json\/wp\/v2\/users\/3"}],"replies":[{"embeddable":true,"href":"https:\/\/rt-europaallee.de\/wordpress\/wp-json\/wp\/v2\/comments?post=16847"}],"version-history":[{"count":1,"href":"https:\/\/rt-europaallee.de\/wordpress\/wp-json\/wp\/v2\/posts\/16847\/revisions"}],"predecessor-version":[{"id":16848,"href":"https:\/\/rt-europaallee.de\/wordpress\/wp-json\/wp\/v2\/posts\/16847\/revisions\/16848"}],"wp:attachment":[{"href":"https:\/\/rt-europaallee.de\/wordpress\/wp-json\/wp\/v2\/media?parent=16847"}],"wp:term":[{"taxonomy":"category","embeddable":true,"href":"https:\/\/rt-europaallee.de\/wordpress\/wp-json\/wp\/v2\/categories?post=16847"},{"taxonomy":"post_tag","embeddable":true,"href":"https:\/\/rt-europaallee.de\/wordpress\/wp-json\/wp\/v2\/tags?post=16847"}],"curies":[{"name":"wp","href":"https:\/\/api.w.org\/{rel}","templated":true}]}}