{"id":16863,"date":"2025-01-03T19:20:20","date_gmt":"2025-01-03T18:20:20","guid":{"rendered":"http:\/\/rt-europaallee.org\/wordpress\/?p=16863"},"modified":"2025-01-03T19:20:20","modified_gmt":"2025-01-03T18:20:20","slug":"pol-goe-polizeidirektion-goettingen-fuehrt-whatsapp-channels-ein","status":"publish","type":"post","link":"https:\/\/rt-europaallee.de\/wordpress\/2025\/01\/pol-goe-polizeidirektion-goettingen-fuehrt-whatsapp-channels-ein\/","title":{"rendered":"POL-GOE: Polizeidirektion G\u00f6ttingen f\u00fchrt WhatsApp-Channels ein"},"content":{"rendered":"<p>(Quelle: <a href=\"https:\/\/www.presseportal.de\/blaulicht\/pm\/7452\/5929834?fbclid=IwY2xjawHlByBleHRuA2FlbQIxMQABHQbKE21RAV3IAEAPa1HayeuFe_7atC-BA62-wjZWi6-jmCGFV659um5Vqg_aem_Nee3RU9IAItPlUZtlt0HWQ\">https:\/\/www.presseportal.de\/blaulicht\/pm\/7452\/5929834?fbclid=IwY2xjawHlByBleHRuA2FlbQIxMQABHQbKE21RAV3IAEAPa1HayeuFe_7atC-BA62-wjZWi6-jmCGFV659um5Vqg_aem_Nee3RU9IAItPlUZtlt0HWQ<\/a>)<\/p>\n<blockquote>\n<p class=\"date\"><time datetime=\"2024-12-13 09:45:00\">13.12.2024 \u2013 09:45<\/time><\/p>\n<p class=\"customer\"><a class=\"story-customer\" title=\"weiter zum newsroom von Polizeidirektion G\u00f6ttingen\" href=\"https:\/\/www.presseportal.de\/blaulicht\/nr\/7452\">Polizeidirektion G\u00f6ttingen<\/a><\/p>\n<h1>POL-GOE: Polizeidirektion G\u00f6ttingen f\u00fchrt WhatsApp-Channels ein: Northeim, G\u00f6ttingen und Weserbergland informieren k\u00fcnftig auch \u00fcber etablierten Messenger-Dienst<\/h1>\n<div class=\"story-sharing story-sharing-items action-toolbar\"><\/div>\n<div class=\"no-float\"><\/div>\n<div id=\"story-embed\" class=\"story-attachment\"><\/div>\n<div id=\"attid-675bf413270000fd2c22a066\" class=\"story-media story-media-single\" data-type=\"bild\" data-src=\"\" data-index=\"0\" data-id=\"675bf413270000fd2c22a066\" data-name=\"PIHameln.jpg\">\n<figure>\n<div class=\"story-media-item\"><a class=\"glightbox-pseudo event-trigger\" href=\"https:\/\/cache.pressmailing.net\/thumbnail\/story_hires\/9d11582f-012b-40f3-801e-782bbcdd59e5\/PIHameln.jpg.jpg\" data-description=\"Die Polizeiinspektion Hameln-Pyrmont\/Holzminden f\u00fchrt am 19. Dezember 2024 WhatsApp als zus\u00e4tzlichen Kommunikationskanal ein.\" data-category=\"medialightbox\" data-action=\"click\" data-label=\"single\" data-value=\"675bf413270000fd2c22a066\"><img decoding=\"async\" class=\"single\" src=\"https:\/\/cache.pressmailing.net\/thumbnail\/story_big\/9d11582f-012b-40f3-801e-782bbcdd59e5\/pol-goe-polizeidirektion-g-ttingen-f-hrt-whatsapp-channels-ein-northeim-g-ttingen-und-weserbergland-\" alt=\"POL-GOE: Polizeidirektion G\u00f6ttingen f\u00fchrt WhatsApp-Channels ein: Northeim, G\u00f6ttingen und Weserbergland informieren k\u00fcnftig auch \u00fcber etablierten Messenger-Dienst\" \/><\/a><\/p>\n<div class=\"media-indicator-wrapper\">\n<div class=\"media-indicator\">(<a href=\"https:\/\/cache.pressmailing.net\/thumbnail\/story_hires\/9d11582f-012b-40f3-801e-782bbcdd59e5\/PIHameln.jpg.jpg\">https:\/\/cache.pressmailing.net\/thumbnail\/story_hires\/9d11582f-012b-40f3-801e-782bbcdd59e5\/PIHameln.jpg.jpg<\/a>)<\/div>\n<\/div>\n<\/div>\n<\/figure>\n<\/div>\n<div id=\"story-attachment\" class=\"story-attachment\"><\/div>\n<p><i><a class=\"story-city event-trigger\" title=\"News aus G\u00f6ttingen \" href=\"https:\/\/www.presseportal.de\/regional\/G%F6ttingen\" data-category=\"citylink-story-view\" data-action=\"click\" data-label=\"Citylink in Meldungsansicht\">G\u00f6ttingen<\/a> (ots)<\/i><\/p>\n<p>Die Polizeidirektion G\u00f6ttingen startet mit WhatsApp: Ab dem 19. Dezember informieren drei Polizeidienststellen die B\u00fcrgerinnen und B\u00fcrger zus\u00e4tzlich zu den bereits etablierten Sozialen Medien auch auf dem Messenger-Dienst. Ziel ist es, die Menschen in der jeweiligen Region noch schneller und gezielter zu erreichen und Verkehrsmeldungen, Gefahrenwarnungen, Presseinfos oder Pr\u00e4ventionstipps zu verbreiten &#8211; ganz bequem aufs Handy.<\/p>\n<p>&#8222;WhatsApp ist weit verbreitet und hat sich als Kommunikationsmedium bei den Menschen schon lange etabliert. Mit Einf\u00fchrung der WhatsApp-Kan\u00e4le war es f\u00fcr uns daher logische Konsequenz, auch dieses Medium erg\u00e4nzend zu unseren bisherigen Kommunikationswegen zu nutzen und anzubieten&#8220;, sagt Tanja Wulff-Bruhn, Pr\u00e4sidentin der Polizeidirektion G\u00f6ttingen, mit Blick auf die bevorstehende Einf\u00fchrung. &#8222;Wir m\u00f6chten einfach und schnell informieren &#8211; egal, wo sich die Menschen gerade befinden &#8211; und liefern relevante Informationen direkt und zuverl\u00e4ssig.&#8220;<\/p>\n<p>Offizieller Startschuss f\u00fcr die Kan\u00e4le der Polizeidienststellen Northeim, G\u00f6ttingen und Weserbergland ist am Donnerstag, 19. Dezember. Die Kan\u00e4le sind aber schon jetzt \u00fcber die Suchfunktion auffindbar. &#8222;Wir freuen uns \u00fcber Ihre Anmeldung &#8211; folgen Sie uns&#8220;, l\u00e4dt Tanja Wulff-Bruhn ein, das neue Angebot zu nutzen.<\/p>\n<p>Polizei G\u00f6ttingen auf WhatsApp: <a class=\"uri-ext outbound\" href=\"https:\/\/fcld.ly\/whatsappgoe\" target=\"_blank\" rel=\"noopener\">https:\/\/fcld.ly\/whatsappgoe<\/a> Polizei Northeim auf WhatsApp: <a class=\"uri-ext outbound\" href=\"https:\/\/fcld.ly\/whatsappnom\" target=\"_blank\" rel=\"noopener\">https:\/\/fcld.ly\/whatsappnom<\/a> Polizei Weserbergland auf WhatsApp: <a class=\"uri-ext outbound\" href=\"https:\/\/fcld.ly\/whatsappweserbergland\" target=\"_blank\" rel=\"noopener\">https:\/\/fcld.ly\/whatsappweserbergland<\/a><\/p>\n<p class=\"contact-headline\">R\u00fcckfragen bitte an:<\/p>\n<p class=\"contact-text\">Polizeidirektion G\u00f6ttingen<br \/>\nNatalia Bornemann-Zarczynska<br \/>\nTelefon: 0551\/491-1004<br \/>\nE-Mail: <a class=\"uri-mailto\" href=\"mailto: pressestelle@pd-goe.polizei.niedersachsen.de\"> pressestelle@pd-goe.polizei.niedersachsen.de<\/a><br \/>\n<a class=\"uri-ext outbound\" href=\"http:\/\/www.pd-goe.polizei-nds.de\" target=\"_blank\" rel=\"noopener\">http:\/\/www.pd-goe.polizei-nds.de<\/a><\/p>\n<p class=\"originator\">Original-Content von: Polizeidirektion G\u00f6ttingen, \u00fcbermittelt durch news aktuell<\/p>\n<\/blockquote>\n","protected":false},"excerpt":{"rendered":"<p>(Quelle: https:\/\/www.presseportal.de\/blaulicht\/pm\/7452\/5929834?fbclid=IwY2xjawHlByBleHRuA2FlbQIxMQABHQbKE21RAV3IAEAPa1HayeuFe_7atC-BA62-wjZWi6-jmCGFV659um5Vqg_aem_Nee3RU9IAItPlUZtlt0HWQ) 13.12.2024 \u2013 09:45 Polizeidirektion G\u00f6ttingen POL-GOE: Polizeidirektion G\u00f6ttingen f\u00fchrt WhatsApp-Channels ein: Northeim, G\u00f6ttingen und Weserbergland informieren k\u00fcnftig auch \u00fcber etablierten Messenger-Dienst (https:\/\/cache.pressmailing.net\/thumbnail\/story_hires\/9d11582f-012b-40f3-801e-782bbcdd59e5\/PIHameln.jpg.jpg) G\u00f6ttingen (ots) Die Polizeidirektion G\u00f6ttingen startet mit WhatsApp: Ab dem 19. Dezember informieren drei Polizeidienststellen die B\u00fcrgerinnen und B\u00fcrger zus\u00e4tzlich zu den bereits etablierten Sozialen Medien auch auf dem Messenger-Dienst. Ziel &#8230; <a title=\"POL-GOE: Polizeidirektion G\u00f6ttingen f\u00fchrt WhatsApp-Channels ein\" class=\"read-more\" href=\"https:\/\/rt-europaallee.de\/wordpress\/2025\/01\/pol-goe-polizeidirektion-goettingen-fuehrt-whatsapp-channels-ein\/\" aria-label=\"Mehr Informationen \u00fcber POL-GOE: Polizeidirektion G\u00f6ttingen f\u00fchrt WhatsApp-Channels ein\">Weiterlesen<\/a><\/p>\n","protected":false},"author":3,"featured_media":0,"comment_status":"closed","ping_status":"open","sticky":false,"template":"","format":"standard","meta":{"footnotes":""},"categories":[1],"tags":[],"class_list":["post-16863","post","type-post","status-publish","format-standard","hentry","category-allgemein"],"_links":{"self":[{"href":"https:\/\/rt-europaallee.de\/wordpress\/wp-json\/wp\/v2\/posts\/16863","targetHints":{"allow":["GET"]}}],"collection":[{"href":"https:\/\/rt-europaallee.de\/wordpress\/wp-json\/wp\/v2\/posts"}],"about":[{"href":"https:\/\/rt-europaallee.de\/wordpress\/wp-json\/wp\/v2\/types\/post"}],"author":[{"embeddable":true,"href":"https:\/\/rt-europaallee.de\/wordpress\/wp-json\/wp\/v2\/users\/3"}],"replies":[{"embeddable":true,"href":"https:\/\/rt-europaallee.de\/wordpress\/wp-json\/wp\/v2\/comments?post=16863"}],"version-history":[{"count":1,"href":"https:\/\/rt-europaallee.de\/wordpress\/wp-json\/wp\/v2\/posts\/16863\/revisions"}],"predecessor-version":[{"id":16864,"href":"https:\/\/rt-europaallee.de\/wordpress\/wp-json\/wp\/v2\/posts\/16863\/revisions\/16864"}],"wp:attachment":[{"href":"https:\/\/rt-europaallee.de\/wordpress\/wp-json\/wp\/v2\/media?parent=16863"}],"wp:term":[{"taxonomy":"category","embeddable":true,"href":"https:\/\/rt-europaallee.de\/wordpress\/wp-json\/wp\/v2\/categories?post=16863"},{"taxonomy":"post_tag","embeddable":true,"href":"https:\/\/rt-europaallee.de\/wordpress\/wp-json\/wp\/v2\/tags?post=16863"}],"curies":[{"name":"wp","href":"https:\/\/api.w.org\/{rel}","templated":true}]}}