{"id":16911,"date":"2025-01-09T20:33:51","date_gmt":"2025-01-09T19:33:51","guid":{"rendered":"http:\/\/rt-europaallee.org\/wordpress\/?p=16911"},"modified":"2025-01-09T20:33:51","modified_gmt":"2025-01-09T19:33:51","slug":"hna-goettingen-schulausfall-am-freitag-keine-stadtbusse","status":"publish","type":"post","link":"https:\/\/rt-europaallee.de\/wordpress\/2025\/01\/hna-goettingen-schulausfall-am-freitag-keine-stadtbusse\/","title":{"rendered":"HNA: G\u00f6ttingen: Schulausfall am Freitag \u2013 keine Stadtbusse"},"content":{"rendered":"<p>(Quelle: <a href=\"https:\/\/www.hna.de\/lokales\/goettingen\/goettingen-ort28741\/wintereinbruch-keine-stadtbusse-in-hoeheren-lagen-in-goettingen-93506256.html?fbclid=IwY2xjawHtAuBleHRuA2FlbQIxMQABHW1ZzOk9E76qBQpm5uNWJKpK9TFo7wdvuwv8eY0rraugXNstQ9LXKQA0Mw_aem_Q7bjsoEdnkKvpTsE_D-RSg\">https:\/\/www.hna.de\/lokales\/goettingen\/goettingen-ort28741\/wintereinbruch-keine-stadtbusse-in-hoeheren-lagen-in-goettingen-93506256.html?<\/a>)<\/p>\n<blockquote>\n<h1 class=\"id-StoryElement-headline\">Heftiger Wintereinbruch in Region G\u00f6ttingen: Schulausfall am Freitag, Unf\u00e4lle und Staus \u2013 keine Stadtbusse<\/h1>\n<p class=\"id-Story-timestamp id-Story-timestamp--default\"><span class=\"id-Story-timestamp-content\"><span class=\"id-Story-timestamp-content-prefix\">Stand: <\/span><time datetime=\"2025-01-09 19:49\">09.01.2025, 19:49 Uhr<\/time><\/span><\/p>\n<p class=\"id-Story-authors id-Story-authors--default\"><span class=\"id-Story-authors-by\">Von: <\/span><a class=\"id-Story-authors-link lp_west_author\" title=\"Zur Autorenseite von Stefan Rampfel\" href=\"https:\/\/www.hna.de\/autoren\/806\/\" data-id-ec=\"{&quot;shn&quot;:&quot;Story&quot;,&quot;sht&quot;:&quot;Container&quot;,&quot;p&quot;:{&quot;containerType&quot;:&quot;Authors&quot;,&quot;displayType&quot;:&quot;Story Author-Link&quot;,&quot;type&quot;:&quot;INSERTED_AUTHORS&quot;,&quot;value&quot;:&quot;Stefan Rampfel&quot;,&quot;position&quot;:&quot;1&quot;,&quot;storyElementPosition&quot;:&quot;4&quot;,&quot;storyElementCount&quot;:&quot;33&quot;}}\" data-k5a-pos=\"west_author\" data-id-em=\"1\">Stefan Rampfel<\/a>, <a class=\"id-Story-authors-link lp_west_author\" title=\"Zur Autorenseite von Bernd Schlegel\" href=\"https:\/\/www.hna.de\/autoren\/703\/\" data-id-ec=\"{&quot;shn&quot;:&quot;Story&quot;,&quot;sht&quot;:&quot;Container&quot;,&quot;p&quot;:{&quot;containerType&quot;:&quot;Authors&quot;,&quot;displayType&quot;:&quot;Story Author-Link&quot;,&quot;type&quot;:&quot;INSERTED_AUTHORS&quot;,&quot;value&quot;:&quot;Bernd Schlegel&quot;,&quot;position&quot;:&quot;2&quot;,&quot;storyElementPosition&quot;:&quot;4&quot;,&quot;storyElementCount&quot;:&quot;33&quot;}}\" data-k5a-pos=\"west_author\" data-id-em=\"1\">Bernd Schlegel<\/a><\/p>\n<h3>&#8230;<\/h3>\n<p><strong>Update vom Donnerstag, 9. Januar, 19.45 Uhr: <\/strong>Wegen des Wintereinbruchs entf\u00e4llt am Freitag, 10. Januar, witterungsbedingt der Unterricht an allen Schulen in Stadt und Landkreis G\u00f6ttingen. Dies betrifft <a class=\"id-import-Link id-pageApi-Link--externalDomain\" href=\"https:\/\/www.landkreisgoettingen.de\/nachrichtendetail\/aktuelle-wetterlage-unterrichtsausfall-an-allen-schulen-im-landkreis-goettingen\" target=\"_blank\" rel=\"nofollow noopener\" data-id-ec=\"{&quot;sht&quot;:&quot;Container&quot;,&quot;shn&quot;:&quot;Story&quot;,&quot;p&quot;:{&quot;containerType&quot;:&quot;Paragraph&quot;,&quot;displayType&quot;:&quot;Paragraph InlineLink&quot;,&quot;type&quot;:&quot;INLINE_LINK&quot;,&quot;value&quot;:&quot;laut Kreisverwaltung&quot;,&quot;variant&quot;:&quot;standardLink&quot;,&quot;sponsored&quot;:false,&quot;linkHref&quot;:&quot;https:\/\/www.landkreisgoettingen.de\/nachrichtendetail\/aktuelle-wetterlage-unterrichtsausfall-an-allen-schulen-im-landkreis-goettingen&quot;,&quot;storyElementPosition&quot;:8,&quot;storyElementCount&quot;:33}}\" data-id-em=\"1\">laut Kreisverwaltung<\/a> s\u00e4mtliche Schulformen, einschlie\u00dflich Grundschulen, die weiterf\u00fchrenden Schulen und die Berufsbildenden Schulen, sowohl im Kreisgebiet als auch in der Stadt G\u00f6ttingen.<\/p>\n<h3>&#8230;<\/h3>\n<\/blockquote>\n\n\n<p><\/p>\n","protected":false},"excerpt":{"rendered":"<p>(Quelle: https:\/\/www.hna.de\/lokales\/goettingen\/goettingen-ort28741\/wintereinbruch-keine-stadtbusse-in-hoeheren-lagen-in-goettingen-93506256.html?) Heftiger Wintereinbruch in Region G\u00f6ttingen: Schulausfall am Freitag, Unf\u00e4lle und Staus \u2013 keine Stadtbusse Stand: 09.01.2025, 19:49 Uhr Von: Stefan Rampfel, Bernd Schlegel &#8230; Update vom Donnerstag, 9. Januar, 19.45 Uhr: Wegen des Wintereinbruchs entf\u00e4llt am Freitag, 10. Januar, witterungsbedingt der Unterricht an allen Schulen in Stadt und Landkreis G\u00f6ttingen. Dies betrifft laut &#8230; <a title=\"HNA: G\u00f6ttingen: Schulausfall am Freitag \u2013 keine Stadtbusse\" class=\"read-more\" href=\"https:\/\/rt-europaallee.de\/wordpress\/2025\/01\/hna-goettingen-schulausfall-am-freitag-keine-stadtbusse\/\" aria-label=\"Mehr Informationen \u00fcber HNA: G\u00f6ttingen: Schulausfall am Freitag \u2013 keine Stadtbusse\">Weiterlesen<\/a><\/p>\n","protected":false},"author":3,"featured_media":0,"comment_status":"closed","ping_status":"open","sticky":false,"template":"","format":"standard","meta":{"footnotes":""},"categories":[1],"tags":[],"class_list":["post-16911","post","type-post","status-publish","format-standard","hentry","category-allgemein"],"_links":{"self":[{"href":"https:\/\/rt-europaallee.de\/wordpress\/wp-json\/wp\/v2\/posts\/16911","targetHints":{"allow":["GET"]}}],"collection":[{"href":"https:\/\/rt-europaallee.de\/wordpress\/wp-json\/wp\/v2\/posts"}],"about":[{"href":"https:\/\/rt-europaallee.de\/wordpress\/wp-json\/wp\/v2\/types\/post"}],"author":[{"embeddable":true,"href":"https:\/\/rt-europaallee.de\/wordpress\/wp-json\/wp\/v2\/users\/3"}],"replies":[{"embeddable":true,"href":"https:\/\/rt-europaallee.de\/wordpress\/wp-json\/wp\/v2\/comments?post=16911"}],"version-history":[{"count":1,"href":"https:\/\/rt-europaallee.de\/wordpress\/wp-json\/wp\/v2\/posts\/16911\/revisions"}],"predecessor-version":[{"id":16912,"href":"https:\/\/rt-europaallee.de\/wordpress\/wp-json\/wp\/v2\/posts\/16911\/revisions\/16912"}],"wp:attachment":[{"href":"https:\/\/rt-europaallee.de\/wordpress\/wp-json\/wp\/v2\/media?parent=16911"}],"wp:term":[{"taxonomy":"category","embeddable":true,"href":"https:\/\/rt-europaallee.de\/wordpress\/wp-json\/wp\/v2\/categories?post=16911"},{"taxonomy":"post_tag","embeddable":true,"href":"https:\/\/rt-europaallee.de\/wordpress\/wp-json\/wp\/v2\/tags?post=16911"}],"curies":[{"name":"wp","href":"https:\/\/api.w.org\/{rel}","templated":true}]}}