{"id":16957,"date":"2025-01-20T18:26:27","date_gmt":"2025-01-20T17:26:27","guid":{"rendered":"http:\/\/rt-europaallee.org\/wordpress\/?p=16957"},"modified":"2025-01-20T18:26:27","modified_gmt":"2025-01-20T17:26:27","slug":"anlaufstelle-kontakt-in-krisen-e-v-absenkung-der-angemessenen-heizkosten-bei-sgb-ii-und-sgb-xii","status":"publish","type":"post","link":"https:\/\/rt-europaallee.de\/wordpress\/2025\/01\/anlaufstelle-kontakt-in-krisen-e-v-absenkung-der-angemessenen-heizkosten-bei-sgb-ii-und-sgb-xii\/","title":{"rendered":"Anlaufstelle &#8211; Kontakt in Krisen e.V.: ABSENKUNG DER ANGEMESSENEN HEIZKOSTEN BEI SGB II UND SGB XII"},"content":{"rendered":"<p>(Quelle: <a href=\"https:\/\/www.facebook.com\/ASTGoettingen\/posts\/pfbid0RcSLckfTpxpzH484FioYEPVkwUxx7YSfo1xGJJwrY8YHkQieccS8yxerj9kKuVWYl\">https:\/\/www.facebook.com\/ASTGoettingen\/posts\/pfbid0RcSLckfTpxpzH484FioYEPVkwUxx7YSfo1xGJJwrY8YHkQieccS8yxerj9kKuVWYl<\/a>)<\/p>\n<blockquote>\n<div class=\"html-div xdj266r xat24cr x1mh8g0r xexx8yu x4uap5 x18d9i69 xkhd6sd x78zum5 x2lah0s xqtp20y x1emribx\">\n<div class=\"x1vqgdyp x100vrsf\">\n<div class=\"\"><\/div>\n<\/div>\n<\/div>\n<div class=\"html-div xdj266r x11i5rnm xat24cr x1mh8g0r xexx8yu x4uap5 x18d9i69 xkhd6sd x1iyjqo2\">\n<div class=\"x78zum5 xdt5ytf xz62fqu x16ldp7u\">\n<div class=\"xu06os2 x1ok221b\">\n<div class=\"html-div xdj266r x11i5rnm xat24cr x1mh8g0r xexx8yu x4uap5 x18d9i69 xkhd6sd\" data-ad-rendering-role=\"profile_name\">\n<h3 id=\":r34:\" class=\"html-h3 x11i5rnm xat24cr x1mh8g0r xexx8yu x4uap5 x18d9i69 xkhd6sd x1vvkbs x1heor9g x1qlqyl8 x1pd3egz x1a2a7pz x1gslohp x1yc453h\"><span class=\"xt0psk2\"><a class=\"x1i10hfl xjbqb8w x1ejq31n xd10rxx x1sy0etr x17r0tee x972fbf xcfux6l x1qhh985 xm0m39n x9f619 x1ypdohk xt0psk2 xe8uvvx xdj266r x11i5rnm xat24cr x1mh8g0r xexx8yu x4uap5 x18d9i69 xkhd6sd x16tdsg8 x1hl2dhg xggy1nq x1a2a7pz x1sur9pj xkrqix3 xzsf02u x1s688f\" tabindex=\"0\" role=\"link\" href=\"https:\/\/www.facebook.com\/ASTGoettingen?__cft__[0]=AZVyR73_Jc40zvXYtDflbWnvS-_Fsvt_CyI7FKOXrAdjN_PONTZU_9ks_JdPhI7JtuiSRqw8zdWpOAQIlm6uUw5uGCD045dla9zD5SYw0ywwb6mMhr7G_hwIUmH66-ijfqJkMm08AdFuhPmwLy4cpGuXaKU3oSxpUxLJoAhgpLItFQ&amp;__tn__=-UC%2CP-R\"><strong class=\"html-strong xdj266r x11i5rnm xat24cr x1mh8g0r xexx8yu x4uap5 x18d9i69 xkhd6sd x1hl2dhg x16tdsg8 x1vvkbs x1s688f\"><span class=\"html-span xdj266r x11i5rnm xat24cr x1mh8g0r xexx8yu x4uap5 x18d9i69 xkhd6sd x1hl2dhg x16tdsg8 x1vvkbs\">Anlaufstelle &#8211; Kontakt in Krisen e.V.<\/span><\/strong><\/a><\/span><\/h3>\n<\/div>\n<\/div>\n<\/div>\n<\/div>\n<div class=\"xqcrz7y x78zum5 x1qx5ct2 x1y1aw1k x1sxyh0 xwib8y2 xurb0ha xw4jnvo\">\n<div><\/div>\n<\/div>\n<div class=\"html-div xdj266r x11i5rnm xat24cr x1mh8g0r xexx8yu x4uap5 x18d9i69 xkhd6sd\" dir=\"auto\">\n<div class=\"html-div xdj266r x11i5rnm xat24cr x1mh8g0r xexx8yu x4uap5 x18d9i69 xkhd6sd\" data-ad-rendering-role=\"story_message\">\n<div id=\":r36:\" class=\"x1l90r2v x1iorvi4 x1ye3gou xn6708d\" data-ad-comet-preview=\"message\" data-ad-preview=\"message\">\n<div class=\"x78zum5 xdt5ytf xz62fqu x16ldp7u\">\n<div class=\"xu06os2 x1ok221b\">\n<div class=\"xdj266r x11i5rnm xat24cr x1mh8g0r x1vvkbs x126k92a\">\n<div dir=\"auto\">ABSENKUNG DER ANGEMESSENEN HEIZKOSTEN BEI SGB II UND SGB XII<\/div>\n<div dir=\"auto\">Seit dem 01.01.2025 gelten in Stadt und Landkreis G\u00f6ttingen beim Bezug von B\u00fcrgergeld (SGB II) oder Grundsicherung (SGB XII) neue &#8222;Angemessenheitsgrenzen&#8220; bzgl. der maximalen Heizkosten. Der Rechenweg ist:<\/div>\n<div dir=\"auto\">1. Ermittlung des f\u00fcr Sie zutreffenden Wertes aus u.a. Tabelle je nach Energieart (Gas, \u00d6l, Fernw\u00e4rme) und Gesamtfl\u00e4che des Geb\u00e4udes(!) in dem Sie wohnen, also NICHT die Fl\u00e4che der eigenen Wohnung. Die Geb\u00e4udefl\u00e4che finden Sie in der Regel in Ihrer Jahres-Nebenkostenabrechnung oder in einer Mietbescheinigung vom Vermieter. Beispiel: Geb\u00e4udefl\u00e4che 300m\u00b2, Energieart Erdgas = ma\u00dfgeblicher &#8222;Euro-Wert&#8220; lt. Tabelle = 29,61 \u20ac<\/div>\n<div dir=\"auto\">2. Ermittlung der &#8222;angemessenen Wohnungsgr\u00f6\u00dfe&#8220; in Quadratmeter in Ihrem Fall.<\/div>\n<div dir=\"auto\">Es gelten folgende Quadratmeter-Werte als angemessen:<\/div>\n<div dir=\"auto\">1 Person (Single) = 50m\u00b2,<\/div>\n<div dir=\"auto\">2 Personen (z.B. Paar oder Mutter mit 1 Kind) = 60m\u00b2,<\/div>\n<div dir=\"auto\">3 Personen (z.B. Paar mit 1 Kind) = 75m\u00b2<\/div>\n<div dir=\"auto\">F\u00fcr JEDE WEITERE Person kommen 10m\u00b2 hinzu.<\/div>\n<div dir=\"auto\">Nehmen wir als Beispiel 1 Person (Single), also = 50m\u00b2<\/div>\n<div dir=\"auto\">3. Nun multiplizieren Sie beide Werte miteinander:<\/div>\n<div dir=\"auto\">29,61 x 50 = 1.480,50 EUR pro Jahr.<\/div>\n<div dir=\"auto\">Dieses Ergebnis teilen Sie nun durch 12 Monate:<\/div>\n<div dir=\"auto\">1.480,50 : 12 = 123,38<\/div>\n<div dir=\"auto\">Die angemessenen Heizkosten liegen in diesem Beispielfall also bei 123,38 EUR pro Monat. Das sind rd. 17,00 EUR weniger als im Jahr 2024.<\/div>\n<div dir=\"auto\"><\/div>\n<div dir=\"auto\"><img decoding=\"async\" class=\"x1bwycvy x193iq5w x4fas0m x19kjcj4\" src=\"https:\/\/scontent-ham3-1.xx.fbcdn.net\/v\/t39.30808-6\/473806035_1025952836243234_1963810648641602016_n.jpg?_nc_cat=101&amp;ccb=1-7&amp;_nc_sid=127cfc&amp;_nc_ohc=5XVSJfGLTEUQ7kNvgGY6NGb&amp;_nc_zt=23&amp;_nc_ht=scontent-ham3-1.xx&amp;_nc_gid=AsoevrucWl9B-iH9F0IYSGg&amp;oh=00_AYBAmSMCMs0EWpJWErjZ1A_WiEXM7xwnOKG35uO3z6yZJg&amp;oe=679472C9\" alt=\"Ist m\u00f6glicherweise ein Bild von Text\" data-visualcompletion=\"media-vc-image\" \/><\/div>\n<div dir=\"auto\">( <a href=\"https:\/\/www.facebook.com\/photo\/?fbid=1025952829576568&amp;set=a.466517948853395\">https:\/\/www.facebook.com\/photo\/?fbid=1025952829576568&amp;set=a.466517948853395<\/a>)<\/div>\n<\/div>\n<\/div>\n<\/div>\n<\/div>\n<\/div>\n<\/div>\n<\/blockquote>\n","protected":false},"excerpt":{"rendered":"<p>(Quelle: https:\/\/www.facebook.com\/ASTGoettingen\/posts\/pfbid0RcSLckfTpxpzH484FioYEPVkwUxx7YSfo1xGJJwrY8YHkQieccS8yxerj9kKuVWYl) Anlaufstelle &#8211; Kontakt in Krisen e.V. ABSENKUNG DER ANGEMESSENEN HEIZKOSTEN BEI SGB II UND SGB XII Seit dem 01.01.2025 gelten in Stadt und Landkreis G\u00f6ttingen beim Bezug von B\u00fcrgergeld (SGB II) oder Grundsicherung (SGB XII) neue &#8222;Angemessenheitsgrenzen&#8220; bzgl. der maximalen Heizkosten. Der Rechenweg ist: 1. Ermittlung des f\u00fcr Sie zutreffenden Wertes aus u.a. &#8230; <a title=\"Anlaufstelle &#8211; Kontakt in Krisen e.V.: ABSENKUNG DER ANGEMESSENEN HEIZKOSTEN BEI SGB II UND SGB XII\" class=\"read-more\" href=\"https:\/\/rt-europaallee.de\/wordpress\/2025\/01\/anlaufstelle-kontakt-in-krisen-e-v-absenkung-der-angemessenen-heizkosten-bei-sgb-ii-und-sgb-xii\/\" aria-label=\"Mehr Informationen \u00fcber Anlaufstelle &#8211; Kontakt in Krisen e.V.: ABSENKUNG DER ANGEMESSENEN HEIZKOSTEN BEI SGB II UND SGB XII\">Weiterlesen<\/a><\/p>\n","protected":false},"author":3,"featured_media":0,"comment_status":"closed","ping_status":"open","sticky":false,"template":"","format":"standard","meta":{"footnotes":""},"categories":[1],"tags":[],"class_list":["post-16957","post","type-post","status-publish","format-standard","hentry","category-allgemein"],"_links":{"self":[{"href":"https:\/\/rt-europaallee.de\/wordpress\/wp-json\/wp\/v2\/posts\/16957","targetHints":{"allow":["GET"]}}],"collection":[{"href":"https:\/\/rt-europaallee.de\/wordpress\/wp-json\/wp\/v2\/posts"}],"about":[{"href":"https:\/\/rt-europaallee.de\/wordpress\/wp-json\/wp\/v2\/types\/post"}],"author":[{"embeddable":true,"href":"https:\/\/rt-europaallee.de\/wordpress\/wp-json\/wp\/v2\/users\/3"}],"replies":[{"embeddable":true,"href":"https:\/\/rt-europaallee.de\/wordpress\/wp-json\/wp\/v2\/comments?post=16957"}],"version-history":[{"count":1,"href":"https:\/\/rt-europaallee.de\/wordpress\/wp-json\/wp\/v2\/posts\/16957\/revisions"}],"predecessor-version":[{"id":16958,"href":"https:\/\/rt-europaallee.de\/wordpress\/wp-json\/wp\/v2\/posts\/16957\/revisions\/16958"}],"wp:attachment":[{"href":"https:\/\/rt-europaallee.de\/wordpress\/wp-json\/wp\/v2\/media?parent=16957"}],"wp:term":[{"taxonomy":"category","embeddable":true,"href":"https:\/\/rt-europaallee.de\/wordpress\/wp-json\/wp\/v2\/categories?post=16957"},{"taxonomy":"post_tag","embeddable":true,"href":"https:\/\/rt-europaallee.de\/wordpress\/wp-json\/wp\/v2\/tags?post=16957"}],"curies":[{"name":"wp","href":"https:\/\/api.w.org\/{rel}","templated":true}]}}