{"id":16965,"date":"2025-01-21T16:37:54","date_gmt":"2025-01-21T15:37:54","guid":{"rendered":"http:\/\/rt-europaallee.org\/wordpress\/?p=16965"},"modified":"2025-01-21T16:37:54","modified_gmt":"2025-01-21T15:37:54","slug":"hna-zollkontrolle-sechs-illegal-beschaeftigte-in-goettinger-restaurant","status":"publish","type":"post","link":"https:\/\/rt-europaallee.de\/wordpress\/2025\/01\/hna-zollkontrolle-sechs-illegal-beschaeftigte-in-goettinger-restaurant\/","title":{"rendered":"HNA: Zollkontrolle: Sechs illegal Besch\u00e4ftigte in G\u00f6ttinger Restaurant"},"content":{"rendered":"<p>(Quelle: <a href=\"https:\/\/www.hna.de\/lokales\/goettingen\/goettingen-ort28741\/zollkontrolle-sechs-illegal-beschaeftigte-in-goettinger-restaurant-93526704.html?fbclid=IwY2xjawH8ls5leHRuA2FlbQIxMQABHf7Hv3OqZAnih8kcs3eoSeYNuk6O3rMT8Rw43_uqvTY8mmmVPuhJYid2mQ_aem_Gxjo-g6sZt-0RQQqz3bNXw\">https:\/\/www.hna.de\/lokales\/goettingen\/goettingen-ort28741\/zollkontrolle-sechs-illegal-beschaeftigte-in-goettinger-restaurant-93526704.html?<\/a>)<\/p>\n<blockquote>\n<h2 class=\"id-StoryElement-headline\">Zollkontrolle: Sechs illegal Besch\u00e4ftigte in G\u00f6ttinger Restaurant<\/h2>\n<p class=\"id-Story-timestamp id-Story-timestamp--default\"><span class=\"id-Story-timestamp-content\"><span class=\"id-Story-timestamp-content-prefix\">Stand: <\/span><time datetime=\"2025-01-21 12:09\">21.01.2025, 12:09 Uhr<\/time><\/span><\/p>\n<p class=\"id-Story-authors id-Story-authors--default\"><span class=\"id-Story-authors-by\">Von: <\/span><a class=\"id-Story-authors-link lp_west_author\" title=\"Zur Autorenseite von Bernd Schlegel\" href=\"https:\/\/www.hna.de\/autoren\/703\/\" data-id-ec=\"{&quot;shn&quot;:&quot;Story&quot;,&quot;sht&quot;:&quot;Container&quot;,&quot;p&quot;:{&quot;containerType&quot;:&quot;Authors&quot;,&quot;displayType&quot;:&quot;Story Author-Link&quot;,&quot;type&quot;:&quot;INSERTED_AUTHORS&quot;,&quot;value&quot;:&quot;Bernd Schlegel&quot;,&quot;position&quot;:&quot;1&quot;,&quot;storyElementPosition&quot;:&quot;4&quot;,&quot;storyElementCount&quot;:&quot;19&quot;}}\" data-k5a-pos=\"west_author\" data-id-em=\"1\">Bernd Schlegel<\/a><\/p>\n<p class=\"id-StoryElement-leadText\">In den vergangenen Tagen gab es \u00dcberpr\u00fcfungen der \u201eFinanzkontrolle Schwarzarbeit\u201c des Zolls. Dabei wurde erhebliche Verst\u00f6\u00dfe festgestellt.<\/p>\n<div class=\"id-RatioPlaceholder\"><img loading=\"lazy\" decoding=\"async\" class=\"id-RatioPlaceholder-element wv_story_el_image\" src=\"https:\/\/www.hna.de\/assets\/images\/0\/15\/15728-306735440-zoll-beamten-ueberpruefen-einhaltung-mindestlohn-standards-1Pfe.jpg\" sizes=\"auto, (min-width: 769px) 768px, 100vw\" srcset=\"https:\/\/www.hna.de\/assets\/images\/0\/15\/15728-306735440-zoll-beamten-ueberpruefen-einhaltung-mindestlohn-standards-1Pb6.jpg 448w,https:\/\/www.hna.de\/assets\/images\/0\/15\/15728-306735440-zoll-beamten-ueberpruefen-einhaltung-mindestlohn-standards-1P70.jpg 768w,https:\/\/www.hna.de\/assets\/images\/0\/15\/15728-306735440-zoll-beamten-ueberpruefen-einhaltung-mindestlohn-standards-1Pfe.jpg 1100w,https:\/\/www.hna.de\/assets\/images\/0\/15\/15728-306735440-zoll-beamten-ueberpruefen-einhaltung-mindestlohn-standards-1P7a.jpg 1408w,https:\/\/www.hna.de\/assets\/images\/0\/15\/15728-306735440-zoll-beamten-ueberpruefen-einhaltung-mindestlohn-standards-1PMH.jpg 1600w\" alt=\"Der Zoll: Die Beamten \u00fcberpr\u00fcfen die Einhaltung der Mindestlohn-Standards.\" width=\"1100\" height=\"619\" \/><\/div>\n<pre class=\"id-StoryElement-image\">Der Zoll: Die Beamten waren in den Bereichen G\u00f6ttingen und Goslar unterwegs. \u00a9\u00a0Symbolbild\/Ralf Hirschberger\/dpa<\/pre>\n<p class=\"id-StoryElement-paragraph\">G\u00f6ttingen \u2013 Da staunten die Mitarbeiter des Zolls bei einer Kontrollaktion nicht schlecht: Alle sechs asiatischen Mitarbeiter eines Restaurants in <a class=\"id-import-Link\" href=\"https:\/\/www.hna.de\/lokales\/goettingen\/\" target=\"_blank\" rel=\"nofollow noopener\" data-id-ec=\"{&quot;sht&quot;:&quot;Container&quot;,&quot;shn&quot;:&quot;Story&quot;,&quot;p&quot;:{&quot;containerType&quot;:&quot;Paragraph&quot;,&quot;displayType&quot;:&quot;Paragraph InlineLink&quot;,&quot;type&quot;:&quot;INLINE_LINK&quot;,&quot;value&quot;:&quot;G\u00f6ttingen&quot;,&quot;variant&quot;:&quot;standardLink&quot;,&quot;sponsored&quot;:false,&quot;linkHref&quot;:&quot;https:\/\/www.hna.de\/lokales\/goettingen\/&quot;,&quot;storyElementPosition&quot;:8,&quot;storyElementCount&quot;:19}}\" data-id-em=\"1\">G\u00f6ttingen<\/a> hatten keine Arbeitserlaubnis.<\/p>\n<h2>&#8230;<\/h2>\n<\/blockquote>\n","protected":false},"excerpt":{"rendered":"<p>(Quelle: https:\/\/www.hna.de\/lokales\/goettingen\/goettingen-ort28741\/zollkontrolle-sechs-illegal-beschaeftigte-in-goettinger-restaurant-93526704.html?) Zollkontrolle: Sechs illegal Besch\u00e4ftigte in G\u00f6ttinger Restaurant Stand: 21.01.2025, 12:09 Uhr Von: Bernd Schlegel In den vergangenen Tagen gab es \u00dcberpr\u00fcfungen der \u201eFinanzkontrolle Schwarzarbeit\u201c des Zolls. Dabei wurde erhebliche Verst\u00f6\u00dfe festgestellt. Der Zoll: Die Beamten waren in den Bereichen G\u00f6ttingen und Goslar unterwegs. \u00a9\u00a0Symbolbild\/Ralf Hirschberger\/dpa G\u00f6ttingen \u2013 Da staunten die Mitarbeiter des Zolls &#8230; <a title=\"HNA: Zollkontrolle: Sechs illegal Besch\u00e4ftigte in G\u00f6ttinger Restaurant\" class=\"read-more\" href=\"https:\/\/rt-europaallee.de\/wordpress\/2025\/01\/hna-zollkontrolle-sechs-illegal-beschaeftigte-in-goettinger-restaurant\/\" aria-label=\"Mehr Informationen \u00fcber HNA: Zollkontrolle: Sechs illegal Besch\u00e4ftigte in G\u00f6ttinger Restaurant\">Weiterlesen<\/a><\/p>\n","protected":false},"author":3,"featured_media":0,"comment_status":"closed","ping_status":"open","sticky":false,"template":"","format":"standard","meta":{"footnotes":""},"categories":[1],"tags":[],"class_list":["post-16965","post","type-post","status-publish","format-standard","hentry","category-allgemein"],"_links":{"self":[{"href":"https:\/\/rt-europaallee.de\/wordpress\/wp-json\/wp\/v2\/posts\/16965","targetHints":{"allow":["GET"]}}],"collection":[{"href":"https:\/\/rt-europaallee.de\/wordpress\/wp-json\/wp\/v2\/posts"}],"about":[{"href":"https:\/\/rt-europaallee.de\/wordpress\/wp-json\/wp\/v2\/types\/post"}],"author":[{"embeddable":true,"href":"https:\/\/rt-europaallee.de\/wordpress\/wp-json\/wp\/v2\/users\/3"}],"replies":[{"embeddable":true,"href":"https:\/\/rt-europaallee.de\/wordpress\/wp-json\/wp\/v2\/comments?post=16965"}],"version-history":[{"count":1,"href":"https:\/\/rt-europaallee.de\/wordpress\/wp-json\/wp\/v2\/posts\/16965\/revisions"}],"predecessor-version":[{"id":16966,"href":"https:\/\/rt-europaallee.de\/wordpress\/wp-json\/wp\/v2\/posts\/16965\/revisions\/16966"}],"wp:attachment":[{"href":"https:\/\/rt-europaallee.de\/wordpress\/wp-json\/wp\/v2\/media?parent=16965"}],"wp:term":[{"taxonomy":"category","embeddable":true,"href":"https:\/\/rt-europaallee.de\/wordpress\/wp-json\/wp\/v2\/categories?post=16965"},{"taxonomy":"post_tag","embeddable":true,"href":"https:\/\/rt-europaallee.de\/wordpress\/wp-json\/wp\/v2\/tags?post=16965"}],"curies":[{"name":"wp","href":"https:\/\/api.w.org\/{rel}","templated":true}]}}