{"id":16968,"date":"2025-01-21T18:41:43","date_gmt":"2025-01-21T17:41:43","guid":{"rendered":"http:\/\/rt-europaallee.org\/wordpress\/?p=16968"},"modified":"2025-01-21T18:41:43","modified_gmt":"2025-01-21T17:41:43","slug":"buergerstiftung-goettingen-stand-am-samstag-den-25-01-2025-und-am-15-februar-ab-10-00-uhr-in-der-goettinger-fussgaengerzone","status":"publish","type":"post","link":"https:\/\/rt-europaallee.de\/wordpress\/2025\/01\/buergerstiftung-goettingen-stand-am-samstag-den-25-01-2025-und-am-15-februar-ab-10-00-uhr-in-der-goettinger-fussgaengerzone\/","title":{"rendered":"B\u00fcrgerstiftung G\u00f6ttingen: Stand am Samstag, den 25.01.2025 und am 15. Februar ab 10.00 Uhr in der G\u00f6ttinger Fu\u00dfg\u00e4ngerzone"},"content":{"rendered":"<p>(Quelle: <a href=\"https:\/\/www.facebook.com\/buergerstiftunggoettingen\/posts\/pfbid0a9NtvUmB3DTb4WKiNmtoYaqKFBzC4gxTmSP6UqqrHox5oaf8e7Jobg5PVi2E9of4l\">https:\/\/www.facebook.com\/buergerstiftunggoettingen\/posts\/pfbid0a9NtvUmB3DTb4WKiNmtoYaqKFBzC4gxTmSP6UqqrHox5oaf8e7Jobg5PVi2E9of4l<\/a>)<\/p>\n<blockquote>\n<div class=\"xu06os2 x1ok221b\">\n<div class=\"html-div xdj266r x11i5rnm xat24cr x1mh8g0r xexx8yu x4uap5 x18d9i69 xkhd6sd\" data-ad-rendering-role=\"profile_name\">\n<h3 id=\":r45:\" class=\"html-h3 x11i5rnm xat24cr x1mh8g0r xexx8yu x4uap5 x18d9i69 xkhd6sd x1vvkbs x1heor9g x1qlqyl8 x1pd3egz x1a2a7pz x1gslohp x1yc453h\"><span class=\"xt0psk2\"><a class=\"x1i10hfl xjbqb8w x1ejq31n xd10rxx x1sy0etr x17r0tee x972fbf xcfux6l x1qhh985 xm0m39n x9f619 x1ypdohk xt0psk2 xe8uvvx xdj266r x11i5rnm xat24cr x1mh8g0r xexx8yu x4uap5 x18d9i69 xkhd6sd x16tdsg8 x1hl2dhg xggy1nq x1a2a7pz x1sur9pj xkrqix3 xzsf02u x1s688f\" tabindex=\"0\" role=\"link\" href=\"https:\/\/www.facebook.com\/buergerstiftunggoettingen?__cft__[0]=AZVDqEbjR6UUAMXZZbGYzfUfgpQJB3k_KRjE_fyjZWjXWP9BEUaPptYBSPZOBqzDbLP6mvBKWmWGvB9Bxw2ePnjXQxEq5TyMqNmJzYYQqXkQWECgX-_PVt0h6_UNEQGMgCUI7TfaKGBLnHh9xjNp4WjmH9Bifq8v5OEJoGxEfXtSKQ&amp;__tn__=-UC%2CP-R\"><strong class=\"html-strong xdj266r x11i5rnm xat24cr x1mh8g0r xexx8yu x4uap5 x18d9i69 xkhd6sd x1hl2dhg x16tdsg8 x1vvkbs x1s688f\"><span class=\"html-span xdj266r x11i5rnm xat24cr x1mh8g0r xexx8yu x4uap5 x18d9i69 xkhd6sd x1hl2dhg x16tdsg8 x1vvkbs\">B\u00fcrgerstiftung G\u00f6ttingen<\/span><\/strong><\/a><\/span><\/h3>\n<\/div>\n<\/div>\n<div class=\"xqcrz7y x78zum5 x1qx5ct2 x1y1aw1k x1sxyh0 xwib8y2 xurb0ha xw4jnvo\">\n<div><\/div>\n<\/div>\n<div class=\"html-div xdj266r x11i5rnm xat24cr x1mh8g0r xexx8yu x4uap5 x18d9i69 xkhd6sd\" dir=\"auto\">\n<div class=\"html-div xdj266r x11i5rnm xat24cr x1mh8g0r xexx8yu x4uap5 x18d9i69 xkhd6sd\" data-ad-rendering-role=\"story_message\">\n<div id=\":r47:\" class=\"x1l90r2v x1iorvi4 x1ye3gou xn6708d\" data-ad-comet-preview=\"message\" data-ad-preview=\"message\">\n<div class=\"x78zum5 xdt5ytf xz62fqu x16ldp7u\">\n<div class=\"xu06os2 x1ok221b\">\n<div class=\"xdj266r x11i5rnm xat24cr x1mh8g0r x1vvkbs x126k92a\">\n<div dir=\"auto\"><span class=\"html-span xexx8yu x4uap5 x18d9i69 xkhd6sd x1hl2dhg x16tdsg8 x1vvkbs x3nfvp2 x1j61x8r x1fcty0u xdj266r xat24cr xgzva0m xhhsvwb xxymvpz xlup9mm x1kky2od\"><img loading=\"lazy\" decoding=\"async\" class=\"xz74otr\" src=\"https:\/\/static.xx.fbcdn.net\/images\/emoji.php\/v9\/t2d\/1\/16\/1f4cd.png\" alt=\"\ud83d\udccd\" width=\"16\" height=\"16\" \/><\/span>Am kommenden Samstag, den 25.01.2025 und auch am 15. Februar sind wir ab 10.00 Uhr mit einem Stand in der G\u00f6ttinger Fu\u00dfg\u00e4ngerzone vertreten. Es finden unterschiedliche Aktionen statt z.B. eine Sofortbild Fotokampagne oder Darstellungen eines G\u00f6ttinger Theaters.<\/div>\n<div dir=\"auto\">Schaut vorbei!<span class=\"html-span xexx8yu x4uap5 x18d9i69 xkhd6sd x1hl2dhg x16tdsg8 x1vvkbs x3nfvp2 x1j61x8r x1fcty0u xdj266r xat24cr xgzva0m xhhsvwb xxymvpz xlup9mm x1kky2od\"><img loading=\"lazy\" decoding=\"async\" class=\"xz74otr\" src=\"https:\/\/static.xx.fbcdn.net\/images\/emoji.php\/v9\/tf4\/1\/16\/2728.png\" alt=\"\u2728\ufe0f\" width=\"16\" height=\"16\" \/><\/span><\/div>\n<\/div>\n<div class=\"x11i5rnm xat24cr x1mh8g0r x1vvkbs xtlvy1s x126k92a\">\n<div dir=\"auto\">Die demokratischen Parteien, zu deren Unterst\u00fctzung der &#8222;G\u00f6ttinger Impuls&#8220; ins Leben gerufen worden ist, sind eingeladen, sich f\u00fcr einen kurzen Zeitaum von ihrem Partei-Wahlkampfstand an unserem Stand zusammenzufinden und sich gemeinsam noch einmal der Grundlagen zu versichern, f\u00fcr die alle demokratischen Parteien stehen.<\/div>\n<\/div>\n<div class=\"x11i5rnm xat24cr x1mh8g0r x1vvkbs xtlvy1s x126k92a\">\n<div dir=\"auto\"><span class=\"html-span xdj266r x11i5rnm xat24cr x1mh8g0r xexx8yu x4uap5 x18d9i69 xkhd6sd x1hl2dhg x16tdsg8 x1vvkbs\"><a class=\"x1i10hfl xjbqb8w x1ejq31n xd10rxx x1sy0etr x17r0tee x972fbf xcfux6l x1qhh985 xm0m39n x9f619 x1ypdohk xt0psk2 xe8uvvx xdj266r x11i5rnm xat24cr x1mh8g0r xexx8yu x4uap5 x18d9i69 xkhd6sd x16tdsg8 x1hl2dhg xggy1nq x1a2a7pz x1sur9pj xkrqix3 x1fey0fg x1s688f\" tabindex=\"0\" role=\"link\" href=\"https:\/\/www.facebook.com\/hashtag\/bu%CC%88rgerstiftung?__eep__=6&amp;__cft__[0]=AZVDqEbjR6UUAMXZZbGYzfUfgpQJB3k_KRjE_fyjZWjXWP9BEUaPptYBSPZOBqzDbLP6mvBKWmWGvB9Bxw2ePnjXQxEq5TyMqNmJzYYQqXkQWECgX-_PVt0h6_UNEQGMgCUI7TfaKGBLnHh9xjNp4WjmH9Bifq8v5OEJoGxEfXtSKQ&amp;__tn__=*NK-R\">#bu\u0308rgerstiftung<\/a><\/span> <span class=\"html-span xdj266r x11i5rnm xat24cr x1mh8g0r xexx8yu x4uap5 x18d9i69 xkhd6sd x1hl2dhg x16tdsg8 x1vvkbs\"><a class=\"x1i10hfl xjbqb8w x1ejq31n xd10rxx x1sy0etr x17r0tee x972fbf xcfux6l x1qhh985 xm0m39n x9f619 x1ypdohk xt0psk2 xe8uvvx xdj266r x11i5rnm xat24cr x1mh8g0r xexx8yu x4uap5 x18d9i69 xkhd6sd x16tdsg8 x1hl2dhg xggy1nq x1a2a7pz x1sur9pj xkrqix3 x1fey0fg x1s688f\" tabindex=\"0\" role=\"link\" href=\"https:\/\/www.facebook.com\/hashtag\/gemeinsam?__eep__=6&amp;__cft__[0]=AZVDqEbjR6UUAMXZZbGYzfUfgpQJB3k_KRjE_fyjZWjXWP9BEUaPptYBSPZOBqzDbLP6mvBKWmWGvB9Bxw2ePnjXQxEq5TyMqNmJzYYQqXkQWECgX-_PVt0h6_UNEQGMgCUI7TfaKGBLnHh9xjNp4WjmH9Bifq8v5OEJoGxEfXtSKQ&amp;__tn__=*NK-R\">#gemeinsam<\/a><\/span> <span class=\"html-span xdj266r x11i5rnm xat24cr x1mh8g0r xexx8yu x4uap5 x18d9i69 xkhd6sd x1hl2dhg x16tdsg8 x1vvkbs\"><a class=\"x1i10hfl xjbqb8w x1ejq31n xd10rxx x1sy0etr x17r0tee x972fbf xcfux6l x1qhh985 xm0m39n x9f619 x1ypdohk xt0psk2 xe8uvvx xdj266r x11i5rnm xat24cr x1mh8g0r xexx8yu x4uap5 x18d9i69 xkhd6sd x16tdsg8 x1hl2dhg xggy1nq x1a2a7pz x1sur9pj xkrqix3 x1fey0fg x1s688f\" tabindex=\"0\" role=\"link\" href=\"https:\/\/www.facebook.com\/hashtag\/aktion?__eep__=6&amp;__cft__[0]=AZVDqEbjR6UUAMXZZbGYzfUfgpQJB3k_KRjE_fyjZWjXWP9BEUaPptYBSPZOBqzDbLP6mvBKWmWGvB9Bxw2ePnjXQxEq5TyMqNmJzYYQqXkQWECgX-_PVt0h6_UNEQGMgCUI7TfaKGBLnHh9xjNp4WjmH9Bifq8v5OEJoGxEfXtSKQ&amp;__tn__=*NK-R\">#aktion<\/a><\/span> <span class=\"html-span xdj266r x11i5rnm xat24cr x1mh8g0r xexx8yu x4uap5 x18d9i69 xkhd6sd x1hl2dhg x16tdsg8 x1vvkbs\"><a class=\"x1i10hfl xjbqb8w x1ejq31n xd10rxx x1sy0etr x17r0tee x972fbf xcfux6l x1qhh985 xm0m39n x9f619 x1ypdohk xt0psk2 xe8uvvx xdj266r x11i5rnm xat24cr x1mh8g0r xexx8yu x4uap5 x18d9i69 xkhd6sd x16tdsg8 x1hl2dhg xggy1nq x1a2a7pz x1sur9pj xkrqix3 x1fey0fg x1s688f\" tabindex=\"0\" role=\"link\" href=\"https:\/\/www.facebook.com\/hashtag\/demokratie?__eep__=6&amp;__cft__[0]=AZVDqEbjR6UUAMXZZbGYzfUfgpQJB3k_KRjE_fyjZWjXWP9BEUaPptYBSPZOBqzDbLP6mvBKWmWGvB9Bxw2ePnjXQxEq5TyMqNmJzYYQqXkQWECgX-_PVt0h6_UNEQGMgCUI7TfaKGBLnHh9xjNp4WjmH9Bifq8v5OEJoGxEfXtSKQ&amp;__tn__=*NK-R\">#Demokratie<\/a><\/span> <span class=\"html-span xdj266r x11i5rnm xat24cr x1mh8g0r xexx8yu x4uap5 x18d9i69 xkhd6sd x1hl2dhg x16tdsg8 x1vvkbs\"><a class=\"x1i10hfl xjbqb8w x1ejq31n xd10rxx x1sy0etr x17r0tee x972fbf xcfux6l x1qhh985 xm0m39n x9f619 x1ypdohk xt0psk2 xe8uvvx xdj266r x11i5rnm xat24cr x1mh8g0r xexx8yu x4uap5 x18d9i69 xkhd6sd x16tdsg8 x1hl2dhg xggy1nq x1a2a7pz x1sur9pj xkrqix3 x1fey0fg x1s688f\" tabindex=\"0\" role=\"link\" href=\"https:\/\/www.facebook.com\/hashtag\/wahlen2025?__eep__=6&amp;__cft__[0]=AZVDqEbjR6UUAMXZZbGYzfUfgpQJB3k_KRjE_fyjZWjXWP9BEUaPptYBSPZOBqzDbLP6mvBKWmWGvB9Bxw2ePnjXQxEq5TyMqNmJzYYQqXkQWECgX-_PVt0h6_UNEQGMgCUI7TfaKGBLnHh9xjNp4WjmH9Bifq8v5OEJoGxEfXtSKQ&amp;__tn__=*NK-R\">#Wahlen2025<\/a><\/span> <span class=\"html-span xdj266r x11i5rnm xat24cr x1mh8g0r xexx8yu x4uap5 x18d9i69 xkhd6sd x1hl2dhg x16tdsg8 x1vvkbs\"><a class=\"x1i10hfl xjbqb8w x1ejq31n xd10rxx x1sy0etr x17r0tee x972fbf xcfux6l x1qhh985 xm0m39n x9f619 x1ypdohk xt0psk2 xe8uvvx xdj266r x11i5rnm xat24cr x1mh8g0r xexx8yu x4uap5 x18d9i69 xkhd6sd x16tdsg8 x1hl2dhg xggy1nq x1a2a7pz x1sur9pj xkrqix3 x1fey0fg x1s688f\" tabindex=\"0\" role=\"link\" href=\"https:\/\/www.facebook.com\/hashtag\/go%CC%88ttingen?__eep__=6&amp;__cft__[0]=AZVDqEbjR6UUAMXZZbGYzfUfgpQJB3k_KRjE_fyjZWjXWP9BEUaPptYBSPZOBqzDbLP6mvBKWmWGvB9Bxw2ePnjXQxEq5TyMqNmJzYYQqXkQWECgX-_PVt0h6_UNEQGMgCUI7TfaKGBLnHh9xjNp4WjmH9Bifq8v5OEJoGxEfXtSKQ&amp;__tn__=*NK-R\">#go\u0308ttingen<\/a><\/span><\/div>\n<div dir=\"auto\"><\/div>\n<div dir=\"auto\"><img decoding=\"async\" class=\"x1bwycvy x193iq5w x4fas0m x19kjcj4\" src=\"https:\/\/scontent-ham3-1.xx.fbcdn.net\/v\/t39.30808-6\/473590670_1000355812127815_7951000522232063911_n.jpg?_nc_cat=101&amp;ccb=1-7&amp;_nc_sid=833d8c&amp;_nc_ohc=oTg5cqAVkD4Q7kNvgHxlUO7&amp;_nc_zt=23&amp;_nc_ht=scontent-ham3-1.xx&amp;_nc_gid=AhoCww9I7FC44b2juhn9oeF&amp;oh=00_AYBYXj6Aoofy8u7WZtN0Bhp2ejsjf64fQmtjIJbW2n4pqg&amp;oe=6795C8A4\" alt=\"Ist m\u00f6glicherweise eine Grafik von Text\" data-visualcompletion=\"media-vc-image\" \/><\/div>\n<div dir=\"auto\">( <a href=\"https:\/\/www.facebook.com\/photo?fbid=1000355808794482&amp;set=a.453434406819961\">https:\/\/www.facebook.com\/photo?fbid=1000355808794482&amp;set=a.453434406819961<\/a>)<\/div>\n<\/div>\n<\/div>\n<\/div>\n<\/div>\n<\/div>\n<\/div>\n<\/blockquote>\n","protected":false},"excerpt":{"rendered":"<p>(Quelle: https:\/\/www.facebook.com\/buergerstiftunggoettingen\/posts\/pfbid0a9NtvUmB3DTb4WKiNmtoYaqKFBzC4gxTmSP6UqqrHox5oaf8e7Jobg5PVi2E9of4l) B\u00fcrgerstiftung G\u00f6ttingen Am kommenden Samstag, den 25.01.2025 und auch am 15. Februar sind wir ab 10.00 Uhr mit einem Stand in der G\u00f6ttinger Fu\u00dfg\u00e4ngerzone vertreten. Es finden unterschiedliche Aktionen statt z.B. eine Sofortbild Fotokampagne oder Darstellungen eines G\u00f6ttinger Theaters. Schaut vorbei! Die demokratischen Parteien, zu deren Unterst\u00fctzung der &#8222;G\u00f6ttinger Impuls&#8220; ins Leben gerufen &#8230; <a title=\"B\u00fcrgerstiftung G\u00f6ttingen: Stand am Samstag, den 25.01.2025 und am 15. Februar ab 10.00 Uhr in der G\u00f6ttinger Fu\u00dfg\u00e4ngerzone\" class=\"read-more\" href=\"https:\/\/rt-europaallee.de\/wordpress\/2025\/01\/buergerstiftung-goettingen-stand-am-samstag-den-25-01-2025-und-am-15-februar-ab-10-00-uhr-in-der-goettinger-fussgaengerzone\/\" aria-label=\"Mehr Informationen \u00fcber B\u00fcrgerstiftung G\u00f6ttingen: Stand am Samstag, den 25.01.2025 und am 15. Februar ab 10.00 Uhr in der G\u00f6ttinger Fu\u00dfg\u00e4ngerzone\">Weiterlesen<\/a><\/p>\n","protected":false},"author":3,"featured_media":0,"comment_status":"closed","ping_status":"open","sticky":false,"template":"","format":"standard","meta":{"footnotes":""},"categories":[1],"tags":[],"class_list":["post-16968","post","type-post","status-publish","format-standard","hentry","category-allgemein"],"_links":{"self":[{"href":"https:\/\/rt-europaallee.de\/wordpress\/wp-json\/wp\/v2\/posts\/16968","targetHints":{"allow":["GET"]}}],"collection":[{"href":"https:\/\/rt-europaallee.de\/wordpress\/wp-json\/wp\/v2\/posts"}],"about":[{"href":"https:\/\/rt-europaallee.de\/wordpress\/wp-json\/wp\/v2\/types\/post"}],"author":[{"embeddable":true,"href":"https:\/\/rt-europaallee.de\/wordpress\/wp-json\/wp\/v2\/users\/3"}],"replies":[{"embeddable":true,"href":"https:\/\/rt-europaallee.de\/wordpress\/wp-json\/wp\/v2\/comments?post=16968"}],"version-history":[{"count":1,"href":"https:\/\/rt-europaallee.de\/wordpress\/wp-json\/wp\/v2\/posts\/16968\/revisions"}],"predecessor-version":[{"id":16969,"href":"https:\/\/rt-europaallee.de\/wordpress\/wp-json\/wp\/v2\/posts\/16968\/revisions\/16969"}],"wp:attachment":[{"href":"https:\/\/rt-europaallee.de\/wordpress\/wp-json\/wp\/v2\/media?parent=16968"}],"wp:term":[{"taxonomy":"category","embeddable":true,"href":"https:\/\/rt-europaallee.de\/wordpress\/wp-json\/wp\/v2\/categories?post=16968"},{"taxonomy":"post_tag","embeddable":true,"href":"https:\/\/rt-europaallee.de\/wordpress\/wp-json\/wp\/v2\/tags?post=16968"}],"curies":[{"name":"wp","href":"https:\/\/api.w.org\/{rel}","templated":true}]}}