{"id":16971,"date":"2025-01-22T19:27:34","date_gmt":"2025-01-22T18:27:34","guid":{"rendered":"http:\/\/rt-europaallee.org\/wordpress\/?p=16971"},"modified":"2025-01-22T19:27:34","modified_gmt":"2025-01-22T18:27:34","slug":"stadt-goettingen-info-veranstaltungen-der-weiterfuehrenden-schulen","status":"publish","type":"post","link":"https:\/\/rt-europaallee.de\/wordpress\/2025\/01\/stadt-goettingen-info-veranstaltungen-der-weiterfuehrenden-schulen\/","title":{"rendered":"Stadt G\u00f6ttingen: Info-Veranstaltungen der weiterf\u00fchrenden Schulen"},"content":{"rendered":"<p>(Quelle: <a href=\"https:\/\/www.goettingen.de\/portal\/meldungen\/info-veranstaltungen-der-weiterfuehrenden-schulen-900003628-25480.html?rubrik=900000003\">https:\/\/www.goettingen.de\/portal\/meldungen\/info-veranstaltungen-der-weiterfuehrenden-schulen-900003628-25480.html?rubrik=900000003<\/a>)<\/p>\n<blockquote>\n<div class=\"fusstext fusstext_oben\"><span class=\"create\">16.01.2025<\/span><\/p>\n<div><\/div>\n<\/div>\n<h3 class=\"kontrast-bild\">Info-Veranstaltungen der weiterf\u00fchrenden Schulen<\/h3>\n<div id=\"nolis_content_site\" class=\"nolis_content_site\">\n<p class=\"anreisser_detail\"><strong>F\u00fcr die Sch\u00fclerinnen und Sch\u00fcler der kommenden 5. Klassen und deren Eltern bieten die G\u00f6ttinger Gymnasien, Gesamtschulen sowie weiterf\u00fchrenden Schulen in freier Tr\u00e4gerschaft und Schulen in Tr\u00e4gerschaft des Landkreises G\u00f6ttingen ab Februar verschiedene Info-Veranstaltungen an.<\/strong><\/p>\n<div class=\"print_href print_abbr\">\n<div class=\"template template1\">\n<div class=\"platz platz1\">\n<div class=\"rahmen\">\n<div class=\"innen\">\n<p>In den folgenden Schulen werden die Veranstaltungen durchgef\u00fchrt:<\/p>\n<h4 class=\"nolis-tiny\">Gesamtschulen<\/h4>\n<ul>\n<li>Geschwister-Scholl-Gesamtschule<\/li>\n<li>Georg-Christoph-Lichtenberg-Gesamtschule<\/li>\n<li>Neue IGS G\u00f6ttingen<\/li>\n<\/ul>\n<h4 class=\"nolis-tiny\">Gymnasien<\/h4>\n<ul>\n<li>Felix-Klein-Gymnasium<\/li>\n<li>Otto-Hahn-Gymnasium<\/li>\n<li>Max-Planck-Gymnasium<\/li>\n<li>Hainberg-Gymnasium<\/li>\n<li>Theodor-Heuss-Gymnasium<\/li>\n<\/ul>\n<h4 class=\"nolis-tiny\">Schulen in freier Tr\u00e4gerschaft<\/h4>\n<ul>\n<li>Freie Waldorfschule<\/li>\n<li>Oberschule Bonifatiusschule II<\/li>\n<li>Montessorischule<\/li>\n<\/ul>\n<h4 class=\"nolis-tiny\">Schulen in Tr\u00e4gerschaft des Landkreises G\u00f6ttingen<\/h4>\n<ul>\n<li>IGS Bovenden<\/li>\n<li>Carl-Friedrich-Gau\u00df-Schule<\/li>\n<li>Schule am Hohen Hagen<\/li>\n<\/ul>\n<p><a class=\"link_dokument nolis-link-intern link_dokument_editor\" title=\"\u00a0\u00a9\u00a0Stadt G\u00f6ttingen. &quot;Informationsveranstaltungen weiterf\u00fchrende Schulen 2025&quot; .\" href=\"https:\/\/www.goettingen.de\/downloads\/datei\/M2I3ODdkMDgxMDFlNmRjYUN4bzFlbUMyenhYYnJRS0EvM3pTbFUwMFY3RnlFZmdzc3d6NmtTcVRicVA0QkNiRSthNjNxRUZieWFISVZJUDZsRGE5T2o4UHArK2ZOT2IrN1JxMk5xSVJsRDZFb2p5dlNHL0NOeWpISmNvc2U4M3V4SU13bzZUY2VISDlKWVgyR0dleUZKSzJwbXZwcUZGQUQ1NUVFYjBxSUg0UTN1WUJvS2tFRVBUUnBuU1dxS0pVVUFzOE8yM0dXcDc3bWFtMFVyWUhoZVcwbGR1cEF1QTRJdzJ2U3c9PQ\" target=\"_blank\" rel=\"noopener\" data-extension=\"PDF\" data-size=\"122880\" data-size-human=\"120\u00a0kB\">Eine \u00dcbersicht s\u00e4mtlicher Info-Veranstaltungen gibt es hier.<\/a><\/p>\n<p><a class=\"link_seite nolis-link-intern\" title=\"Elterninformationen\" href=\"https:\/\/www.goettingen.de\/portal\/seiten\/elterninformationen-900000200-25480.html?rubrik=900000003\" target=\"_self\" rel=\"noopener\">Weitere Elterninformationen und Anmeldetermine sind hier aufgef\u00fchrt.<\/a><\/p>\n<\/div>\n<\/div>\n<\/div>\n<\/div>\n<\/div>\n<\/div>\n<\/blockquote>\n","protected":false},"excerpt":{"rendered":"<p>(Quelle: https:\/\/www.goettingen.de\/portal\/meldungen\/info-veranstaltungen-der-weiterfuehrenden-schulen-900003628-25480.html?rubrik=900000003) 16.01.2025 Info-Veranstaltungen der weiterf\u00fchrenden Schulen F\u00fcr die Sch\u00fclerinnen und Sch\u00fcler der kommenden 5. Klassen und deren Eltern bieten die G\u00f6ttinger Gymnasien, Gesamtschulen sowie weiterf\u00fchrenden Schulen in freier Tr\u00e4gerschaft und Schulen in Tr\u00e4gerschaft des Landkreises G\u00f6ttingen ab Februar verschiedene Info-Veranstaltungen an. In den folgenden Schulen werden die Veranstaltungen durchgef\u00fchrt: Gesamtschulen Geschwister-Scholl-Gesamtschule Georg-Christoph-Lichtenberg-Gesamtschule Neue IGS &#8230; <a title=\"Stadt G\u00f6ttingen: Info-Veranstaltungen der weiterf\u00fchrenden Schulen\" class=\"read-more\" href=\"https:\/\/rt-europaallee.de\/wordpress\/2025\/01\/stadt-goettingen-info-veranstaltungen-der-weiterfuehrenden-schulen\/\" aria-label=\"Mehr Informationen \u00fcber Stadt G\u00f6ttingen: Info-Veranstaltungen der weiterf\u00fchrenden Schulen\">Weiterlesen<\/a><\/p>\n","protected":false},"author":3,"featured_media":0,"comment_status":"closed","ping_status":"open","sticky":false,"template":"","format":"standard","meta":{"footnotes":""},"categories":[1],"tags":[],"class_list":["post-16971","post","type-post","status-publish","format-standard","hentry","category-allgemein"],"_links":{"self":[{"href":"https:\/\/rt-europaallee.de\/wordpress\/wp-json\/wp\/v2\/posts\/16971","targetHints":{"allow":["GET"]}}],"collection":[{"href":"https:\/\/rt-europaallee.de\/wordpress\/wp-json\/wp\/v2\/posts"}],"about":[{"href":"https:\/\/rt-europaallee.de\/wordpress\/wp-json\/wp\/v2\/types\/post"}],"author":[{"embeddable":true,"href":"https:\/\/rt-europaallee.de\/wordpress\/wp-json\/wp\/v2\/users\/3"}],"replies":[{"embeddable":true,"href":"https:\/\/rt-europaallee.de\/wordpress\/wp-json\/wp\/v2\/comments?post=16971"}],"version-history":[{"count":1,"href":"https:\/\/rt-europaallee.de\/wordpress\/wp-json\/wp\/v2\/posts\/16971\/revisions"}],"predecessor-version":[{"id":16972,"href":"https:\/\/rt-europaallee.de\/wordpress\/wp-json\/wp\/v2\/posts\/16971\/revisions\/16972"}],"wp:attachment":[{"href":"https:\/\/rt-europaallee.de\/wordpress\/wp-json\/wp\/v2\/media?parent=16971"}],"wp:term":[{"taxonomy":"category","embeddable":true,"href":"https:\/\/rt-europaallee.de\/wordpress\/wp-json\/wp\/v2\/categories?post=16971"},{"taxonomy":"post_tag","embeddable":true,"href":"https:\/\/rt-europaallee.de\/wordpress\/wp-json\/wp\/v2\/tags?post=16971"}],"curies":[{"name":"wp","href":"https:\/\/api.w.org\/{rel}","templated":true}]}}