{"id":16973,"date":"2025-01-22T19:31:28","date_gmt":"2025-01-22T18:31:28","guid":{"rendered":"http:\/\/rt-europaallee.org\/wordpress\/?p=16973"},"modified":"2025-01-22T19:31:28","modified_gmt":"2025-01-22T18:31:28","slug":"stadt-goettingen-klimafonds-goettingen-geht-in-naechste-runde","status":"publish","type":"post","link":"https:\/\/rt-europaallee.de\/wordpress\/2025\/01\/stadt-goettingen-klimafonds-goettingen-geht-in-naechste-runde\/","title":{"rendered":"Stadt G\u00f6ttingen: KlimaFonds G\u00f6ttingen geht in n\u00e4chste Runde"},"content":{"rendered":"<p>(Quelle: <a href=\"https:\/\/www.goettingen.de\/portal\/meldungen\/klimafonds-goettingen-geht-in-naechste-runde-900003619-25480.html?rubrik=900000003\">https:\/\/www.goettingen.de\/portal\/meldungen\/klimafonds-goettingen-geht-in-naechste-runde-900003619-25480.html?rubrik=900000003<\/a>)<\/p>\n<blockquote>\n<div class=\"fusstext fusstext_oben\"><span class=\"create\">10.01.2025<\/span><\/p>\n<div><\/div>\n<\/div>\n<h3 class=\"kontrast-bild\">KlimaFonds G\u00f6ttingen geht in n\u00e4chste Runde<\/h3>\n<div id=\"nolis_content_site\" class=\"nolis_content_site\">\n<p class=\"anreisser_detail\"><strong>Die Stadt G\u00f6ttingen unterst\u00fctzt G\u00f6ttinger*innen seit 2021 bei der klimafreundlichen Sanierung ihrer Geb\u00e4ude. Gegen Ende 2024 war die F\u00f6rderung ausgesch\u00f6pft. Nun geht es mit neu gef\u00fclltem Topf und ver\u00e4nderten F\u00f6rderbedingungen weiter. Die gr\u00f6\u00dfte \u00c4nderung ist dabei die K\u00fcrzung des Solar-F\u00f6rdermoduls.<\/strong><\/p>\n<div class=\"print_href print_abbr\">\n<div class=\"template template1\">\n<div class=\"platz platz1\">\n<div class=\"rahmen\">\n<div class=\"innen\">\n<p>Egal ob Solaranlagen, D\u00e4mmungen, Starkregenvorsorge, Begr\u00fcnungen oder energieeffiziente Haushaltsger\u00e4te \u2013 wollen G\u00f6ttinger*innen klimafreundlich wohnen, erhalten sie finanzielle Unterst\u00fctzung \u00fcber den st\u00e4dtischen KlimaFonds G\u00f6ttingen. \u201eDer KlimaFonds G\u00f6ttingen ist seit vier Jahren ein best\u00e4ndiges st\u00e4dtisches F\u00f6rderprogramm, mit dem die Stadt B\u00fcrger*innen finanziell gezielt unterst\u00fctzt\u201c, so Nadine Finn, Leiterin des Referates f\u00fcr Nachhaltige Stadtentwicklung der Stadt G\u00f6ttingen. \u201eAls Stadtverwaltung k\u00f6nnen wir die Klimakrise nicht alleine bew\u00e4ltigen. Eine klimafreundlichere Lebensweise f\u00fcr alle zu erm\u00f6glichen, erfordert, dass alle im Rahmen ihrer M\u00f6glichkeiten einen Beitrag leisten. Die hohe Nachfrage nach Mitteln aus dem KlimaFonds zeigt, dass der Wille dazu in G\u00f6ttingen da ist.\u201c<\/p>\n<p>Wurden vor vier Jahren einzig PV-Anlagen und Balkon-PV-Module bezuschusst, k\u00f6nnen sich Privatpersonen und gemeinn\u00fctzige Vereine mittlerweile in f\u00fcnf F\u00f6rdermodulen Unterst\u00fctzung holen. <em>In den F\u00f6rdermodulen Solar, Energetisches Sanieren, Bildung &amp; Klimaschutz-Aktionen, Energieeffiziente Haushaltsger\u00e4te sowie Wasser und Begr\u00fcnung<\/em> sind bisher insgesamt \u00fcber 1.500 Antr\u00e4ge eingegangen und bewilligt worden. Damit hat die Stadt bis jetzt ca. 1,5 Millionen Euro in den KlimaFonds investiert.<\/p>\n<h4 class=\"nolis-tiny\">Neuausrichtung des KlimaFonds<\/h4>\n<p>Auch 2025 soll der KlimaFonds weitergef\u00fchrt werden, so hat es der Rat der Stadt G\u00f6ttingen in seiner Sitzung am Freitag, 13. Dezember 2024, beschlossen. Seit Mittwoch, 1. Januar 2025, ist es somit wieder m\u00f6glich, Antr\u00e4ge zu stellen; erstmal befristet bis Montag, 30. Juni 2025. Bis dahin soll der KlimaFonds strategisch neu ausgerichtet werden, sodass den G\u00f6ttinger*innen in der zweiten Jahresh\u00e4lfte dann ver\u00e4nderte F\u00f6rdermodule mit neuen F\u00f6rderbedingungen zur Verf\u00fcgung stehen. \u201eWir wollen den KlimaFonds als Anreiz fortf\u00fchren und pr\u00fcfen: Welche Ma\u00dfnahmen helfen und wo braucht es finanzielle Unterst\u00fctzung? Wo k\u00f6nnen wir Prozesse noch optimieren?\u201c, so Finn. \u201eDie Erfahrungen der letzten Jahre helfen uns dabei, den KlimaFonds weiterhin bedarfsgerecht und praxisnah aufzubauen.\u201c<\/p>\n<h4 class=\"nolis-tiny\">K\u00fcrzung des Solarf\u00f6rdermoduls<\/h4>\n<p>Eine \u00c4nderung gibt es bereits seit Mittwoch, 1. Januar 2025: Das Solarf\u00f6rdermodul wird gek\u00fcrzt. Nach der umfangreichen Unterst\u00fctzung der Stadt G\u00f6ttingen im Zeitraum der Energiekrise herrschen nun bessere Marktbedingungen f\u00fcr PV-Anlagen sowie eine Vereinfachung b\u00fcrokratischer Rahmenbedingungen. \u00a0Eine F\u00f6rderung \u00fcber kommunale Haushaltsmittel wird damit entbehrlich. Gro\u00dfe PV-Anlagen werden daher nur noch f\u00fcr gemeinn\u00fctzige Vereine bezuschusst. Bei den Privatpersonen k\u00f6nnen Mieter*innen Antr\u00e4ge auf die F\u00f6rderung f\u00fcr Balkon-PV-Module stellen. Bei den anderen F\u00f6rdermodulen wird es keine gr\u00f6\u00dferen \u00c4nderungen geben.<\/p>\n<p>Auf <a class=\"link_katalog nolis-link-extern\" title=\"F\u00f6rderprogramme (https:\/\/nachhaltigkeit.goettingen.de\/welche-unterstuetzung-gibt-es-\/foerderung-klimafonds\/)\" href=\"https:\/\/nachhaltigkeit.goettingen.de\/welche-unterstuetzung-gibt-es-\/foerderung-klimafonds\/\" target=\"_blank\" rel=\"noopener noreferrer\">goe.de\/klimafonds<\/a> finden Interessierte Informationen zu den \u00a0F\u00f6rderbedingungen, die Antragsformulare, FAQs und alles Notwendige f\u00fcr eine Antragstellung.<\/p>\n<\/div>\n<\/div>\n<\/div>\n<\/div>\n<\/div>\n<\/div>\n<\/blockquote>\n","protected":false},"excerpt":{"rendered":"<p>(Quelle: https:\/\/www.goettingen.de\/portal\/meldungen\/klimafonds-goettingen-geht-in-naechste-runde-900003619-25480.html?rubrik=900000003) 10.01.2025 KlimaFonds G\u00f6ttingen geht in n\u00e4chste Runde Die Stadt G\u00f6ttingen unterst\u00fctzt G\u00f6ttinger*innen seit 2021 bei der klimafreundlichen Sanierung ihrer Geb\u00e4ude. Gegen Ende 2024 war die F\u00f6rderung ausgesch\u00f6pft. Nun geht es mit neu gef\u00fclltem Topf und ver\u00e4nderten F\u00f6rderbedingungen weiter. Die gr\u00f6\u00dfte \u00c4nderung ist dabei die K\u00fcrzung des Solar-F\u00f6rdermoduls. Egal ob Solaranlagen, D\u00e4mmungen, Starkregenvorsorge, Begr\u00fcnungen &#8230; <a title=\"Stadt G\u00f6ttingen: KlimaFonds G\u00f6ttingen geht in n\u00e4chste Runde\" class=\"read-more\" href=\"https:\/\/rt-europaallee.de\/wordpress\/2025\/01\/stadt-goettingen-klimafonds-goettingen-geht-in-naechste-runde\/\" aria-label=\"Mehr Informationen \u00fcber Stadt G\u00f6ttingen: KlimaFonds G\u00f6ttingen geht in n\u00e4chste Runde\">Weiterlesen<\/a><\/p>\n","protected":false},"author":3,"featured_media":0,"comment_status":"closed","ping_status":"open","sticky":false,"template":"","format":"standard","meta":{"footnotes":""},"categories":[1],"tags":[],"class_list":["post-16973","post","type-post","status-publish","format-standard","hentry","category-allgemein"],"_links":{"self":[{"href":"https:\/\/rt-europaallee.de\/wordpress\/wp-json\/wp\/v2\/posts\/16973","targetHints":{"allow":["GET"]}}],"collection":[{"href":"https:\/\/rt-europaallee.de\/wordpress\/wp-json\/wp\/v2\/posts"}],"about":[{"href":"https:\/\/rt-europaallee.de\/wordpress\/wp-json\/wp\/v2\/types\/post"}],"author":[{"embeddable":true,"href":"https:\/\/rt-europaallee.de\/wordpress\/wp-json\/wp\/v2\/users\/3"}],"replies":[{"embeddable":true,"href":"https:\/\/rt-europaallee.de\/wordpress\/wp-json\/wp\/v2\/comments?post=16973"}],"version-history":[{"count":1,"href":"https:\/\/rt-europaallee.de\/wordpress\/wp-json\/wp\/v2\/posts\/16973\/revisions"}],"predecessor-version":[{"id":16974,"href":"https:\/\/rt-europaallee.de\/wordpress\/wp-json\/wp\/v2\/posts\/16973\/revisions\/16974"}],"wp:attachment":[{"href":"https:\/\/rt-europaallee.de\/wordpress\/wp-json\/wp\/v2\/media?parent=16973"}],"wp:term":[{"taxonomy":"category","embeddable":true,"href":"https:\/\/rt-europaallee.de\/wordpress\/wp-json\/wp\/v2\/categories?post=16973"},{"taxonomy":"post_tag","embeddable":true,"href":"https:\/\/rt-europaallee.de\/wordpress\/wp-json\/wp\/v2\/tags?post=16973"}],"curies":[{"name":"wp","href":"https:\/\/api.w.org\/{rel}","templated":true}]}}