{"id":17015,"date":"2025-01-27T18:54:25","date_gmt":"2025-01-27T17:54:25","guid":{"rendered":"http:\/\/rt-europaallee.org\/wordpress\/?p=17015"},"modified":"2025-01-27T18:54:25","modified_gmt":"2025-01-27T17:54:25","slug":"fluechtlingsrat-niedersachsen-die-lehren-von-auschwitz-das-versprechen-von-schutz-und-rechtsstaatlichkeit","status":"publish","type":"post","link":"https:\/\/rt-europaallee.de\/wordpress\/2025\/01\/fluechtlingsrat-niedersachsen-die-lehren-von-auschwitz-das-versprechen-von-schutz-und-rechtsstaatlichkeit\/","title":{"rendered":"Fl\u00fcchtlingsrat Niedersachsen:  Die Lehren von Auschwitz: Das Versprechen von Schutz und Rechtsstaatlichkeit"},"content":{"rendered":"<p>(Quelle: <a href=\"https:\/\/www.facebook.com\/Fluechtlingsrat.Niedersachsen\/posts\/pfbid02isZzEWBDKFtqfewzocRWUt2UiEbqyRSGbFm9RsX8Sy9VS6b4YnxMQWuHPa3SvRF5l\">https:\/\/www.facebook.com\/Fluechtlingsrat.Niedersachsen\/posts\/pfbid02isZzEWBDKFtqfewzocRWUt2UiEbqyRSGbFm9RsX8Sy9VS6b4YnxMQWuHPa3SvRF5l<\/a>)<\/p>\n<blockquote>\n<div class=\"xu06os2 x1ok221b\">\n<div class=\"html-div xdj266r x11i5rnm xat24cr x1mh8g0r xexx8yu x4uap5 x18d9i69 xkhd6sd\" data-ad-rendering-role=\"profile_name\">\n<h3 id=\":R5aklmimjbsmipapd5aq:\" class=\"html-h3 x11i5rnm xat24cr x1mh8g0r xexx8yu x4uap5 x18d9i69 xkhd6sd x1vvkbs x1heor9g x1qlqyl8 x1pd3egz x1a2a7pz x1gslohp x1yc453h\"><span class=\"xt0psk2\"><a class=\"x1i10hfl xjbqb8w x1ejq31n xd10rxx x1sy0etr x17r0tee x972fbf xcfux6l x1qhh985 xm0m39n x9f619 x1ypdohk xt0psk2 xe8uvvx xdj266r x11i5rnm xat24cr x1mh8g0r xexx8yu x4uap5 x18d9i69 xkhd6sd x16tdsg8 x1hl2dhg xggy1nq x1a2a7pz x1sur9pj xkrqix3 xzsf02u x1s688f\" tabindex=\"0\" role=\"link\" href=\"https:\/\/www.facebook.com\/Fluechtlingsrat.Niedersachsen?__cft__[0]=AZWgfY4A3VuGQ3lDpcdwa55Ecm-fO0lyD1xPCXdPSrcH53HcqqD1Xw7oA--wMjEkJz-FiKvoh4SDCgq5GYkKvnRHJsqGA0fkG-I3FqnXeU6fgPNbkzlSIhT9SNG30-eUGxnCHATMSeywGTs6iHPbR5aTc-gWH2yqjRzDv96358qHeQ&amp;__tn__=-UC%2CP-R\"><strong class=\"html-strong xdj266r x11i5rnm xat24cr x1mh8g0r xexx8yu x4uap5 x18d9i69 xkhd6sd x1hl2dhg x16tdsg8 x1vvkbs x1s688f\"><span class=\"html-span xdj266r x11i5rnm xat24cr x1mh8g0r xexx8yu x4uap5 x18d9i69 xkhd6sd x1hl2dhg x16tdsg8 x1vvkbs\">Fl\u00fcchtlingsrat Niedersachsen<\/span><\/strong><\/a><\/span><\/h3>\n<\/div>\n<\/div>\n<div class=\"xu06os2 x1ok221b\">\n<p id=\":R5aklmimjbsmipapd5aqH1:\" class=\"html-div xdj266r x11i5rnm xat24cr x1mh8g0r xexx8yu x4uap5 x18d9i69 xkhd6sd x1q0g3np\"><span style=\"color: inherit; font-size: 1.2em;\">Am 27. Januar vor genau 80 Jahren haben Soldaten der Roten Armee die Gefangenen im Konzentrationslager von Auschwitz befreit, wo mehr als eine Million Menschen von den Nazis ermordet wurden. In Erinnerung an diese und weitere Opfer des Faschismus gelobten die V\u00e4ter und M\u00fctter des Grundgesetzes: Nie wieder soll die staatliche Gewalt in Deutschland Menschen ihrer W\u00fcrde berauben. Und nie wieder sollen diejenigen, die aus ihrem Land fl\u00fcchten m\u00fcssen, vor verschlossenen Grenzen stehen.<\/span><\/p>\n<\/div>\n<div class=\"html-div xdj266r x11i5rnm xat24cr x1mh8g0r xexx8yu x4uap5 x18d9i69 xkhd6sd\" dir=\"auto\">\n<div class=\"html-div xdj266r x11i5rnm xat24cr x1mh8g0r xexx8yu x4uap5 x18d9i69 xkhd6sd\" data-ad-rendering-role=\"story_message\">\n<div id=\":R5aklmimjbsmipapd5aqH2:\" class=\"x1l90r2v x1iorvi4 x1ye3gou xn6708d\" data-ad-comet-preview=\"message\" data-ad-preview=\"message\">\n<div class=\"x78zum5 xdt5ytf xz62fqu x16ldp7u\">\n<div class=\"xu06os2 x1ok221b\">\n<div class=\"x11i5rnm xat24cr x1mh8g0r x1vvkbs xtlvy1s x126k92a\">\n<p dir=\"auto\">Aus Anlass des Holocaust-Gedenktags, der als Tag der Befreiung begangen wird, appelliert der Fl\u00fcchtlingsrat Niedersachsen an die politischen Parteien, diese Lehren auch in der aktuellen politischen Praxis hochzuhalten: Das Versprechen auf Schutz vor Verfolgung, das Recht auf ein individuelles Asylverfahren und das Versprechen auf Rechtsstaatlichkeit \u2013 auch im Umgang mit Nichtdeutschen \u2013 drohen in der politischen Debatte mehr und mehr in Vergessenheit zu geraten. Seit einem dreiviertel Jahr erleben wir eine sich aufschaukelnde, in der Sprache immer hemmungslosere, entgrenzte Debatte, wie wir sie in Deutschland seit der Diskussion um das Asylrecht in den Jahren 1992 \u2013 1994 nicht mehr kannten, in der auch von demokratischen Parteien Grund- und Menschenrechte in Frage gestellt und \u201eNotstandsma\u00dfnahmen\u201c zur Begr\u00fcndung eines Versto\u00dfes gegen europ\u00e4ische Rechtsnormen angek\u00fcndigt werden.<\/p>\n<\/div>\n<div class=\"x11i5rnm xat24cr x1mh8g0r x1vvkbs xtlvy1s x126k92a\">\n<p dir=\"auto\">Auf unserer Homepage haben wir zu diesem Anlass ein Statement ver\u00f6ffentlicht. Den Link zum Text in voller L\u00e4nge findet ihr im Linktree in unserer Bio.<\/p>\n<p dir=\"auto\"><span class=\"x193iq5w xeuugli x13faqbe x1vvkbs x1xmvt09 x1lliihq x1s928wv xhkezso x1gmr53x x1cpjm7i x1fgarty x1943h6x xudqn12 x3x7a5m x6prxxf xvq8zen xo1l8bm xzsf02u x1yc453h\" dir=\"auto\"><span class=\"html-span xdj266r x11i5rnm xat24cr x1mh8g0r xexx8yu x4uap5 x18d9i69 xkhd6sd x1hl2dhg x16tdsg8 x1vvkbs\"><a class=\"x1i10hfl xjbqb8w x1ejq31n xd10rxx x1sy0etr x17r0tee x972fbf xcfux6l x1qhh985 xm0m39n x9f619 x1ypdohk xt0psk2 xe8uvvx xdj266r x11i5rnm xat24cr x1mh8g0r xexx8yu x4uap5 x18d9i69 xkhd6sd x16tdsg8 x1hl2dhg xggy1nq x1a2a7pz x1sur9pj xkrqix3 x1fey0fg x1s688f\" tabindex=\"0\" role=\"link\" href=\"https:\/\/www.facebook.com\/hashtag\/weremember?__eep__=6&amp;__cft__[0]=AZWgfY4A3VuGQ3lDpcdwa55Ecm-fO0lyD1xPCXdPSrcH53HcqqD1Xw7oA--wMjEkJz-FiKvoh4SDCgq5GYkKvnRHJsqGA0fkG-I3FqnXeU6fgPNbkzlSIhT9SNG30-eUGxnCHATMSeywGTs6iHPbR5aTc-gWH2yqjRzDv96358qHeQ&amp;__tn__=*NK-R\">#WeRemember<\/a><\/span><\/span><\/p>\n<div dir=\"auto\">\u00a0<\/div>\n<div dir=\"auto\"><img decoding=\"async\" class=\"x1bwycvy x193iq5w x4fas0m x19kjcj4\" src=\"https:\/\/scontent-ham3-1.xx.fbcdn.net\/v\/t51.75761-15\/475434926_18049977917126937_8040821952591904876_n.jpg?stp=dst-jpg_tt6&amp;_nc_cat=109&amp;ccb=1-7&amp;_nc_sid=127cfc&amp;_nc_ohc=io23mf255-gQ7kNvgH7_Vbt&amp;_nc_zt=23&amp;_nc_ht=scontent-ham3-1.xx&amp;_nc_gid=AZNEc0A6v8e9DXZZGWlt77S&amp;oh=00_AYBzTUU738aN412vxd1zNdJigJEA8EAM0NNZLKyP6NrtQw&amp;oe=679D9083\" alt=\"Ist m\u00f6glicherweise ein Bild von Text \u201eFl\u00fcchtlingsrat e.V Niedersachsen &quot; In Erinnerung \u03b1\u03b7 die die Opfer des Faschismus gelobten die V\u00e4ter und M\u00fctter des Grundgesetzes: Nie wieder soll die staatliche Gewalt in Deutschland Menschen ihrer W\u00fcrde berauben. Und nie wieder sollen diejenigen, die aus ihrem Land fl\u00fcchten m\u00fcssen, \u03bd\u03bf\u03b9 verschlossenen Grenzen stehen. Zum 27 Januar- Tag des Gedenkens an die Opfer des Nationalsozialismus 1\/2\u201c\" data-visualcompletion=\"media-vc-image\" \/><\/div>\n<div dir=\"auto\">( <a href=\"https:\/\/www.facebook.com\/photo\/?fbid=931154899171834&amp;set=pcb.931154919171832\">https:\/\/www.facebook.com\/photo\/?fbid=931154899171834&amp;set=pcb.931154919171832<\/a>)<\/div>\n<div dir=\"auto\">\u00a0<\/div>\n<div dir=\"auto\"><img decoding=\"async\" class=\"x1bwycvy x193iq5w x4fas0m x19kjcj4\" src=\"https:\/\/scontent-ham3-1.xx.fbcdn.net\/v\/t51.75761-15\/474967744_18049977920126937_3294069398615158928_n.jpg?stp=dst-jpg_tt6&amp;_nc_cat=104&amp;ccb=1-7&amp;_nc_sid=127cfc&amp;_nc_ohc=jU0vNE0YKTAQ7kNvgEMPb9S&amp;_nc_zt=23&amp;_nc_ht=scontent-ham3-1.xx&amp;_nc_gid=AbiOScleD0c1WGacGQy_NEy&amp;oh=00_AYBJjYudtgSwecMcJXR-Ssd9nLj1TGXy6NtwG17pbdFHvw&amp;oe=679D8CD7\" alt=\"Ist m\u00f6glicherweise ein Bild von Text\" data-visualcompletion=\"media-vc-image\" \/><\/div>\n<div dir=\"auto\">( <a href=\"https:\/\/www.facebook.com\/photo?fbid=931154902505167&amp;set=pcb.931154919171832\">https:\/\/www.facebook.com\/photo?fbid=931154902505167&amp;set=pcb.931154919171832<\/a>)<\/div>\n<\/div>\n<\/div>\n<\/div>\n<\/div>\n<\/div>\n<\/div>\n<\/blockquote>\n<div dir=\"auto\">\u00a0<\/div>\n<p><strong>Siehe:\u00a0<a href=\"https:\/\/www.nds-fluerat.org\/61481\/aktuelles\/die-lehren-von-auschwitz-das-versprechen-von-schutz-und-rechtsstaatlichkeit\/?fbclid=IwY2xjawIEpURleHRuA2FlbQIxMAABHbGhnib8F73dZRCdT1ks95qaWq1qHxvuiA4sEnArCvs08Y3wNgZJyRIIZA_aem_Dnzj_jtvQa7Vz0AuVySppg\">https:\/\/www.nds-fluerat.org\/61481\/aktuelles\/die-lehren-von-auschwitz-das-versprechen-von-schutz-und-rechtsstaatlichkeit\/?<\/a><\/strong><\/p>\n\n\n<p><\/p>\n","protected":false},"excerpt":{"rendered":"<p>(Quelle: https:\/\/www.facebook.com\/Fluechtlingsrat.Niedersachsen\/posts\/pfbid02isZzEWBDKFtqfewzocRWUt2UiEbqyRSGbFm9RsX8Sy9VS6b4YnxMQWuHPa3SvRF5l) Fl\u00fcchtlingsrat Niedersachsen Am 27. Januar vor genau 80 Jahren haben Soldaten der Roten Armee die Gefangenen im Konzentrationslager von Auschwitz befreit, wo mehr als eine Million Menschen von den Nazis ermordet wurden. In Erinnerung an diese und weitere Opfer des Faschismus gelobten die V\u00e4ter und M\u00fctter des Grundgesetzes: Nie wieder soll die staatliche &#8230; <a title=\"Fl\u00fcchtlingsrat Niedersachsen:  Die Lehren von Auschwitz: Das Versprechen von Schutz und Rechtsstaatlichkeit\" class=\"read-more\" href=\"https:\/\/rt-europaallee.de\/wordpress\/2025\/01\/fluechtlingsrat-niedersachsen-die-lehren-von-auschwitz-das-versprechen-von-schutz-und-rechtsstaatlichkeit\/\" aria-label=\"Mehr Informationen \u00fcber Fl\u00fcchtlingsrat Niedersachsen:  Die Lehren von Auschwitz: Das Versprechen von Schutz und Rechtsstaatlichkeit\">Weiterlesen<\/a><\/p>\n","protected":false},"author":3,"featured_media":0,"comment_status":"closed","ping_status":"open","sticky":false,"template":"","format":"standard","meta":{"footnotes":""},"categories":[1],"tags":[],"class_list":["post-17015","post","type-post","status-publish","format-standard","hentry","category-allgemein"],"_links":{"self":[{"href":"https:\/\/rt-europaallee.de\/wordpress\/wp-json\/wp\/v2\/posts\/17015","targetHints":{"allow":["GET"]}}],"collection":[{"href":"https:\/\/rt-europaallee.de\/wordpress\/wp-json\/wp\/v2\/posts"}],"about":[{"href":"https:\/\/rt-europaallee.de\/wordpress\/wp-json\/wp\/v2\/types\/post"}],"author":[{"embeddable":true,"href":"https:\/\/rt-europaallee.de\/wordpress\/wp-json\/wp\/v2\/users\/3"}],"replies":[{"embeddable":true,"href":"https:\/\/rt-europaallee.de\/wordpress\/wp-json\/wp\/v2\/comments?post=17015"}],"version-history":[{"count":1,"href":"https:\/\/rt-europaallee.de\/wordpress\/wp-json\/wp\/v2\/posts\/17015\/revisions"}],"predecessor-version":[{"id":17016,"href":"https:\/\/rt-europaallee.de\/wordpress\/wp-json\/wp\/v2\/posts\/17015\/revisions\/17016"}],"wp:attachment":[{"href":"https:\/\/rt-europaallee.de\/wordpress\/wp-json\/wp\/v2\/media?parent=17015"}],"wp:term":[{"taxonomy":"category","embeddable":true,"href":"https:\/\/rt-europaallee.de\/wordpress\/wp-json\/wp\/v2\/categories?post=17015"},{"taxonomy":"post_tag","embeddable":true,"href":"https:\/\/rt-europaallee.de\/wordpress\/wp-json\/wp\/v2\/tags?post=17015"}],"curies":[{"name":"wp","href":"https:\/\/api.w.org\/{rel}","templated":true}]}}