{"id":17104,"date":"2025-02-17T01:52:28","date_gmt":"2025-02-17T00:52:28","guid":{"rendered":"http:\/\/rt-europaallee.org\/wordpress\/?p=17104"},"modified":"2025-02-17T03:05:15","modified_gmt":"2025-02-17T02:05:15","slug":"stadt-goetingen-internationalen-wochen-gegen-rassismus-mitmachen-beim-programm","status":"publish","type":"post","link":"https:\/\/rt-europaallee.de\/wordpress\/2025\/02\/stadt-goetingen-internationalen-wochen-gegen-rassismus-mitmachen-beim-programm\/","title":{"rendered":"Stadt G\u00f6tingen: \u201eInternationalen Wochen gegen Rassismus\u201c &#8211; Mitmachen beim Programm"},"content":{"rendered":"<p>(Quelle: <a href=\"https:\/\/www.goettingen.de\/portal\/seiten\/pressemitteilungen-900000376-25480.html\">https:\/\/www.goettingen.de\/portal\/seiten\/pressemitteilungen-900000376-25480.html<\/a>\u00a0 \u27a1\ufe0f\u00a0<a href=\"https:\/\/s3-eu-west-1.amazonaws.com\/\/files.crsend.com\/185000\/185603\/rss\/media\/15957891.htm\">https:\/\/s3-eu-west-1.amazonaws.com\/\/files.crsend.com\/185000\/185603\/rss\/media\/15957891.htm<\/a>)<\/p>\n<blockquote><p><a href=\"https:\/\/www.goettingen.de\"><img loading=\"lazy\" decoding=\"async\" src=\"https:\/\/files.crsend.com\/185000\/185603\/images\/G%C3%B6-Logo-einzeilig-2-f.png\" alt=\"\" width=\"450\" height=\"30\" \/><\/a><\/p>\n<p>pdg 059 \/ 14.02.2025<\/p>\n<h1 class=\"false\">\u201eInternationalen Wochen gegen Rassismus\u201c &#8211; Mitmachen beim Programm<\/h1>\n<p class=\"false\">Unter dem Motto \u201eMenschenw\u00fcrde sch\u00fctzen\u201c finden die bundesweiten \u201eInternationalen Wochen gegen Rassismus\u201c (IWgR) von Montag, 17. M\u00e4rz 2025, bis Sonntag, 30. M\u00e4rz 2025, statt. Das B\u00fcro f\u00fcr Integration der Stadt G\u00f6ttingen stellt auch in diesem Jahr hierf\u00fcr wieder ein Gesamtprogramm f\u00fcr G\u00f6ttingen zusammen. Initiativen, Organisationen, Einrichtungen, Vereine, Schulklassen und alle anderen Interessierten sind aufgerufen, sich mit ihren Aktionen und Veranstaltungen vor Ort an dem gemeinsamen Programm in G\u00f6ttingen zu beteiligen, um ein klares Zeichen gegen Rassismus zu setzen.<\/p>\n<p class=\"false\">Das G\u00f6ttinger Programm wird dann auf der st\u00e4dtischen Website ver\u00f6ffentlicht. Wer sich mit einer Veranstaltung beteiligen m\u00f6chte, kann dazu das ausgef\u00fcllte Teilnahmeformular bis Mittwoch, 5. M\u00e4rz 2025, an die E-Mail-Adresse <a class=\"false\" href=\"https:\/\/s3-eu-west-1.amazonaws.com\/\/files.crsend.com\/185000\/185603\/rss\/media\/veranstaltungen.integration@goettingen.de\">veranstaltungen.integration@goettingen.de<\/a> senden.<\/p>\n<p class=\"false\">Anregungen und Vorschl\u00e4ge, wie man sich beteiligen kann, finden Interessierte auf der bundesweiten Website der Stiftung gegen Rassismus in der Brosch\u00fcre \u201e<a class=\"false\" href=\"https:\/\/stiftung-gegen-rassismus.de\/wp-content\/uploads\/2024\/11\/241115_SGR_Impulse_Brochure_digital_high-1.pdf\">Impulse<\/a>\u201c. Fragen dazu k\u00f6nnen direkt an das B\u00fcro f\u00fcr Integration unter der genannten E-Mail-Adresse gerichtet wer-den. Das Formular kann unter dem Kurzlink <a class=\"false\" href=\"https:\/\/goe.de\/iwgr\">goe.de\/iwgr<\/a> heruntergeladen werden.<\/p>\n<p><strong>Impressum:<\/strong><\/p>\n<p>Stadt G\u00f6ttingen<br \/>\nReferat\u00a0<a href=\"https:\/\/www.goettingen.de\/buergerservice\/verwaltung\/oeffentlichkeitsarbeit-900000127-25480.html?titel=%25C36ffentlichkeitsarbeit\">\u00d6ffentlichkeitsarbeit<\/a><br \/>\nNeues Rathaus<br \/>\nHiroshimaplatz 1-4<br \/>\n37083 G\u00f6ttingen<\/p>\n<p>Tel.: +49 551 \/ 400 2320<br \/>\n<a href=\"mailto:presse@goettingen.de\">presse@goettingen.de<\/a><br \/>\n<a href=\"https:\/\/www.goettingen.de\">Webseite<\/a><\/p><\/blockquote>\n","protected":false},"excerpt":{"rendered":"<p>(Quelle: https:\/\/www.goettingen.de\/portal\/seiten\/pressemitteilungen-900000376-25480.html\u00a0 \u27a1\ufe0f\u00a0https:\/\/s3-eu-west-1.amazonaws.com\/\/files.crsend.com\/185000\/185603\/rss\/media\/15957891.htm) pdg 059 \/ 14.02.2025 \u201eInternationalen Wochen gegen Rassismus\u201c &#8211; Mitmachen beim Programm Unter dem Motto \u201eMenschenw\u00fcrde sch\u00fctzen\u201c finden die bundesweiten \u201eInternationalen Wochen gegen Rassismus\u201c (IWgR) von Montag, 17. M\u00e4rz 2025, bis Sonntag, 30. M\u00e4rz 2025, statt. Das B\u00fcro f\u00fcr Integration der Stadt G\u00f6ttingen stellt auch in diesem Jahr hierf\u00fcr wieder ein Gesamtprogramm &#8230; <a title=\"Stadt G\u00f6tingen: \u201eInternationalen Wochen gegen Rassismus\u201c &#8211; Mitmachen beim Programm\" class=\"read-more\" href=\"https:\/\/rt-europaallee.de\/wordpress\/2025\/02\/stadt-goetingen-internationalen-wochen-gegen-rassismus-mitmachen-beim-programm\/\" aria-label=\"Mehr Informationen \u00fcber Stadt G\u00f6tingen: \u201eInternationalen Wochen gegen Rassismus\u201c &#8211; Mitmachen beim Programm\">Weiterlesen<\/a><\/p>\n","protected":false},"author":3,"featured_media":0,"comment_status":"closed","ping_status":"open","sticky":false,"template":"","format":"standard","meta":{"footnotes":""},"categories":[1],"tags":[],"class_list":["post-17104","post","type-post","status-publish","format-standard","hentry","category-allgemein"],"_links":{"self":[{"href":"https:\/\/rt-europaallee.de\/wordpress\/wp-json\/wp\/v2\/posts\/17104","targetHints":{"allow":["GET"]}}],"collection":[{"href":"https:\/\/rt-europaallee.de\/wordpress\/wp-json\/wp\/v2\/posts"}],"about":[{"href":"https:\/\/rt-europaallee.de\/wordpress\/wp-json\/wp\/v2\/types\/post"}],"author":[{"embeddable":true,"href":"https:\/\/rt-europaallee.de\/wordpress\/wp-json\/wp\/v2\/users\/3"}],"replies":[{"embeddable":true,"href":"https:\/\/rt-europaallee.de\/wordpress\/wp-json\/wp\/v2\/comments?post=17104"}],"version-history":[{"count":5,"href":"https:\/\/rt-europaallee.de\/wordpress\/wp-json\/wp\/v2\/posts\/17104\/revisions"}],"predecessor-version":[{"id":17110,"href":"https:\/\/rt-europaallee.de\/wordpress\/wp-json\/wp\/v2\/posts\/17104\/revisions\/17110"}],"wp:attachment":[{"href":"https:\/\/rt-europaallee.de\/wordpress\/wp-json\/wp\/v2\/media?parent=17104"}],"wp:term":[{"taxonomy":"category","embeddable":true,"href":"https:\/\/rt-europaallee.de\/wordpress\/wp-json\/wp\/v2\/categories?post=17104"},{"taxonomy":"post_tag","embeddable":true,"href":"https:\/\/rt-europaallee.de\/wordpress\/wp-json\/wp\/v2\/tags?post=17104"}],"curies":[{"name":"wp","href":"https:\/\/api.w.org\/{rel}","templated":true}]}}