{"id":17264,"date":"2025-03-28T02:12:58","date_gmt":"2025-03-28T01:12:58","guid":{"rendered":"http:\/\/rt-europaallee.org\/wordpress\/?p=17264"},"modified":"2025-03-28T02:12:58","modified_gmt":"2025-03-28T01:12:58","slug":"stadt-goettingen-kampfmittelverdacht-sondierungsmassnahmen-in-der-godehardstrasse-und-koenigsallee-ab-juni","status":"publish","type":"post","link":"https:\/\/rt-europaallee.de\/wordpress\/2025\/03\/stadt-goettingen-kampfmittelverdacht-sondierungsmassnahmen-in-der-godehardstrasse-und-koenigsallee-ab-juni\/","title":{"rendered":"Stadt G\u00f6ttingen: Kampfmittelverdacht &#8211; Sondierungsma\u00dfnahmen in der Godehardstra\u00dfe und K\u00f6nigsallee ab Juni"},"content":{"rendered":"<p>(Quelle: <a href=\"https:\/\/www.goettingen.de\/portal\/meldungen\/sondierungsmassnahmen-in-der-godehardstrasse-und-koenigsallee-ab-juni-900003850-25480.html?rubrik=900000003\">https:\/\/www.goettingen.de\/portal\/meldungen\/sondierungsmassnahmen-in-der-godehardstrasse-und-koenigsallee-ab-juni-900003850-25480.html?rubrik=900000003<\/a>)<\/p>\n<blockquote>\n<div class=\"fusstext fusstext_oben\"><span class=\"create\">25.03.2025<\/span><\/p>\n<div><\/div>\n<\/div>\n<p><span class=\"dachzeile\">Kampfmittelverdacht in G\u00f6ttingen:<\/span><\/p>\n<h3 class=\"kontrast-bild\">Sondierungsma\u00dfnahmen in der Godehardstra\u00dfe und K\u00f6nigsallee ab Juni<\/h3>\n<div id=\"nolis_content_site\" class=\"nolis_content_site\">\n<p class=\"anreisser_detail\"><strong>Die Suche nach nichtdetonierten Weltkriegsbomben in G\u00f6ttingen geht weiter: Anfang Juni 2025 beginnen in der Weststadt Sondierungsma\u00dfnahmen im Bereich der Godehardstra\u00dfe und der K\u00f6nigsallee. Dort bestehen Kampfmittelverdachtsfl\u00e4chen und Blindg\u00e4ngerverdachtspunkte.<\/strong><\/p>\n<div class=\"print_href print_abbr\">\n<div class=\"template template1\">\n<div class=\"platz platz1\">\n<div class=\"rahmen\">\n<div class=\"innen\">\n<p>Ab Juni startet zun\u00e4chst auf der Godehardstra\u00dfe zwischen dem Kreisel und der Kreuzung zur Pfalz-Grona-Breite eine Fl\u00e4chensondierung. F\u00fcr die erforderlichen Vorbereitungen wird dieser Bereich bereits ab Montag, 5. Mai 2025, gesperrt. Nach erfolgter Fl\u00e4chensondierung werden voraussichtlich ab Juli sechs Blindg\u00e4ngerverdachtspunkte tiefensondiert.<\/p>\n<p>Die jeweilige Sondierung jeden Verdachtspunktes wird voraussichtlich einen Arbeitstag in Anspruch nehmen. Da die Verdachtspunkte sehr nah an bebautem und bewohntem Gebiet liegen, m\u00fcssen betroffene Anwohner*innen in einem Umkreis von 50 Metern um den jeweiligen Verdachtspunkt herum ihre Wohnungen und H\u00e4user bereits an den Sondierungstagen verlassen. Die Sondierungen erfolgen tags\u00fcber, sodass eine R\u00fcckkehr am Abend gew\u00e4hrleistet ist. Die genauen Daten der Teil-Evakuierungen werden noch festgelegt und mit einem Vorlauf von mindestens einem Monat direkt an die Betroffenen und die \u00d6ffentlichkeit kommuniziert.<\/p>\n<p>Drei der Verdachtspunkte liegen auf Privatgrundst\u00fccken. Die betroffenen Eigent\u00fcmer*innen wurden bereits \u00fcber die Ma\u00dfnahmen informiert und stehen in engem Austausch mit der Stadt. G\u00f6ttingens Erster Stadtrat Christian Schmetz betont: \u201eWir stehen den Betroffenen w\u00e4hrend des gesamten Prozesses unterst\u00fctzend zur Seite.\u201c Die Sondierung auch auf privaten Grundst\u00fccken sei ein wichtiger Schritt, um weitere Verdachtspunkte zu erkunden und m\u00f6gliche Gefahren auszuschlie\u00dfen, so Schmetz. Die Kosten f\u00fcr die Beseitigung von Kampfmitteln hat dem Gesetz nach grunds\u00e4tzlich die oder der Grundst\u00fcckseigent\u00fcmer*in zu tragen. Um finanzielle H\u00e4rten f\u00fcr betroffene Eigent\u00fcmer*innen zu reduzieren, hat der Verwaltungsausschuss der Stadt G\u00f6ttingen, der aus Ratsmitgliedern der Stadt besteht, nach intensiver Debatte einstimmig einem Vorschlag der Verwaltung zugestimmt: Personen mit einem Verm\u00f6gen von bis zu 500.000 Euro \u2013 ohne das betroffene Grundst\u00fcck \u2013 sind von den Kosten f\u00fcr Sondierung und eine m\u00f6gliche Entsch\u00e4rfung befreit. \u201eMit dieser Regelung nimmt die G\u00f6ttinger Ratspolitik den Betroffenen die finanzielle Last solcher Ma\u00dfnahmen\u201c, bekr\u00e4ftigt Schmetz.<\/p>\n<p>Sollte sich der Verdacht auf Blindg\u00e4nger erh\u00e4rten, beginnen sofort im Anschluss an die Sondierungen die Vorbereitungen f\u00fcr eine Kampfmittelbeseitigung. Die Vorbereitungen hierf\u00fcr w\u00fcrden mehrere Monate dauern.<\/p>\n<h4 class=\"nolis-tiny\">Weitere Informationen<\/h4>\n<p>Fortlaufend aktuelle Informationen zum Einsatz, darunter auch Antworten auf h\u00e4ufige Fragen, gibt es im Liveblog der Stadt G\u00f6ttingen unter <a class=\"link_katalog nolis-link-intern\" title=\"Liveblog Kampfmittelverdacht (https:\/\/www.goettingen.de\/portal\/meldungen\/aktuelle-infos-zum-kampfmittelverdacht-in-der-weststadt-900000220-25480.html)\" href=\"https:\/\/www.goettingen.de\/portal\/meldungen\/aktuelle-infos-zum-kampfmittelverdacht-in-der-weststadt-900000220-25480.html\" target=\"_blank\" rel=\"noopener\">goe.de\/bombenverdacht<\/a>.<\/p>\n<div class=\"texbausteine_klappbar container_tabelle_katalog container_tabelle_katalog_900000094\">\n<div class=\"style2 managerbox block-textbaustein tabelle_katalog\">\n<h5 class=\"zugeklappt\"><span class=\"head_container schalterZahl_1\"><span class=\"funktionicons\"><span class=\"manager_aufzu_icon\"><a id=\"managerboxaufzucontrol_114e7d9af61879db23db0f1f431bb1381\" class=\"zugeklappt bild-link\" title=\"aufklappen\" href=\"https:\/\/www.goettingen.de\/portal\/meldungen\/sondierungsmassnahmen-in-der-godehardstrasse-und-koenigsallee-ab-juni-900003850-25480.html?rubrik=900000003#\" aria-controls=\"managerboxinfo_114e7d9af61879db23db0f1f431bb1381\" aria-expanded=\"false\" data-number=\"114e7d9af61879db23db0f1f431bb1381\"><img decoding=\"async\" id=\"plusMinusImg_114e7d9af61879db23db0f1f431bb1381\" src=\"https:\/\/www.goettingen.de\/static\/static\/bilder\/content\/_individualisierung\/goettingen-goettingen\/petrol\/pfeil_runter_var1.svg\" alt=\"aufklappen\" \/><\/a><\/span><\/span><\/span><\/h5>\n<\/div>\n<\/div>\n<\/div>\n<\/div>\n<\/div>\n<\/div>\n<\/div>\n<\/div>\n<\/blockquote>\n","protected":false},"excerpt":{"rendered":"<p>(Quelle: https:\/\/www.goettingen.de\/portal\/meldungen\/sondierungsmassnahmen-in-der-godehardstrasse-und-koenigsallee-ab-juni-900003850-25480.html?rubrik=900000003) 25.03.2025 Kampfmittelverdacht in G\u00f6ttingen: Sondierungsma\u00dfnahmen in der Godehardstra\u00dfe und K\u00f6nigsallee ab Juni Die Suche nach nichtdetonierten Weltkriegsbomben in G\u00f6ttingen geht weiter: Anfang Juni 2025 beginnen in der Weststadt Sondierungsma\u00dfnahmen im Bereich der Godehardstra\u00dfe und der K\u00f6nigsallee. Dort bestehen Kampfmittelverdachtsfl\u00e4chen und Blindg\u00e4ngerverdachtspunkte. Ab Juni startet zun\u00e4chst auf der Godehardstra\u00dfe zwischen dem Kreisel und der &#8230; <a title=\"Stadt G\u00f6ttingen: Kampfmittelverdacht &#8211; Sondierungsma\u00dfnahmen in der Godehardstra\u00dfe und K\u00f6nigsallee ab Juni\" class=\"read-more\" href=\"https:\/\/rt-europaallee.de\/wordpress\/2025\/03\/stadt-goettingen-kampfmittelverdacht-sondierungsmassnahmen-in-der-godehardstrasse-und-koenigsallee-ab-juni\/\" aria-label=\"Mehr Informationen \u00fcber Stadt G\u00f6ttingen: Kampfmittelverdacht &#8211; Sondierungsma\u00dfnahmen in der Godehardstra\u00dfe und K\u00f6nigsallee ab Juni\">Weiterlesen<\/a><\/p>\n","protected":false},"author":3,"featured_media":0,"comment_status":"closed","ping_status":"open","sticky":false,"template":"","format":"standard","meta":{"footnotes":""},"categories":[1],"tags":[],"class_list":["post-17264","post","type-post","status-publish","format-standard","hentry","category-allgemein"],"_links":{"self":[{"href":"https:\/\/rt-europaallee.de\/wordpress\/wp-json\/wp\/v2\/posts\/17264","targetHints":{"allow":["GET"]}}],"collection":[{"href":"https:\/\/rt-europaallee.de\/wordpress\/wp-json\/wp\/v2\/posts"}],"about":[{"href":"https:\/\/rt-europaallee.de\/wordpress\/wp-json\/wp\/v2\/types\/post"}],"author":[{"embeddable":true,"href":"https:\/\/rt-europaallee.de\/wordpress\/wp-json\/wp\/v2\/users\/3"}],"replies":[{"embeddable":true,"href":"https:\/\/rt-europaallee.de\/wordpress\/wp-json\/wp\/v2\/comments?post=17264"}],"version-history":[{"count":1,"href":"https:\/\/rt-europaallee.de\/wordpress\/wp-json\/wp\/v2\/posts\/17264\/revisions"}],"predecessor-version":[{"id":17265,"href":"https:\/\/rt-europaallee.de\/wordpress\/wp-json\/wp\/v2\/posts\/17264\/revisions\/17265"}],"wp:attachment":[{"href":"https:\/\/rt-europaallee.de\/wordpress\/wp-json\/wp\/v2\/media?parent=17264"}],"wp:term":[{"taxonomy":"category","embeddable":true,"href":"https:\/\/rt-europaallee.de\/wordpress\/wp-json\/wp\/v2\/categories?post=17264"},{"taxonomy":"post_tag","embeddable":true,"href":"https:\/\/rt-europaallee.de\/wordpress\/wp-json\/wp\/v2\/tags?post=17264"}],"curies":[{"name":"wp","href":"https:\/\/api.w.org\/{rel}","templated":true}]}}