{"id":17267,"date":"2025-03-28T02:45:01","date_gmt":"2025-03-28T01:45:01","guid":{"rendered":"http:\/\/rt-europaallee.org\/wordpress\/?p=17267"},"modified":"2025-03-28T02:45:01","modified_gmt":"2025-03-28T01:45:01","slug":"stadt-goettingen-strassenbauarbeiten-mit-halbseitigen-sperrungen-in-der-groner-landstrasse","status":"publish","type":"post","link":"https:\/\/rt-europaallee.de\/wordpress\/2025\/03\/stadt-goettingen-strassenbauarbeiten-mit-halbseitigen-sperrungen-in-der-groner-landstrasse\/","title":{"rendered":"Stadt G\u00f6ttingen: Stra\u00dfenbauarbeiten mit halbseitigen Sperrungen in der Groner Landstra\u00dfe"},"content":{"rendered":"<p>(Quelle: <a href=\"https:\/\/www.goettingen.de\/portal\/meldungen\/strassenbauarbeiten-mit-halbseitigen-sperrungen-in-der-groner-landstrasse-900003846-25480.html?rubrik=900000003\">https:\/\/www.goettingen.de\/portal\/meldungen\/strassenbauarbeiten-mit-halbseitigen-sperrungen-in-der-groner-landstrasse-900003846-25480.html?rubrik=900000003<\/a>)<\/p>\n<blockquote>\n<div class=\"fusstext fusstext_oben\"><span class=\"create\">24.03.2025<\/span><\/p>\n<div><\/div>\n<\/div>\n<h3 class=\"kontrast-bild\">Stra\u00dfenbauarbeiten mit halbseitigen Sperrungen in der Groner Landstra\u00dfe<\/h3>\n<div id=\"nolis_content_site\" class=\"nolis_content_site\">\n<p class=\"anreisser_detail\"><strong>Im Rahmen von Arbeiten an einer Br\u00fccke der Deutschen Bahn sowie zur Sanierung der Fahrbahndecke auf der Otto-Frey-Br\u00fccke m\u00fcssen verschiedene Abschnitte und einzelne Fahrspuren der Groner Landstra\u00dfe ab Dienstag, 1. April 2025, gesperrt oder eingeschr\u00e4nkt werden. Die Arbeiten werden voraussichtlich bis Freitag, 11. April 2025, abgeschlossen sein.<\/strong><\/p>\n<div class=\"print_href print_abbr\">\n<div class=\"template template1\">\n<div class=\"platz platz1\">\n<div class=\"rahmen\">\n<div class=\"innen\">\n<p>Ab Dienstag, 1. April 2025, werden im \u00f6stlichen Teil der Groner Landstra\u00dfe im Bereich zwischen Bahnhofsallee und Berliner Stra\u00dfe unter dem Br\u00fcckenbauwerk der Deutschen Bahn einzelne Fahrspuren gesperrt. Die Einschr\u00e4nkungen werden voraussichtlich bis Freitag, 4. April 2025, andauern.<\/p>\n<p>Ab Montag, 7. April 2025, saniert die Stadt stadtausw\u00e4rts die Fahrbahndecke der Groner Landstra\u00dfe im Bereich der Otto-Frey-Br\u00fccke. Hierf\u00fcr werden Fahrstreifen gesperrt, mindestens ein Fahrstreifen bleibt jedoch befahrbar. \u00a0Die Arbeiten werden voraussichtlich bis Freitag, 11. April 2025, abgeschlossen sein.<\/p>\n<p>Mit Verkehrsbehinderungen ist zu rechnen.<\/p>\n<p>Im <a class=\"link_katalog nolis-link-extern\" title=\"Stadtplan G\u00f6ttingen (https:\/\/stadtplan.goettingen.de)\" href=\"https:\/\/stadtplan.goettingen.de\" target=\"_blank\" rel=\"noopener noreferrer\">digitalen Stadtplan<\/a> sind gr\u00f6\u00dfere Baustellen f\u00fcr die Dauer der Ma\u00dfnahmen zu finden.<\/p>\n<\/div>\n<\/div>\n<\/div>\n<\/div>\n<\/div>\n<\/div>\n<\/blockquote>\n","protected":false},"excerpt":{"rendered":"<p>(Quelle: https:\/\/www.goettingen.de\/portal\/meldungen\/strassenbauarbeiten-mit-halbseitigen-sperrungen-in-der-groner-landstrasse-900003846-25480.html?rubrik=900000003) 24.03.2025 Stra\u00dfenbauarbeiten mit halbseitigen Sperrungen in der Groner Landstra\u00dfe Im Rahmen von Arbeiten an einer Br\u00fccke der Deutschen Bahn sowie zur Sanierung der Fahrbahndecke auf der Otto-Frey-Br\u00fccke m\u00fcssen verschiedene Abschnitte und einzelne Fahrspuren der Groner Landstra\u00dfe ab Dienstag, 1. April 2025, gesperrt oder eingeschr\u00e4nkt werden. Die Arbeiten werden voraussichtlich bis Freitag, 11. April &#8230; <a title=\"Stadt G\u00f6ttingen: Stra\u00dfenbauarbeiten mit halbseitigen Sperrungen in der Groner Landstra\u00dfe\" class=\"read-more\" href=\"https:\/\/rt-europaallee.de\/wordpress\/2025\/03\/stadt-goettingen-strassenbauarbeiten-mit-halbseitigen-sperrungen-in-der-groner-landstrasse\/\" aria-label=\"Mehr Informationen \u00fcber Stadt G\u00f6ttingen: Stra\u00dfenbauarbeiten mit halbseitigen Sperrungen in der Groner Landstra\u00dfe\">Weiterlesen<\/a><\/p>\n","protected":false},"author":3,"featured_media":0,"comment_status":"closed","ping_status":"open","sticky":false,"template":"","format":"standard","meta":{"footnotes":""},"categories":[1],"tags":[],"class_list":["post-17267","post","type-post","status-publish","format-standard","hentry","category-allgemein"],"_links":{"self":[{"href":"https:\/\/rt-europaallee.de\/wordpress\/wp-json\/wp\/v2\/posts\/17267","targetHints":{"allow":["GET"]}}],"collection":[{"href":"https:\/\/rt-europaallee.de\/wordpress\/wp-json\/wp\/v2\/posts"}],"about":[{"href":"https:\/\/rt-europaallee.de\/wordpress\/wp-json\/wp\/v2\/types\/post"}],"author":[{"embeddable":true,"href":"https:\/\/rt-europaallee.de\/wordpress\/wp-json\/wp\/v2\/users\/3"}],"replies":[{"embeddable":true,"href":"https:\/\/rt-europaallee.de\/wordpress\/wp-json\/wp\/v2\/comments?post=17267"}],"version-history":[{"count":1,"href":"https:\/\/rt-europaallee.de\/wordpress\/wp-json\/wp\/v2\/posts\/17267\/revisions"}],"predecessor-version":[{"id":17268,"href":"https:\/\/rt-europaallee.de\/wordpress\/wp-json\/wp\/v2\/posts\/17267\/revisions\/17268"}],"wp:attachment":[{"href":"https:\/\/rt-europaallee.de\/wordpress\/wp-json\/wp\/v2\/media?parent=17267"}],"wp:term":[{"taxonomy":"category","embeddable":true,"href":"https:\/\/rt-europaallee.de\/wordpress\/wp-json\/wp\/v2\/categories?post=17267"},{"taxonomy":"post_tag","embeddable":true,"href":"https:\/\/rt-europaallee.de\/wordpress\/wp-json\/wp\/v2\/tags?post=17267"}],"curies":[{"name":"wp","href":"https:\/\/api.w.org\/{rel}","templated":true}]}}