{"id":3087,"date":"2018-04-27T13:44:29","date_gmt":"2018-04-27T11:44:29","guid":{"rendered":"http:\/\/rt-europaallee.org\/wordpress\/?p=3087"},"modified":"2018-04-27T13:53:14","modified_gmt":"2018-04-27T11:53:14","slug":"gw-hagenberg-informiert","status":"publish","type":"post","link":"https:\/\/rt-europaallee.de\/wordpress\/2018\/04\/gw-hagenberg-informiert\/","title":{"rendered":"Aus dem Protokoll des Treffens des RT Europaallee vom 11.04.2018"},"content":{"rendered":"<p>Aus dem Protokoll des Treffens des RT Europaallee vom 11.04.2018:<\/p>\n<blockquote><p>Leonie Engelbert (Bonveno) berichtet, dass aktuell 203 Bewohner in der Europaallee untergebracht sind. Es sind noch geringe Kapazit\u00e4ten frei. Der Familiennachzug verl\u00e4uft sehr schleppend.<\/p>\n<p>Es werden dringend Deutschlehrer\/innen f\u00fcr Kinder im Vorschulalter gesucht. Einige der Kinder haben keinen Kita-Platz und ben\u00f6tigen deshalb besondere F\u00f6rderung. F\u00fcr diese Aufgabe gibt es auch eine finanzielle Aufwandsentsch\u00e4digung.<\/p>\n<p>Patenschaften werden in der Regel recht schnell innerhalb von 1 bis 2 Wochen vermittelt.<\/p><\/blockquote>\n<p>&nbsp;<\/p>\n<p>&nbsp;<\/p>\n<blockquote><p>Das Spendenzentrum sucht verst\u00e4rkt nach Spenden aus dem EDV-Bereich (PC, Bildschirme, \u2026). Au\u00dferdem wird immer noch eine Unterkunft f\u00fcr einen franz\u00f6sischen Freiwilligen gesucht, der entweder im Mai\/Juni oder im September f\u00fcr max. 9 Monate nach G\u00f6ttingen kommt. Genauere Infos direkt beim Spendenzentrum (<a href=\"https:\/\/www.fluechtlingshilfe-goettingen.de\/organisationen\/spendenzentrum-goettingen\/\">https:\/\/www.fluechtlingshilfe-goettingen.de\/organisationen\/spendenzentrum-goettingen\/<\/a>)<\/p><\/blockquote>\n<p>&nbsp;<\/p>\n<blockquote><p>Die Sportangebote von Gr\u00fcn-Wei\u00df werden langsam besser angenommen. Oft starten die Fl\u00fcchtlinge mit Begeisterung in eine Sportgruppe, leider l\u00e4sst diese Euphorie auch oft sehr schnell nach. Fest integriert hat sich jetzt eine Fu\u00dfballgruppe von jungen M\u00e4nnern, die sich immer dienstags treffen. Die auf Initiative von Fl\u00fcchtlingsfrauen aus der Europaallee gegr\u00fcndete Gruppe \u201eFrauen-Fitness um 5\u201c (beginnt jetzt \u00fcbrigens immer Mittwoch um 6), sucht noch dringend nach Teilnehmerinnen, die dauerhaft und verl\u00e4sslich kommen (Infos siehe hier: <a href=\"http:\/\/gwhagenberg.de\/ff_um5.0.html\">http:\/\/gwhagenberg.de\/ff_um5.0.html<\/a>).<\/p><\/blockquote>\n<p>&nbsp;<\/p>\n<blockquote><p>Uwe Richter erinnert an das internationale Tanzfestival am 28.April von 11 bis14 Uhr in der Ladenzone auf dem Holtenser Berg.<\/p>\n<p>Au\u00dferdem erw\u00e4hnt er das 20.Weststadtfest am 01.September in der Pfalz-Grona-Breite. Wer sich hier engagieren will, ob mit einem Stand, als Musiker, T\u00e4nzer, Helfer oder in irgendeiner anderen Form, wendet sich bitte an U.Richter (<a href=\"mailto:richter_online@gmx.de\">richter_online@gmx.de<\/a>)<\/p><\/blockquote>\n","protected":false},"excerpt":{"rendered":"<p>Aus dem Protokoll des Treffens des RT Europaallee vom 11.04.2018: Leonie Engelbert (Bonveno) berichtet, dass aktuell 203 Bewohner in der Europaallee untergebracht sind. Es sind noch geringe Kapazit\u00e4ten frei. Der Familiennachzug verl\u00e4uft sehr schleppend. Es werden dringend Deutschlehrer\/innen f\u00fcr Kinder im Vorschulalter gesucht. Einige der Kinder haben keinen Kita-Platz und ben\u00f6tigen deshalb besondere F\u00f6rderung. F\u00fcr &#8230; <a title=\"Aus dem Protokoll des Treffens des RT Europaallee vom 11.04.2018\" class=\"read-more\" href=\"https:\/\/rt-europaallee.de\/wordpress\/2018\/04\/gw-hagenberg-informiert\/\" aria-label=\"Mehr Informationen \u00fcber Aus dem Protokoll des Treffens des RT Europaallee vom 11.04.2018\">Weiterlesen<\/a><\/p>\n","protected":false},"author":3,"featured_media":0,"comment_status":"closed","ping_status":"open","sticky":false,"template":"","format":"standard","meta":{"footnotes":""},"categories":[18,1],"tags":[],"class_list":["post-3087","post","type-post","status-publish","format-standard","hentry","category-aktionen","category-allgemein"],"_links":{"self":[{"href":"https:\/\/rt-europaallee.de\/wordpress\/wp-json\/wp\/v2\/posts\/3087","targetHints":{"allow":["GET"]}}],"collection":[{"href":"https:\/\/rt-europaallee.de\/wordpress\/wp-json\/wp\/v2\/posts"}],"about":[{"href":"https:\/\/rt-europaallee.de\/wordpress\/wp-json\/wp\/v2\/types\/post"}],"author":[{"embeddable":true,"href":"https:\/\/rt-europaallee.de\/wordpress\/wp-json\/wp\/v2\/users\/3"}],"replies":[{"embeddable":true,"href":"https:\/\/rt-europaallee.de\/wordpress\/wp-json\/wp\/v2\/comments?post=3087"}],"version-history":[{"count":4,"href":"https:\/\/rt-europaallee.de\/wordpress\/wp-json\/wp\/v2\/posts\/3087\/revisions"}],"predecessor-version":[{"id":3091,"href":"https:\/\/rt-europaallee.de\/wordpress\/wp-json\/wp\/v2\/posts\/3087\/revisions\/3091"}],"wp:attachment":[{"href":"https:\/\/rt-europaallee.de\/wordpress\/wp-json\/wp\/v2\/media?parent=3087"}],"wp:term":[{"taxonomy":"category","embeddable":true,"href":"https:\/\/rt-europaallee.de\/wordpress\/wp-json\/wp\/v2\/categories?post=3087"},{"taxonomy":"post_tag","embeddable":true,"href":"https:\/\/rt-europaallee.de\/wordpress\/wp-json\/wp\/v2\/tags?post=3087"}],"curies":[{"name":"wp","href":"https:\/\/api.w.org\/{rel}","templated":true}]}}