{"id":3403,"date":"2018-07-02T12:07:53","date_gmt":"2018-07-02T10:07:53","guid":{"rendered":"http:\/\/rt-europaallee.org\/wordpress\/?p=3403"},"modified":"2018-07-02T12:40:28","modified_gmt":"2018-07-02T10:40:28","slug":"neues-aus-dem-nachbarschaftszentrum-holtenser-berg-29-06-2018","status":"publish","type":"post","link":"https:\/\/rt-europaallee.de\/wordpress\/2018\/07\/neues-aus-dem-nachbarschaftszentrum-holtenser-berg-29-06-2018\/","title":{"rendered":"Neues aus dem Nachbarschaftszentrum Holtenser Berg (29.06.2018)"},"content":{"rendered":"<p>Weitergeleitete E-Mail von <a href=\"mailto:rt-europaallee@gwhagenberg.de\">rt-europaallee@gwhagenberg.de<\/a> (01.07.2018):<\/p>\n<p>&nbsp;<\/p>\n<blockquote><p><strong>Gesendet:<\/strong>\u00a0Freitag, 29. Juni 2018 um 15:10 Uhr<br \/>\n<strong>Von:<\/strong>\u00a0&#8222;Sahri Sprinke&#8220; &lt;nbz-hoberg@gmx.de&gt;<br \/>\n<strong>An:<\/strong>\u00a0&#8222;Sahri Sprinke&#8220; &lt;nbz-hoberg@gmx.de&gt;<br \/>\n<strong>Betreff:<\/strong>\u00a0Neues aus dem Nachbarschaftszentrum<\/p>\n<p>Liebe Mitglieder, Liebe Interessierte,<\/p>\n<p>&nbsp;<\/p>\n<p>gerne m\u00f6chte ich Ihnen und Euch berichten, was es Neues im Nachbarschaftszentrum gibt.<\/p>\n<p>F\u00fcr unser Sommerfest am 25.08.2018 planen wir einen \u201eHatwalk\u201c und einen Hutflohmarkt, f\u00fcr beides k\u00f6nnt Ihr Euch schon anmelden. Gebt die angeh\u00e4ngten Anmeldeformulare gerne auch in Eurem Freundes- und Bekanntenkreis weiter.<\/p>\n<p>Viele Menschen singen gerne, trauen sich aber nicht so recht. Dem wollen wir Abhilfe schaffen, deshalb gibt es am<\/p>\n<p><strong>Dienstag den 10.07. um 20 Uhr Singen mit Norbert<\/strong><\/p>\n<p>Unter Anleitung von Norbert Remmert singen wir gemeinsam im Nachbarschaftszentrum bekannte Popsongs, Evergreens und Kalauer.<\/p>\n<p>Unser N\u00e4htreff der Schnittpunkt Kreativ hat viele Interessierte gefunden und findet deshalb ab dem<\/p>\n<p><strong>07.07.2018 von 14-18 Uhr 14t\u00e4gig, in jeder ungeraden Kalenderwoche, statt.<\/strong><\/p>\n<p>Wir haben kein festes Programm, sondern entwickeln zusammen Ideen und setzen gemeinsam unsere N\u00e4hprojekte um. Auch Anf\u00e4ngerinnen und Anf\u00e4nger sind herzlich Willkommen.<\/p>\n<p>Das n\u00e4chste Begegnungscaf\u00e9 findet am Sonntag den 08.07. von 15-17 Uhr statt. Unser Begegnungscaf\u00e9 hat viel Zulauf, so dass Ihr neue Leute kennenlernen k\u00f6nnt, oder alte Bekannte treffen.<\/p>\n<p><strong>Das Nachbarschaftszentrum macht Sommerurlaub vom 16.07.-08.08.2018. <\/strong><\/p>\n<p>Das B\u00fcro bleibt in dieser Zeit geschlossen, viele Veranstaltungen finden trotzdem statt.<\/p>\n<p>Ab Montag den 19.07. von 17-18 Uhr findet wieder w\u00f6chentlich \u201eeinfach Tanzen\u201c statt.<\/p>\n<p>W\u00f6chentlich dienstags ab 16 Uhr treffen sich unsere Spielebegeisterten bei unserem Spieletreff f\u00fcr Jung und Alt.<\/p>\n<p>Die Pflegeberatung findet am Mittwoch den 04.07. um 12:30 Uhr statt. Der n\u00e4chste Termin daf\u00fcr findet ausnahmsweise erst am Mittwoch den 15.08. um 12:30 statt.<\/p>\n<p>Unser Diabetikertreff findet am Mittwoch den 04.07. und am 01.08. von 19-21 Uhr statt.<\/p>\n<p>Auch der N\u00e4htreff findet in den Sommerferien statt.<\/p>\n<p>Auf Kaffee und Kuchen m\u00fcsst Ihr auch in den Sommerferien nicht verzichten, wenn Ihr am Sonntag 22.07. von 15-17 Uhr zu unserem Begegnungscaf\u00e9 kommt.<\/p>\n<p>Unsere Schuldnerberatung f\u00e4llt am 03.07. und 07.08. aus. Der n\u00e4chste Termin ist Dienstag am 04.09. von 9:30-10:30 Uhr.<\/p>\n<p>Unser Mittagstisch macht Pause bis zum 14.08.<\/p>\n<p>Ab <strong>Mittwoch den 15.08.<\/strong> freuen wir uns, Euch dort begr\u00fc\u00dfen zu d\u00fcrfen. Anmeldungen bis zum 14.08. 10 Uhr.<\/p>\n<p>Unser Fitnesskurs \u201eFitness4You\u201c macht w\u00e4hrend der gesamten Sommerferien Pause und Peggy ist ab Donnerstag, den 09.08. wieder f\u00fcr Euch da.<\/p>\n<p>&nbsp;<\/p>\n<p>Wir w\u00fcnschen Ihnen und Euch eine sch\u00f6ne und erholsame Ferienzeit und viel Freude bei den stattfindenden Veranstaltungen!<\/p>\n<p>&nbsp;<\/p>\n<p>Herzlichst<\/p>\n<p>Ihre Sahri Sprinke<\/p>\n<p>&nbsp;<\/p>\n<p>&nbsp;<\/p>\n<p>Nachbarschaftszentrum Holtenser Berg<\/p>\n<p>Leiterin: Sahri Sprinke<\/p>\n<p>Londonstr. 11a<\/p>\n<p>37079 G\u00f6ttingen<\/p>\n<p>Tel. 0551 \/ 50420747<\/p>\n<p>Tel. Mobil 01753470461<\/p>\n<p>Sprechzeiten: Mo-Fr. 9.30- 12.30 Uhr, Do 16:00 \u2013 18:00 Uhr<\/p>\n<p>Email: <a href=\"mailto:nbz-hoberg@gmx.de\">nbz-hoberg@gmx.de<\/a><\/p><\/blockquote>\n<h4>Anh\u00e4nge:<\/h4>\n<p><a href=\"http:\/\/rt-europaallee.org\/wordpress\/wp-content\/uploads\/2018\/07\/2018-06-29Anmeldung-Hatwalk.pdf\">http:\/\/rt-europaallee.org\/wordpress\/wp-content\/uploads\/2018\/07\/2018-06-29Anmeldung-Hatwalk.pdf<\/a><\/p>\n<p><a href=\"http:\/\/rt-europaallee.org\/wordpress\/wp-content\/uploads\/2018\/07\/2018-06-29Anmeldung-Hut-Flohmarkt.pdf\">http:\/\/rt-europaallee.org\/wordpress\/wp-content\/uploads\/2018\/07\/2018-06-29Anmeldung-Hut-Flohmarkt.pdf<\/a><\/p>\n<p><a href=\"http:\/\/rt-europaallee.org\/wordpress\/wp-content\/uploads\/2018\/07\/2018-06-29VeranstaltungskalenderVorlage.pdf\">http:\/\/rt-europaallee.org\/wordpress\/wp-content\/uploads\/2018\/07\/2018-06-29VeranstaltungskalenderVorlage.pdf<\/a><\/p>\n<p><a href=\"http:\/\/rt-europaallee.org\/wordpress\/wp-content\/uploads\/2018\/07\/Schnittpunkt_kreativ_2018_02b.pdf\">http:\/\/rt-europaallee.org\/wordpress\/wp-content\/uploads\/2018\/07\/Schnittpunkt_kreativ_2018_02b.pdf<\/a><\/p>\n<p>&nbsp;<\/p>\n<h3>Zusatz:<br \/>\nBitte die aktuellen Termine vom\u00a0Nachbarschaftszentrum Holtenser Berg beachten:<\/h3>\n<p><a href=\"https:\/\/www.facebook.com\/pg\/NBZHoBerg\/events\/?ref=page_internal\">https:\/\/www.facebook.com\/pg\/NBZHoBerg\/events\/?ref=page_internal<\/a><\/p>\n<p>&nbsp;<\/p>\n","protected":false},"excerpt":{"rendered":"<p>Weitergeleitete E-Mail von rt-europaallee@gwhagenberg.de (01.07.2018): &nbsp; Gesendet:\u00a0Freitag, 29. Juni 2018 um 15:10 Uhr Von:\u00a0&#8222;Sahri Sprinke&#8220; &lt;nbz-hoberg@gmx.de&gt; An:\u00a0&#8222;Sahri Sprinke&#8220; &lt;nbz-hoberg@gmx.de&gt; Betreff:\u00a0Neues aus dem Nachbarschaftszentrum Liebe Mitglieder, Liebe Interessierte, &nbsp; gerne m\u00f6chte ich Ihnen und Euch berichten, was es Neues im Nachbarschaftszentrum gibt. F\u00fcr unser Sommerfest am 25.08.2018 planen wir einen \u201eHatwalk\u201c und einen Hutflohmarkt, f\u00fcr beides &#8230; <a title=\"Neues aus dem Nachbarschaftszentrum Holtenser Berg (29.06.2018)\" class=\"read-more\" href=\"https:\/\/rt-europaallee.de\/wordpress\/2018\/07\/neues-aus-dem-nachbarschaftszentrum-holtenser-berg-29-06-2018\/\" aria-label=\"Mehr Informationen \u00fcber Neues aus dem Nachbarschaftszentrum Holtenser Berg (29.06.2018)\">Weiterlesen<\/a><\/p>\n","protected":false},"author":3,"featured_media":0,"comment_status":"closed","ping_status":"open","sticky":false,"template":"","format":"standard","meta":{"footnotes":""},"categories":[1],"tags":[],"class_list":["post-3403","post","type-post","status-publish","format-standard","hentry","category-allgemein"],"_links":{"self":[{"href":"https:\/\/rt-europaallee.de\/wordpress\/wp-json\/wp\/v2\/posts\/3403","targetHints":{"allow":["GET"]}}],"collection":[{"href":"https:\/\/rt-europaallee.de\/wordpress\/wp-json\/wp\/v2\/posts"}],"about":[{"href":"https:\/\/rt-europaallee.de\/wordpress\/wp-json\/wp\/v2\/types\/post"}],"author":[{"embeddable":true,"href":"https:\/\/rt-europaallee.de\/wordpress\/wp-json\/wp\/v2\/users\/3"}],"replies":[{"embeddable":true,"href":"https:\/\/rt-europaallee.de\/wordpress\/wp-json\/wp\/v2\/comments?post=3403"}],"version-history":[{"count":4,"href":"https:\/\/rt-europaallee.de\/wordpress\/wp-json\/wp\/v2\/posts\/3403\/revisions"}],"predecessor-version":[{"id":3419,"href":"https:\/\/rt-europaallee.de\/wordpress\/wp-json\/wp\/v2\/posts\/3403\/revisions\/3419"}],"wp:attachment":[{"href":"https:\/\/rt-europaallee.de\/wordpress\/wp-json\/wp\/v2\/media?parent=3403"}],"wp:term":[{"taxonomy":"category","embeddable":true,"href":"https:\/\/rt-europaallee.de\/wordpress\/wp-json\/wp\/v2\/categories?post=3403"},{"taxonomy":"post_tag","embeddable":true,"href":"https:\/\/rt-europaallee.de\/wordpress\/wp-json\/wp\/v2\/tags?post=3403"}],"curies":[{"name":"wp","href":"https:\/\/api.w.org\/{rel}","templated":true}]}}