{"id":3467,"date":"2018-07-05T10:32:36","date_gmt":"2018-07-05T08:32:36","guid":{"rendered":"http:\/\/rt-europaallee.org\/wordpress\/?p=3467"},"modified":"2018-07-05T10:32:36","modified_gmt":"2018-07-05T08:32:36","slug":"bonveno-wir-brauchen-nur-helfen-mehr-nicht","status":"publish","type":"post","link":"https:\/\/rt-europaallee.de\/wordpress\/2018\/07\/bonveno-wir-brauchen-nur-helfen-mehr-nicht\/","title":{"rendered":"Bonveno: Wir brauchen nur helfen, mehr nicht."},"content":{"rendered":"<p>Weitergeleitete E-Mail von <a href=\"mailto:rt-europaallee@gwhagenberg.de\">rt-europaallee@gwhagenberg.de<\/a> (04.07.2018)<\/p>\n<p>&nbsp;<\/p>\n<blockquote><p><strong>Gesendet:<\/strong>\u00a0Montag, 02. Juli 2018 um 08:01 Uhr<br \/>\n<strong>Von:<\/strong>\u00a0a.konermann@bonveno-goettingen.de<br \/>\n<strong>An:<\/strong>\u00a0&#8222;&#8218;Annabel Konermann'&#8220; &lt;a.konermann@bonveno-goettingen.de&gt;<br \/>\n<strong>Betreff:<\/strong>\u00a0Wir brauchen nur helfen, mehr nicht.<\/p>\n<p>IWF-Stra\u00dfenfest, 6.5.2018, zurzeit leben noch 12 Menschen aus Syrien und Afghanistan am Nonnenstieg<\/p>\n<p>&nbsp;<\/p>\n<p>Liebe Freunde!<\/p>\n<p>&nbsp;<\/p>\n<p>\u201eWir brauchen nur helfen, mehr nicht.\u201c<\/p>\n<p>K\u00f6nnen wir es \u00fcberhaupt noch h\u00f6ren?<\/p>\n<p>Die Menschen sind vor Krieg, Folter und Missbrauch geflohen. Kinder wurden von ihren Eltern fortgeschickt, damit sie nicht als Kriegsfutter umkommen. Familien wurden durch die Flucht getrennt. Viele Menschen sind physisch jetzt hier- jedoch mit den Gedanken in ihrer alten Heimat. Gewalt \u00fcberschattet die Seelen. Viele leiden unter Panik und Angst. Grundvertrauen ist selten vorhanden. Viele f\u00fchlen sich allein. Sie sehnen sich nach Kontakt zu ehrenamtlichen G\u00f6ttingern. Ihnen gegen\u00fcber k\u00f6nnen sie sich leichter \u00f6ffnen als Menschen ihrer direkten Umgebung.<\/p>\n<p>Dennoch wissen die Gefl\u00fcchteten in den Bonveno-Unterk\u00fcnften auf dem Holtenser Berg und auf den Zietenterrassen, einzelne Frauen und M\u00e4nner und Familien mit kleinen oder kranken Kindern, nicht, wie und ob man Deutsche ansprechen kann.<\/p>\n<p>&nbsp;<\/p>\n<p>Ein Gespr\u00e4ch mit Asad, 20 J., gro\u00df und stark, von der Elfenbeink\u00fcste: \u201eAsad, hast Du schon einen deutschen Freund?\u201c, \u201cNein\u201c, \u201eSeit 8 Monaten hier und noch keinen deutschen Freund? Wie ist das m\u00f6glich?\u201c, \u201eIch wei\u00df nicht, ich habe Angst, mit Deutsch sprechen.\u201c, \u201eO.k., wir suchen jemanden f\u00fcr Dich. Ein deutscher Freund ist Gold wert!\u201c<\/p>\n<p>&nbsp;<\/p>\n<p>Liebe Freunde, wenn Sie einmal in der Woche einer\/m Gefl\u00fcchteten nur eine halbe Stunde Ihrer Aufmerksamkeit widmen, beschenken Sie damit nicht nur diesen einen Menschen, sondern auch sich selbst.<\/p>\n<p>\u201eWir brauchen nur helfen, mehr nicht\u201c, sagt Friedrich Selter<\/p>\n<p>Nur miteinander sprechen, nur beieinander sein. Das hilft allen.<\/p>\n<p>&nbsp;<\/p>\n<p>&nbsp;<\/p>\n<p>&nbsp;<\/p>\n<p>Marcel, ein Schauspieler aus Burundi, m\u00f6chte die Rolle von Jim Knopf f\u00fcr eine Inszenierung am Deutschen Theater einstudieren. Das Deutsche Theater m\u00f6chte ihn auch, wenn er die Rolle spielen kann. F\u00fcr die Zeit der Sommerpause (Juli\/August) sucht er jemanden, der Lust hat, Jim Knopf mit ihm zu lesen, zu \u00fcbersetzen und seinen Text einzu\u00fcben (Aussprache, Bedeutung der Szenen). Franz\u00f6sisch ist seine Muttersprache, Englisch spricht er auch flie\u00dfend.<\/p>\n<p>&nbsp;<\/p>\n<p>Anhang: <a href=\"http:\/\/rt-europaallee.org\/wordpress\/wp-content\/uploads\/2018\/07\/Gesuche-f\u00fcr-Kontakte-bzw.-Hilfe.pdf\">Menschen, die Hilfe suchen<\/a><\/p>\n<p>&nbsp;<\/p>\n<p>Herzliche Gr\u00fc\u00dfe<\/p>\n<p>Annabel Konermann mit Katharina Kohlrautz, Manar Elmasmari<\/p>\n<p>&nbsp;<\/p>\n<p>Ehrenamts-Koordinatorin<\/p>\n<p>0176-620 497 35, 0551-250 305 59<\/p>\n<p><a href=\"mailto:a.konermann@bonveno-goettingen.de\">a.konermann@bonveno-goettingen.de<\/a><\/p>\n<p><a href=\"http:\/\/www.bonveno-goettingen.de\/\">www.Bonveno-Goettingen.de<\/a><\/p>\n<p>Fl\u00fcchtlingsbetreuung in den Unterk\u00fcnften: Hannah-Vogt-Stra\u00dfe 10, Europaallee 1 a-e, Nonnenstieg 72<\/p>\n<p>&nbsp;<\/p>\n<p>Die Bonveno gGmbH ist eine gemeinn\u00fctzige Gesellschaft mit den Gesellschaftern: AWO, Caritas, Diakonie, DRK, parit\u00e4tischer Wohlfahrtsverband.<\/p><\/blockquote>\n","protected":false},"excerpt":{"rendered":"<p>Weitergeleitete E-Mail von rt-europaallee@gwhagenberg.de (04.07.2018) &nbsp; Gesendet:\u00a0Montag, 02. Juli 2018 um 08:01 Uhr Von:\u00a0a.konermann@bonveno-goettingen.de An:\u00a0&#8222;&#8218;Annabel Konermann&#8217;&#8220; &lt;a.konermann@bonveno-goettingen.de&gt; Betreff:\u00a0Wir brauchen nur helfen, mehr nicht. IWF-Stra\u00dfenfest, 6.5.2018, zurzeit leben noch 12 Menschen aus Syrien und Afghanistan am Nonnenstieg &nbsp; Liebe Freunde! &nbsp; \u201eWir brauchen nur helfen, mehr nicht.\u201c K\u00f6nnen wir es \u00fcberhaupt noch h\u00f6ren? Die Menschen sind &#8230; <a title=\"Bonveno: Wir brauchen nur helfen, mehr nicht.\" class=\"read-more\" href=\"https:\/\/rt-europaallee.de\/wordpress\/2018\/07\/bonveno-wir-brauchen-nur-helfen-mehr-nicht\/\" aria-label=\"Mehr Informationen \u00fcber Bonveno: Wir brauchen nur helfen, mehr nicht.\">Weiterlesen<\/a><\/p>\n","protected":false},"author":3,"featured_media":0,"comment_status":"closed","ping_status":"open","sticky":false,"template":"","format":"standard","meta":{"footnotes":""},"categories":[1],"tags":[],"class_list":["post-3467","post","type-post","status-publish","format-standard","hentry","category-allgemein"],"_links":{"self":[{"href":"https:\/\/rt-europaallee.de\/wordpress\/wp-json\/wp\/v2\/posts\/3467","targetHints":{"allow":["GET"]}}],"collection":[{"href":"https:\/\/rt-europaallee.de\/wordpress\/wp-json\/wp\/v2\/posts"}],"about":[{"href":"https:\/\/rt-europaallee.de\/wordpress\/wp-json\/wp\/v2\/types\/post"}],"author":[{"embeddable":true,"href":"https:\/\/rt-europaallee.de\/wordpress\/wp-json\/wp\/v2\/users\/3"}],"replies":[{"embeddable":true,"href":"https:\/\/rt-europaallee.de\/wordpress\/wp-json\/wp\/v2\/comments?post=3467"}],"version-history":[{"count":1,"href":"https:\/\/rt-europaallee.de\/wordpress\/wp-json\/wp\/v2\/posts\/3467\/revisions"}],"predecessor-version":[{"id":3469,"href":"https:\/\/rt-europaallee.de\/wordpress\/wp-json\/wp\/v2\/posts\/3467\/revisions\/3469"}],"wp:attachment":[{"href":"https:\/\/rt-europaallee.de\/wordpress\/wp-json\/wp\/v2\/media?parent=3467"}],"wp:term":[{"taxonomy":"category","embeddable":true,"href":"https:\/\/rt-europaallee.de\/wordpress\/wp-json\/wp\/v2\/categories?post=3467"},{"taxonomy":"post_tag","embeddable":true,"href":"https:\/\/rt-europaallee.de\/wordpress\/wp-json\/wp\/v2\/tags?post=3467"}],"curies":[{"name":"wp","href":"https:\/\/api.w.org\/{rel}","templated":true}]}}