{"id":3475,"date":"2018-07-19T22:48:57","date_gmt":"2018-07-19T20:48:57","guid":{"rendered":"http:\/\/rt-europaallee.org\/wordpress\/?p=3475"},"modified":"2018-07-19T22:48:57","modified_gmt":"2018-07-19T20:48:57","slug":"aufenthaltsrechtlicher-workshop-fuer-junge-menschen-mit-fluchterfahrung","status":"publish","type":"post","link":"https:\/\/rt-europaallee.de\/wordpress\/2018\/07\/aufenthaltsrechtlicher-workshop-fuer-junge-menschen-mit-fluchterfahrung\/","title":{"rendered":"Aufenthaltsrechtlicher Workshop f\u00fcr junge Menschen mit Fluchterfahrung"},"content":{"rendered":"<p>(Quelle: <a href=\"https:\/\/www.facebook.com\/groups\/441355579370337\/919762291529661\/\">https:\/\/www.facebook.com\/groups\/441355579370337\/919762291529661\/<\/a>)<\/p>\n<p>&nbsp;<\/p>\n<blockquote>\n<div class=\"k_14zndmo95b n_14zndms7pi clearfix\">\n<div class=\"clearfix j_14zndmo7cw\">\n<div class=\"clearfix _42ef\">\n<div class=\"h_14zndmo7cv\">\n<div>\n<div class=\"_6a _5u5j\">\n<div class=\"_6a _5u5j _6b\">\n<h5 id=\"js_as\" class=\"_14f3 _14f5 _5pbw _5vra\" data-ft=\"{&quot;tn&quot;:&quot;C&quot;}\"><span class=\"fwn fcg\"><span class=\"fcg\"><span class=\"fwb\"><a class=\"profileLink\" href=\"https:\/\/www.facebook.com\/mahna1975?hc_ref=ARSHPIlbHqJ8Z9QFo6Z5sb4YkKdvDq55yj6UV7DxjDtcyKUyIb9GJap-fEYDKqbQfYs\" data-ft=\"{&quot;tn&quot;:&quot;l&quot;}\" data-hovercard-referer=\"ARSHPIlbHqJ8Z9QFo6Z5sb4YkKdvDq55yj6UV7DxjDtcyKUyIb9GJap-fEYDKqbQfYs\" data-hovercard-prefer-more-content-show=\"1\" data-hovercard=\"\/ajax\/hovercard\/user.php?id=100001227231069&amp;extragetparams=%7B%22hc_ref%22%3A%22ARSHPIlbHqJ8Z9QFo6Z5sb4YkKdvDq55yj6UV7DxjDtcyKUyIb9GJap-fEYDKqbQfYs%22%2C%22directed_target_id%22%3A441355579370337%7D\">Ria Houriaj Limam<\/a><\/span> hat eine Datei in der Gruppe \u201e<a class=\"profileLink\" href=\"https:\/\/www.facebook.com\/groups\/441355579370337\/?hc_ref=ARSHPIlbHqJ8Z9QFo6Z5sb4YkKdvDq55yj6UV7DxjDtcyKUyIb9GJap-fEYDKqbQfYs\" data-hovercard-referer=\"ARSHPIlbHqJ8Z9QFo6Z5sb4YkKdvDq55yj6UV7DxjDtcyKUyIb9GJap-fEYDKqbQfYs\" data-hovercard-prefer-more-content-show=\"1\" data-hovercard=\"\/ajax\/hovercard\/group.php?id=441355579370337&amp;extragetparams=%7B%22hc_ref%22%3A%22ARSHPIlbHqJ8Z9QFo6Z5sb4YkKdvDq55yj6UV7DxjDtcyKUyIb9GJap-fEYDKqbQfYs%22%2C%22directed_target_id%22%3A441355579370337%7D\">Asyl Info f\u00fcr Fl\u00fcchtlinge Freiwillige Helfer<\/a>\u201c hochgeladen.<\/span><\/span><\/h5>\n<div id=\"feed_subtitle_919762291529661:9:0\" class=\"_5pcp _5lel _2jyu _232_\"><span class=\"fsm fwn fcg\"><a class=\"_5pcq\" href=\"https:\/\/www.facebook.com\/groups\/441355579370337\/919762291529661\/\" target=\"\"><abbr class=\"_5ptz\" title=\"18.07.2018 20:11\" data-shorten=\"1\" data-utime=\"1531937503\"><span id=\"js_at\" class=\"timestampContent\">Gestern um 20:11<\/span><\/abbr><\/a><\/span> \u00b7<\/p>\n<div class=\"_6a _29ee _4f-9 _43_1\" data-tooltip-content=\"Geteilt mit: \u00d6ffentlich\" data-hover=\"tooltip\"><\/div>\n<\/div>\n<\/div>\n<\/div>\n<\/div>\n<\/div>\n<\/div>\n<\/div>\n<\/div>\n<div id=\"js_au\" class=\"_5pbx userContent _3576\" data-ft=\"{&quot;tn&quot;:&quot;K&quot;}\">\n<p>am Samstag, den 01.09. bietet der Fl\u00fcchtlingsrat Niedersachsen erneut einen aufenthaltsrechtlichen Workshop f\u00fcr junge Menschen mit Fluchterfahrung an.<br \/>\nWo: kargah e.V., Zur Bettfedernfabrik 1, Hannover<\/p>\n<p>Dieser Workshop richtet sich an junge Gefl\u00fcchtete aus allen Herkunftsl\u00e4ndern. Wir besprechen neben dem Asyl- und Klageverfahren auch andere M\u00f6glichkeiten, um in Deutschland ein Bleiberecht zu bekommen.<br \/>\nDer Workshop wird erstmalig auf deutsch gehalten! Wir werden au\u00dferdem parallel in zwei Gruppen arbeiten, die Inhalte f\u00fcr beiden Gruppen sind aber gleich.<\/p>\n<p>Zum Inhalt:<br \/>\nDer Workshop gibt ein altersgerechten \u00dcberblick zu asylverfahrensrechtlichen Abl\u00e4ufen, bestehenden Rechten und zeigt Wege zum Bleiberecht auf. Es werden unter Anderem folgende Fragestellungen bearbeitet: Wie l\u00e4uft das Asyl- und Klageverfahren ab? Was habe ich f\u00fcr Rechte? Wie kann ich mich auf die Gerichtsverhandlung gut vorbereiten? Was muss ich beachten?<br \/>\nDar\u00fcber hinaus werden wir Bleibeperspektiven besprechen, die unabh\u00e4ngig vom Asylverfahren sowie nach einer Ablehnung des Asylantrages m\u00f6glich sind. Dabei schauen wir z.B. auf die Ausbildungsduldung und Bleiberechtsregelungen.<\/p>\n<p>Im Anschluss wird es noch Zeit f\u00fcr individuelle Beratung geben.<\/p>\n<p>Der Workshop richtet sich an minderj\u00e4hrige und junge vollj\u00e4hrige Gefl\u00fcchtete, die unbegleitet minderj\u00e4hrig eingereist sind. Es k\u00f6nnen ca. 30 Jugendliche teilnehmen. Aus dem Grund bitten wir um vorherige Anmeldung.<br \/>\nReferentinnen sind D\u00f6rthe Hinz und Gerlinde Becker vom Fl\u00fcchtlingsrat Niedersachsen e.V.<\/p>\n<p>Hinweise zur Anmeldung (bitte mit Angabe des Namens, Alters, und Status der Interessierten) sind in der Einladung (Anhang) enthalten.<\/p>\n<p>Wir freuen uns \u00fcber die Weitergabe dieser Einladung an potentielle Interessierte, insbesondere junge Gefl\u00fcchtete!<\/p>\n<p>Sommerliche Gr\u00fc\u00dfe,<br \/>\nGerlinde Becker<br \/>\n&#8212;<br \/>\nGerlinde Becker<\/p>\n<p>Fl\u00fcchtlingsrat Niedersachsen e.V.<\/p>\n<\/div>\n<div class=\"_3x-2\" data-ft=\"{&quot;tn&quot;:&quot;H&quot;}\">\n<div data-ft=\"{&quot;tn&quot;:&quot;H&quot;}\">\n<div class=\"mtm\">\n<div>\n<div class=\"_3qn7 _61-0 _2fyh _1a9e _1bkz\">\n<div class=\"_3qn7 _61-0 _2fyi _3qnf _4y4p\"><i class=\"img sp_aI9spkyYCG8 sx_2d86d7\"><\/i><\/p>\n<div class=\"_1bk_\">\n<div class=\"_4fem fsl fwb\"><a href=\"https:\/\/lookaside.fbsbx.com\/file\/Einladung%20WS%2001.09.18.pdf?token=AWw2KKux6gtXlw9AkvYKd7sHTzrt03TvOhzDWDJaqT_mLa1U_IkmAaF0twEqyZEgVgnMy5914iokv7vW137-x8qdgNr0Ud1N69jU7xMPGNqT5D7-aTeqWNct0jjPUYn8Hg5ZUqbhIUX7uqgEZA6-ezirTSdnEabPQaPm_5ZC6b5rejKAs36lXI5zcUYfAts-6HLf0t3ghyMF9dCV2BTiep0C\" target=\"_blank\" rel=\"ignore nofollow noopener noreferrer\" data-lynx-mode=\"async\" data-lynx-uri=\"https:\/\/l.facebook.com\/l.php?u=https%3A%2F%2Flookaside.fbsbx.com%2Ffile%2FEinladung%2520WS%252001.09.18.pdf%3Ftoken%3DAWw2KKux6gtXlw9AkvYKd7sHTzrt03TvOhzDWDJaqT_mLa1U_IkmAaF0twEqyZEgVgnMy5914iokv7vW137-x8qdgNr0Ud1N69jU7xMPGNqT5D7-aTeqWNct0jjPUYn8Hg5ZUqbhIUX7uqgEZA6-ezirTSdnEabPQaPm_5ZC6b5rejKAs36lXI5zcUYfAts-6HLf0t3ghyMF9dCV2BTiep0C&amp;h=AT2ZPcz8qiyQLaEEIzcjnv1jVgY1p_w8IuCHQhuB-Sq1cZIT_c3BI80EQMRriT1jICoOoulRaPgig14NcAtj5Hcql8Q1yP8FE6UYbDqK8czp_mlC3DCzCa02gDRuXR_IIWSme8gJPhWhOdun9mhP5hy6\">Einladung WS 01.09.18.pdf \u00b7 Version 1<\/a><\/div>\n<div class=\"fsm fcg\">PDF<\/div>\n<\/div>\n<\/div>\n<\/div>\n<\/div>\n<\/div>\n<\/div>\n<\/div>\n<\/blockquote>\n","protected":false},"excerpt":{"rendered":"<p>(Quelle: https:\/\/www.facebook.com\/groups\/441355579370337\/919762291529661\/) &nbsp; Ria Houriaj Limam hat eine Datei in der Gruppe \u201eAsyl Info f\u00fcr Fl\u00fcchtlinge Freiwillige Helfer\u201c hochgeladen. Gestern um 20:11 \u00b7 am Samstag, den 01.09. bietet der Fl\u00fcchtlingsrat Niedersachsen erneut einen aufenthaltsrechtlichen Workshop f\u00fcr junge Menschen mit Fluchterfahrung an. Wo: kargah e.V., Zur Bettfedernfabrik 1, Hannover Dieser Workshop richtet sich an junge Gefl\u00fcchtete &#8230; <a title=\"Aufenthaltsrechtlicher Workshop f\u00fcr junge Menschen mit Fluchterfahrung\" class=\"read-more\" href=\"https:\/\/rt-europaallee.de\/wordpress\/2018\/07\/aufenthaltsrechtlicher-workshop-fuer-junge-menschen-mit-fluchterfahrung\/\" aria-label=\"Mehr Informationen \u00fcber Aufenthaltsrechtlicher Workshop f\u00fcr junge Menschen mit Fluchterfahrung\">Weiterlesen<\/a><\/p>\n","protected":false},"author":3,"featured_media":0,"comment_status":"closed","ping_status":"open","sticky":false,"template":"","format":"standard","meta":{"footnotes":""},"categories":[1],"tags":[],"class_list":["post-3475","post","type-post","status-publish","format-standard","hentry","category-allgemein"],"_links":{"self":[{"href":"https:\/\/rt-europaallee.de\/wordpress\/wp-json\/wp\/v2\/posts\/3475","targetHints":{"allow":["GET"]}}],"collection":[{"href":"https:\/\/rt-europaallee.de\/wordpress\/wp-json\/wp\/v2\/posts"}],"about":[{"href":"https:\/\/rt-europaallee.de\/wordpress\/wp-json\/wp\/v2\/types\/post"}],"author":[{"embeddable":true,"href":"https:\/\/rt-europaallee.de\/wordpress\/wp-json\/wp\/v2\/users\/3"}],"replies":[{"embeddable":true,"href":"https:\/\/rt-europaallee.de\/wordpress\/wp-json\/wp\/v2\/comments?post=3475"}],"version-history":[{"count":1,"href":"https:\/\/rt-europaallee.de\/wordpress\/wp-json\/wp\/v2\/posts\/3475\/revisions"}],"predecessor-version":[{"id":3476,"href":"https:\/\/rt-europaallee.de\/wordpress\/wp-json\/wp\/v2\/posts\/3475\/revisions\/3476"}],"wp:attachment":[{"href":"https:\/\/rt-europaallee.de\/wordpress\/wp-json\/wp\/v2\/media?parent=3475"}],"wp:term":[{"taxonomy":"category","embeddable":true,"href":"https:\/\/rt-europaallee.de\/wordpress\/wp-json\/wp\/v2\/categories?post=3475"},{"taxonomy":"post_tag","embeddable":true,"href":"https:\/\/rt-europaallee.de\/wordpress\/wp-json\/wp\/v2\/tags?post=3475"}],"curies":[{"name":"wp","href":"https:\/\/api.w.org\/{rel}","templated":true}]}}