{"id":3492,"date":"2018-07-21T16:23:08","date_gmt":"2018-07-21T14:23:08","guid":{"rendered":"http:\/\/rt-europaallee.org\/wordpress\/?p=3492"},"modified":"2018-07-21T16:23:28","modified_gmt":"2018-07-21T14:23:28","slug":"e-mail-von-bonveno-18-juli-2018-good-news-are-bad-news","status":"publish","type":"post","link":"https:\/\/rt-europaallee.de\/wordpress\/2018\/07\/e-mail-von-bonveno-18-juli-2018-good-news-are-bad-news\/","title":{"rendered":"E- Mail von Bonveno, 18. Juli 2018: &#8222;good news are bad news&#8220;"},"content":{"rendered":"<p>Weitergeleitete E-Mail von <a href=\"mailto:rt-europaallee@gwhagenberg.de\">rt-europaallee@gwhagenberg.de<\/a> (18.07.2018)<\/p>\n<blockquote><p><strong>Gesendet:<\/strong>\u00a0Mittwoch, 18. Juli 2018 um 12:59 Uhr<br \/>\n<strong>Von:<\/strong>\u00a0a.konermann@bonveno-goettingen.de<br \/>\n<strong>An:<\/strong>\u00a0a.konermann@bonveno-goettingen.de<br \/>\n<strong>Betreff:<\/strong>\u00a0good news are bad news<\/p>\n<p>&nbsp;<\/p>\n<p>\u201eMenschen zusammenzubringen ist das Sch\u00f6nste!\u201c<\/p>\n<p>&nbsp;<\/p>\n<p>Liebe Freunde!<\/p>\n<p>Vielen Dank f\u00fcr Ihre Antworten auf unsere Anfragen f\u00fcr die BewohnerInnen und ehemaligen BewohnerInnen der Bonveno-Fl\u00fcchtlings-Unterk\u00fcnfte. So konnten wir in den ersten 6 Monaten dieses Jahres bereits 126 Menschen mit einer Nachhilfelehrerin, einem Paten, einer Sprachbegleiterin oder einem Freund gl\u00fccklich machen! Viele von Ihnen sind seit 2015 dabei. Und Gott sei Dank gewinnen wir immer wieder neue HelferInnen, denn es kommen auch w\u00f6chentlich neue BewohnerInnen zu uns.<\/p>\n<p>&nbsp;<\/p>\n<p>Viele von Ihnen haben schon zusammen reichlich Baklava gegessen, Deutsch-Lernb\u00fccher studiert und einander erz\u00e4hlt. Auch haben Sie Tr\u00e4nen getrocknet und Stunden miteinander in\u00a0 Beh\u00f6rdenfluren und Wartezimmern verbracht, Ablehnungen und Abschiebungen miterlebt. Allerdings kennen Sie auch die kleinen Schritte und die Freude \u00fcber bestandene B2-Pr\u00fcfungen, einen Aufenthaltsbescheid, den Familiennachzug und den Erhalt eines Arbeitsplatzes.<\/p>\n<p>Die emotionale Integration ist f\u00fcr alle \u00fcberlebenswichtig.<\/p>\n<p>&nbsp;<\/p>\n<p>Informationen f\u00fcr Gefl\u00fcchtete Alle 14 Tage bekommen die BewohnerInnen von uns aktuelle Informationen f\u00fcr die soziale Integration (Veranstaltungen, Fortbildungen, Sprachkurse, Arbeit, Ausbildung, Vereinsangebote, soziale Kontakte).\u00a0 Dabei versuchen wir immer zu vermitteln: Freunde in G\u00f6ttingen sind der Schl\u00fcssel zum Gl\u00fcck. Kontakte sind f\u00fcr die Gefl\u00fcchteten besonders wichtig bei der Arbeits- u. Wohnungssuche. Wo findet man Freunde in G\u00f6ttingen? Wie h\u00e4lt man Freundschaften mit G\u00f6ttingern? F\u00fcr letzteres ist eine gewisse interkultureller Kompetenz praktisch. Wie ticken die Deutschen? Wie ist ihr Verhalten zu verstehen?<\/p>\n<p>Das k\u00f6nnen Sie als Ehrenamtliche am besten vermitteln. Sie k\u00f6nnen z.B. ihre Bekannten mitnehmen zum ihrem Schachclub, Volleyballverein, Gartenverein. Auch k\u00f6nnen Sie vermitteln, dass neben einem Arbeitsvertrag, Zertifikaten von Deutsch-Kursen, Praktika und Qualifizierungen &#8211; auch Bescheinigungen von Mitgliedschaften in einem Verein, in einer Hilfsorganisation, in einer Theater-AG wertvolle Integrationsnachweise f\u00fcr die Ausl\u00e4nderbeh\u00f6rde (nach Ablauf der Aufenthaltserlaubnis) seien k\u00f6nnen.<\/p>\n<p>Arbeit Bitte motivieren Sie Ihre Bekannten, auch gering bezahlte Arbeit anzunehmen, bei der nach Stornierung der Sozialleistungen nicht mehr Geld in der Tasche verbleibt als vorher. Denn ein Arbeitsplatz ist ein hervorragender Integrationsnachweis. Viele suchen mit aller Kraft nach Arbeit und sto\u00dfen auf Ablehnung. Und viele wissen nicht, wie Arbeitssuche in Deutschland funktioniert. Auch dabei ist Ihr Rat sehr wertvoll!!<\/p>\n<p>&nbsp;<\/p>\n<p>Profis in Amtsdeutsch und Antragstellung sind die Bonveno-Fl\u00fcchlingsbetreuerInnen. Sollten Ihre Bekannten Sie um Hilfe bei einem Amtsbrief bitten, nehmen Sie am besten Kontakt mit dem Erst- oder Zweitbetreuer der BewohnerIn auf. Wenn die B\u00fcrokratie schon in Gang ist, kann es manchmal den BewohnerInnen schaden, wenn parallel an Abl\u00e4ufen gearbeitet wird. Nach Absprache ist es dann ideal, wenn Sie den BewohnerInnen helfen k\u00f6nnen bei Terminen und Antr\u00e4gen. Das betrifft auch die Wohnungssuche. Fragen Sie kurz bei der BetreuerIn nach, ob ein Auszug sinnvoll ist und ob die Miete vom Amt \u00fcbernommen wird. Sonst kann die BewohnerIn in gro\u00dfe Schwierigkeiten geraten.<\/p>\n<p>&nbsp;<\/p>\n<p>Anhang:<\/p>\n<p>R\u00fcckblicke zu unseren Treffen am 26.6. und am 5.7. Adressen, die wir den BewohnerInnen empfehlen<\/p>\n<p>Herzliche Gr\u00fc\u00dfe<\/p>\n<p>Annabel Konermann<\/p>\n<p>&nbsp;<\/p>\n<p>Ehrenamts-Koordinatorin<\/p>\n<p>0176-620 497 35, 0551-250 305 59<\/p>\n<p><a href=\"mailto:a.konermann@bonveno-goettingen.de\">a.konermann@bonveno-goettingen.de<\/a><\/p>\n<p><a href=\"http:\/\/www.bonveno-goettingen.de\/\">www.Bonveno-Goettingen.de<\/a><\/p>\n<p>Fl\u00fcchtlingsbetreuung in G\u00f6ttingens Unterk\u00fcnften: Hannah-Vogt-Stra\u00dfe 10, Europaallee 1 a-e, Nonnenstieg 72<\/p><\/blockquote>\n<h3>Anh\u00e4nge:<\/h3>\n<p><a href=\"http:\/\/rt-europaallee.org\/wordpress\/wp-content\/uploads\/2018\/07\/Freiwillige-Feuerwehr.docx\">http:\/\/rt-europaallee.org\/wordpress\/wp-content\/uploads\/2018\/07\/Freiwillige-Feuerwehr.docx<\/a><a href=\"http:\/\/rt-europaallee.org\/wordpress\/wp-content\/uploads\/2018\/07\/Freiwillige-Feuerwehr.docx\"><br \/>\n<\/a><\/p>\n<p><a href=\"http:\/\/rt-europaallee.org\/wordpress\/wp-content\/uploads\/2018\/07\/Internet-Links-Tipps-Bonveno.docx\">http:\/\/rt-europaallee.org\/wordpress\/wp-content\/uploads\/2018\/07\/Internet-Links-Tipps-Bonveno.docx<\/a><\/p>\n<p><a href=\"http:\/\/rt-europaallee.org\/wordpress\/wp-content\/uploads\/2018\/07\/Judo.docx\">http:\/\/rt-europaallee.org\/wordpress\/wp-content\/uploads\/2018\/07\/Judo.docx<\/a><\/p>\n<p><a href=\"http:\/\/rt-europaallee.org\/wordpress\/wp-content\/uploads\/2018\/07\/R\u00fcckblick-Kontrolle-durch-Communities.pdf\">http:\/\/rt-europaallee.org\/wordpress\/wp-content\/uploads\/2018\/07\/R\u00fcckblick-Kontrolle-durch-Communities.pdf<\/a><\/p>\n<p><a href=\"http:\/\/rt-europaallee.org\/wordpress\/wp-content\/uploads\/2018\/07\/R\u00fcckblick-Weltreligionen-in-10-Min.-5.7.18.pdf\">http:\/\/rt-europaallee.org\/wordpress\/wp-content\/uploads\/2018\/07\/R\u00fcckblick-Weltreligionen-in-10-Min.-5.7.18.pdf<\/a><\/p>\n<p><a href=\"http:\/\/rt-europaallee.org\/wordpress\/wp-content\/uploads\/2018\/07\/Wichtige-Adressen-f\u00fcr-Kontakte.docx\">http:\/\/rt-europaallee.org\/wordpress\/wp-content\/uploads\/2018\/07\/Wichtige-Adressen-f\u00fcr-Kontakte.docx<\/a><\/p>\n<p><a href=\"http:\/\/rt-europaallee.org\/wordpress\/wp-content\/uploads\/2018\/07\/Branchenverzeichnis-07-18-Bonveno.pdf\">http:\/\/rt-europaallee.org\/wordpress\/wp-content\/uploads\/2018\/07\/Branchenverzeichnis-07-18-Bonveno.pdf<\/a><\/p>\n<p><a href=\"http:\/\/rt-europaallee.org\/wordpress\/wp-content\/uploads\/2018\/07\/Freiwillige-Feuerwehr-Stadtmitte.docx\">http:\/\/rt-europaallee.org\/wordpress\/wp-content\/uploads\/2018\/07\/Freiwillige-Feuerwehr-Stadtmitte.docx<\/a><\/p>\n","protected":false},"excerpt":{"rendered":"<p>Weitergeleitete E-Mail von rt-europaallee@gwhagenberg.de (18.07.2018) Gesendet:\u00a0Mittwoch, 18. Juli 2018 um 12:59 Uhr Von:\u00a0a.konermann@bonveno-goettingen.de An:\u00a0a.konermann@bonveno-goettingen.de Betreff:\u00a0good news are bad news &nbsp; \u201eMenschen zusammenzubringen ist das Sch\u00f6nste!\u201c &nbsp; Liebe Freunde! Vielen Dank f\u00fcr Ihre Antworten auf unsere Anfragen f\u00fcr die BewohnerInnen und ehemaligen BewohnerInnen der Bonveno-Fl\u00fcchtlings-Unterk\u00fcnfte. So konnten wir in den ersten 6 Monaten dieses Jahres bereits &#8230; <a title=\"E- Mail von Bonveno, 18. Juli 2018: &#8222;good news are bad news&#8220;\" class=\"read-more\" href=\"https:\/\/rt-europaallee.de\/wordpress\/2018\/07\/e-mail-von-bonveno-18-juli-2018-good-news-are-bad-news\/\" aria-label=\"Mehr Informationen \u00fcber E- Mail von Bonveno, 18. Juli 2018: &#8222;good news are bad news&#8220;\">Weiterlesen<\/a><\/p>\n","protected":false},"author":3,"featured_media":0,"comment_status":"closed","ping_status":"open","sticky":false,"template":"","format":"standard","meta":{"footnotes":""},"categories":[1],"tags":[],"class_list":["post-3492","post","type-post","status-publish","format-standard","hentry","category-allgemein"],"_links":{"self":[{"href":"https:\/\/rt-europaallee.de\/wordpress\/wp-json\/wp\/v2\/posts\/3492","targetHints":{"allow":["GET"]}}],"collection":[{"href":"https:\/\/rt-europaallee.de\/wordpress\/wp-json\/wp\/v2\/posts"}],"about":[{"href":"https:\/\/rt-europaallee.de\/wordpress\/wp-json\/wp\/v2\/types\/post"}],"author":[{"embeddable":true,"href":"https:\/\/rt-europaallee.de\/wordpress\/wp-json\/wp\/v2\/users\/3"}],"replies":[{"embeddable":true,"href":"https:\/\/rt-europaallee.de\/wordpress\/wp-json\/wp\/v2\/comments?post=3492"}],"version-history":[{"count":2,"href":"https:\/\/rt-europaallee.de\/wordpress\/wp-json\/wp\/v2\/posts\/3492\/revisions"}],"predecessor-version":[{"id":3494,"href":"https:\/\/rt-europaallee.de\/wordpress\/wp-json\/wp\/v2\/posts\/3492\/revisions\/3494"}],"wp:attachment":[{"href":"https:\/\/rt-europaallee.de\/wordpress\/wp-json\/wp\/v2\/media?parent=3492"}],"wp:term":[{"taxonomy":"category","embeddable":true,"href":"https:\/\/rt-europaallee.de\/wordpress\/wp-json\/wp\/v2\/categories?post=3492"},{"taxonomy":"post_tag","embeddable":true,"href":"https:\/\/rt-europaallee.de\/wordpress\/wp-json\/wp\/v2\/tags?post=3492"}],"curies":[{"name":"wp","href":"https:\/\/api.w.org\/{rel}","templated":true}]}}