{"id":3495,"date":"2018-07-21T17:07:43","date_gmt":"2018-07-21T15:07:43","guid":{"rendered":"http:\/\/rt-europaallee.org\/wordpress\/?p=3495"},"modified":"2018-07-21T17:07:43","modified_gmt":"2018-07-21T15:07:43","slug":"warnung-des-bamf","status":"publish","type":"post","link":"https:\/\/rt-europaallee.de\/wordpress\/2018\/07\/warnung-des-bamf\/","title":{"rendered":"Warnung des BAMF"},"content":{"rendered":"<p>(Quelle:\u00a0<a href=\"https:\/\/www.facebook.com\/bamf.socialmedia\/posts\/1665803230199231\">https:\/\/www.facebook.com\/bamf.socialmedia\/posts\/1665803230199231<\/a><\/p>\n<p>und deutsch: https:\/\/www.facebook.com\/bamf.socialmedia\/photos\/a.359656124147288.1073741828.318902741555960\/1655218351257719\/?type=3&amp;theater&amp;hc_location=ufi)<\/p>\n<p>&nbsp;<\/p>\n<blockquote>\n<div class=\"k_14zndmo95b n_14zndms7pi clearfix\">\n<div class=\"clearfix j_14zndmo7cw\">\n<div class=\"clearfix _42ef\">\n<div class=\"h_14zndmo7cv\">\n<div>\n<div class=\"_6a _5u5j\">\n<div class=\"_6a _5u5j _6b\">\n<h5 class=\"_14f3 _14f5 _5pbw _5vra\" data-ft=\"{&quot;tn&quot;:&quot;C&quot;}\"><img decoding=\"async\" class=\"spotlight alignleft\" style=\"background-color: transparent; color: #333333; float: left; font-family: Georgia,&amp;quot; times new roman&amp;quot;,&amp;quot;bitstream charter&amp;quot;,times,serif; font-size: 19.2px; font-style: italic; font-variant: normal; font-weight: 400; height: 244px; letter-spacing: normal; max-width: 852.05px; orphans: 2; outline-color: #72777c; outline-style: solid; outline-width: 1px; text-align: left; text-decoration: none; text-indent: 0px; text-transform: none; -webkit-text-stroke-width: 0px; white-space: normal; word-spacing: 0px; margin: 9.6px 19.2px 9.6px 0px;\" src=\"https:\/\/scontent.fmuc3-1.fna.fbcdn.net\/v\/t1.0-9\/37024705_1655218354591052_391045837314064384_n.png?_nc_cat=0&amp;oh=692ddeea5cf54e08800cfbbb849bf26a&amp;oe=5BC92ABE\" alt=\"Bild k\u00f6nnte enthalten: Text\" \/><u><\/u><\/h5>\n<div class=\"k_14zndmo95b n_14zndms7pi clearfix\">\n<div class=\"clearfix j_14zndmo7cw\">\n<div class=\"clearfix _42ef\">\n<div class=\"h_14zndmo7cv\">\n<div>\n<div class=\"_6a _5u5j\">\n<div class=\"_6a _5u5j _6b\">\n<h5 id=\"js_5v\" class=\"_14f3 _14f5 _5pbw _5vra\" data-ft=\"{&quot;tn&quot;:&quot;C&quot;}\"><span class=\"fwn fcg\"><span class=\"fwb fcg\" data-ft=\"{&quot;tn&quot;:&quot;k&quot;}\"><a id=\"js_36v\" href=\"https:\/\/www.facebook.com\/bamf.socialmedia\/?hc_ref=ARS1qDmiWOXyiJE2zPJ4e5Etd8KxYzLiPed15KBFniGtNvmtWTFwNEJmJOK9KOayrFk&amp;fref=nf\" data-hovercard-referer=\"ARS1qDmiWOXyiJE2zPJ4e5Etd8KxYzLiPed15KBFniGtNvmtWTFwNEJmJOK9KOayrFk\" data-hovercard-prefer-more-content-show=\"1\" data-hovercard=\"\/ajax\/hovercard\/page.php?id=318902741555960&amp;extragetparams=%7B%22hc_ref%22%3A%22ARS1qDmiWOXyiJE2zPJ4e5Etd8KxYzLiPed15KBFniGtNvmtWTFwNEJmJOK9KOayrFk%22%2C%22fref%22%3A%22nf%22%7D\">Bundesamt f\u00fcr Migration und Fl\u00fcchtlinge &#8211; BAMF<\/a><\/span><\/span><\/h5>\n<div id=\"feed_subtitle_318902741555960;1665803230199231;;9\" class=\"_5pcp _5lel _2jyu _232_\"><span class=\"fsm fwn fcg\"><a class=\"_5pcq\" href=\"https:\/\/www.facebook.com\/bamf.socialmedia\/posts\/1665803230199231\" target=\"\"><abbr class=\"_5ptz\" title=\"19.07.2018 16:13\" data-shorten=\"1\" data-utime=\"1532009609\"><span id=\"js_5w\" class=\"timestampContent\">19. Juli um 16:13<\/span><\/abbr><\/a><\/span> \u00b7 <i class=\"lock img sp_jjEBhY0wjee sx_c6df0f\"><\/i><\/div>\n<\/div>\n<\/div>\n<\/div>\n<\/div>\n<\/div>\n<\/div>\n<\/div>\n<div id=\"js_5x\" class=\"_5pbx userContent _3576\" data-ft=\"{&quot;tn&quot;:&quot;K&quot;}\">\n<div>\n<p>Warning! \u062a\u062d\u0630\u064a\u0631 Avertissement \u062e\u0628\u0631\u062f\u0627\u0631\u06cc Haydar\u00ee\u1218\u1320\u1295\u1240\u1255\u1273 <span class=\"_5mfr _47e3\"><img loading=\"lazy\" decoding=\"async\" class=\"img\" src=\"https:\/\/static.xx.fbcdn.net\/images\/emoji.php\/v9\/f77\/1\/16\/203c.png\" alt=\"\" width=\"16\" height=\"16\" \/><span class=\"_7oe\">\u203c\ufe0f<\/span><\/span><\/p>\n<p>There have been several occasions very recently in which people have pretended to be employees of the Federal Office and asked for an interview at which they questioned asylum applicants intensively. This took place in some cases on the pretext that a second hearing was allegedly needed. Important: The Federal Office does not conduct home visits! These individuals do not work for the Federal Office. The Federal Office has therefore filed criminal charges. If something similar happens to you, or if you observe anything of this nature as a carer, please report this to your local police station.<\/p>\n<p>Warnung! In der j\u00fcngsten Vergangenheit haben sich mehrfach Personen als Mitarbeitende des Bundesamtes ausgegeben und zu einem Gespr\u00e4ch gebeten, in dem sie Asylantragstellende intensiv befragt haben. Teilweise geschah dies unter dem Vorwand, es gehe um eine zweite Anh\u00f6rung. Wichtig: Das Bundesamt f\u00fchrt keine Hausbesuche durch! Es handelt sich nicht um Mitarbeitende des Bundesamtes. Das Bundesamt hat deshalb Strafanzeige gestellt. Sollte Ihnen \u00e4hnliches passieren oder sollten Sie als Betreuerin oder Betreuer \u00e4hnliches beobachten, melden Sie dies Ihrer \u00f6rtlichen Polizeistelle.<\/p>\n<p>Please feel free to share the warning provided here in different languages <span class=\"_5mfr _47e3\"><img loading=\"lazy\" decoding=\"async\" class=\"img\" src=\"https:\/\/static.xx.fbcdn.net\/images\/emoji.php\/v9\/f9e\/1\/16\/1f53d.png\" alt=\"\" width=\"16\" height=\"16\" \/><span class=\"_7oe\">?<\/span><\/span><span class=\"_5mfr _47e3\"><img loading=\"lazy\" decoding=\"async\" class=\"img\" src=\"https:\/\/static.xx.fbcdn.net\/images\/emoji.php\/v9\/f9e\/1\/16\/1f53d.png\" alt=\"\" width=\"16\" height=\"16\" \/><span class=\"_7oe\">?<\/span><\/span><span class=\"_5mfr _47e3\"><img loading=\"lazy\" decoding=\"async\" class=\"img\" src=\"https:\/\/static.xx.fbcdn.net\/images\/emoji.php\/v9\/f9e\/1\/16\/1f53d.png\" alt=\"\" width=\"16\" height=\"16\" \/><\/span><\/p>\n<\/div>\n<\/div>\n<\/div>\n<\/div>\n<\/div>\n<\/div>\n<\/div>\n<\/div>\n<\/div>\n<div id=\"js_23\" class=\"_5pbx userContent _3576\" data-ft=\"{&quot;tn&quot;:&quot;K&quot;}\">\n<p>&nbsp;<\/p>\n<\/div>\n<\/blockquote>\n<p><i><\/i><\/p>\n","protected":false},"excerpt":{"rendered":"<p>(Quelle:\u00a0https:\/\/www.facebook.com\/bamf.socialmedia\/posts\/1665803230199231 und deutsch: https:\/\/www.facebook.com\/bamf.socialmedia\/photos\/a.359656124147288.1073741828.318902741555960\/1655218351257719\/?type=3&amp;theater&amp;hc_location=ufi) &nbsp; Bundesamt f\u00fcr Migration und Fl\u00fcchtlinge &#8211; BAMF 19. Juli um 16:13 \u00b7 Warning! \u062a\u062d\u0630\u064a\u0631 Avertissement \u062e\u0628\u0631\u062f\u0627\u0631\u06cc Haydar\u00ee\u1218\u1320\u1295\u1240\u1255\u1273 \u203c\ufe0f There have been several occasions very recently in which people have pretended to be employees of the Federal Office and asked for an interview at which they questioned asylum applicants intensively. This &#8230; <a title=\"Warnung des BAMF\" class=\"read-more\" href=\"https:\/\/rt-europaallee.de\/wordpress\/2018\/07\/warnung-des-bamf\/\" aria-label=\"Mehr Informationen \u00fcber Warnung des BAMF\">Weiterlesen<\/a><\/p>\n","protected":false},"author":3,"featured_media":0,"comment_status":"closed","ping_status":"open","sticky":false,"template":"","format":"standard","meta":{"footnotes":""},"categories":[1],"tags":[],"class_list":["post-3495","post","type-post","status-publish","format-standard","hentry","category-allgemein"],"_links":{"self":[{"href":"https:\/\/rt-europaallee.de\/wordpress\/wp-json\/wp\/v2\/posts\/3495","targetHints":{"allow":["GET"]}}],"collection":[{"href":"https:\/\/rt-europaallee.de\/wordpress\/wp-json\/wp\/v2\/posts"}],"about":[{"href":"https:\/\/rt-europaallee.de\/wordpress\/wp-json\/wp\/v2\/types\/post"}],"author":[{"embeddable":true,"href":"https:\/\/rt-europaallee.de\/wordpress\/wp-json\/wp\/v2\/users\/3"}],"replies":[{"embeddable":true,"href":"https:\/\/rt-europaallee.de\/wordpress\/wp-json\/wp\/v2\/comments?post=3495"}],"version-history":[{"count":1,"href":"https:\/\/rt-europaallee.de\/wordpress\/wp-json\/wp\/v2\/posts\/3495\/revisions"}],"predecessor-version":[{"id":3496,"href":"https:\/\/rt-europaallee.de\/wordpress\/wp-json\/wp\/v2\/posts\/3495\/revisions\/3496"}],"wp:attachment":[{"href":"https:\/\/rt-europaallee.de\/wordpress\/wp-json\/wp\/v2\/media?parent=3495"}],"wp:term":[{"taxonomy":"category","embeddable":true,"href":"https:\/\/rt-europaallee.de\/wordpress\/wp-json\/wp\/v2\/categories?post=3495"},{"taxonomy":"post_tag","embeddable":true,"href":"https:\/\/rt-europaallee.de\/wordpress\/wp-json\/wp\/v2\/tags?post=3495"}],"curies":[{"name":"wp","href":"https:\/\/api.w.org\/{rel}","templated":true}]}}