{"id":3507,"date":"2018-07-24T21:27:01","date_gmt":"2018-07-24T19:27:01","guid":{"rendered":"http:\/\/rt-europaallee.org\/wordpress\/?p=3507"},"modified":"2018-07-24T21:27:01","modified_gmt":"2018-07-24T19:27:01","slug":"noergelbuff-2nd-international-open-art-stage-es-werden-noch-internationale-kuenstler-gesucht","status":"publish","type":"post","link":"https:\/\/rt-europaallee.de\/wordpress\/2018\/07\/noergelbuff-2nd-international-open-art-stage-es-werden-noch-internationale-kuenstler-gesucht\/","title":{"rendered":"N\u00f6rgelbuff: 2nd International Open Art Stage (es werden noch internationale K\u00fcnstler gesucht)"},"content":{"rendered":"<blockquote><p>(Quelle: <a href=\"https:\/\/www.facebook.com\/events\/2040676962821389\/\">https:\/\/www.facebook.com\/events\/2040676962821389\/<\/a>)<\/p>\n<h4>N\u00f6rgelbuff<br \/>\nGroner Stra\u00dfe 23, 37073 G\u00f6ttingen<\/h4>\n<blockquote><p>\n<img decoding=\"async\" class=\"spotlight alignleft\" src=\"https:\/\/scontent.fham1-1.fna.fbcdn.net\/v\/t1.0-9\/37591154_1982575138443651_8994131846807683072_n.jpg?_nc_cat=0&amp;oh=5ab8c3854ff48cd54a3f049d38cf6d8a&amp;oe=5C0BF509\" alt=\"Bild k\u00f6nnte enthalten: Text\" \/><\/p>\n<p>G\u00f6ttingens first International Open Art Stage goes into its second round. Join us for a dreamcatcher-like evening before we go into the summer break. This time we\u00b4ll start one hour earlier to have more time to share art.<\/p>\n<p>For this stage we especially want to encourage international artists to come and share their talent in either English or their native language. You have a passion for music, comedy, magic, poems or you wanna do a little dance on our stage? Well search no longer, we welcome every kind of performance art. Every artist will get 5-7 minutes to share what they are passionate about.<br \/>\nAlso, there will be some spots for you to put up paintings and photographs.<\/p>\n<p>This is an open stage, people can assign throughout the evening. However, to ensure your spot please sent an email to:<\/p>\n<p>dreamcatchers@riseup.net<\/p>\n<p>We are looking forward to a dream(catcher)like evening with you,<br \/>\nNina and Aspasia<\/p>\n<p>Details:<br \/>\nWhen? 14th of August 2018; 8pm \u2013 open end (doors open 7 pm)<br \/>\nWhere? N\u00f6rgelbuff, Groner Stra\u00dfe 23, 37073 G\u00f6ttingen<br \/>\nWhat? Any kind of performance art<br \/>\nWhy? Because we want to feature freaking great artists<br \/>\nHow much? 3,- \u20ac; free with Kulturticket<\/p><\/blockquote>\n<h3>Google- \u00dcbersetzung (<a href=\"https:\/\/translate.google.de\/\">https:\/\/translate.google.de\/<\/a>):<\/h3>\n<blockquote><p><span lang=\"de\">G\u00f6ttingens erste International Open Art Stage geht in die zweite Runde. Begleiten Sie uns zu einem Traumf\u00e4nger-\u00e4hnlichen Abend bevor wir in die Sommerpause gehen. Dieses Mal werden wir eine Stunde fr\u00fcher anfangen, um mehr Zeit zu haben, Kunst zu teilen.<\/span><\/p>\n<p>F\u00fcr diese Phase m\u00f6chten wir insbesondere internationale K\u00fcnstler ermutigen, ihr Talent entweder auf Englisch oder in ihrer Muttersprache zu teilen. Du hast eine Leidenschaft f\u00fcr Musik, Kom\u00f6die, Magie, Gedichte oder willst du einen kleinen Tanz auf unserer B\u00fchne machen? Nun suchen wir nicht mehr, wir begr\u00fc\u00dfen jede Art von Performance-Kunst. Jeder K\u00fcnstler wird 5-7 Minuten Zeit haben, um zu teilen, worum es ihm geht.<br \/>\nAu\u00dferdem wird es einige Stellen geben, an denen Sie Bilder und Fotos aufstellen k\u00f6nnen.<\/p>\n<p>Dies ist eine offene B\u00fchne, die man den ganzen Abend lang zuordnen kann. Um Ihren Platz zu sichern, senden Sie bitte eine E-Mail an:<\/p>\n<p>dreamcatchers@riseup.net<\/p>\n<p>Wir freuen uns auf einen Traum (F\u00e4nger) wie Abend mit dir,<br \/>\nNina und Aspasia<\/p>\n<p>Einzelheiten:<br \/>\nWann? 14. August 2018; 20 Uhr &#8211; offenes Ende (die T\u00fcren \u00f6ffnen 19 Uhr)<br \/>\nWoher? N\u00f6rgelbuff, Groner Stra\u00dfe 23, 37073 G\u00f6ttingen<br \/>\nWas? Jede Art von Performance-Kunst<br \/>\nWarum? Weil wir freakige gro\u00dfartige K\u00fcnstler pr\u00e4sentieren wollen<br \/>\nWie viel? 3, &#8211; \u20ac; kostenlos mit Kulturticket<\/p><\/blockquote>\n<\/blockquote>\n<h4>siehe:\u00a0<a href=\"http:\/\/rt-europaallee.org\/wordpress\/wp-admin\/admin.php?page=my-calendar&amp;mode=edit&amp;event_id=729\">http:\/\/rt-europaallee.org\/wordpress\/wp-admin\/admin.php?page=my-calendar&amp;mode=edit&amp;event_id=729<\/a><\/h4>\n","protected":false},"excerpt":{"rendered":"<p>(Quelle: https:\/\/www.facebook.com\/events\/2040676962821389\/) N\u00f6rgelbuff Groner Stra\u00dfe 23, 37073 G\u00f6ttingen G\u00f6ttingens first International Open Art Stage goes into its second round. Join us for a dreamcatcher-like evening before we go into the summer break. This time we\u00b4ll start one hour earlier to have more time to share art. For this stage we especially want to encourage international &#8230; <a title=\"N\u00f6rgelbuff: 2nd International Open Art Stage (es werden noch internationale K\u00fcnstler gesucht)\" class=\"read-more\" href=\"https:\/\/rt-europaallee.de\/wordpress\/2018\/07\/noergelbuff-2nd-international-open-art-stage-es-werden-noch-internationale-kuenstler-gesucht\/\" aria-label=\"Mehr Informationen \u00fcber N\u00f6rgelbuff: 2nd International Open Art Stage (es werden noch internationale K\u00fcnstler gesucht)\">Weiterlesen<\/a><\/p>\n","protected":false},"author":3,"featured_media":0,"comment_status":"closed","ping_status":"open","sticky":false,"template":"","format":"standard","meta":{"footnotes":""},"categories":[1],"tags":[],"class_list":["post-3507","post","type-post","status-publish","format-standard","hentry","category-allgemein"],"_links":{"self":[{"href":"https:\/\/rt-europaallee.de\/wordpress\/wp-json\/wp\/v2\/posts\/3507","targetHints":{"allow":["GET"]}}],"collection":[{"href":"https:\/\/rt-europaallee.de\/wordpress\/wp-json\/wp\/v2\/posts"}],"about":[{"href":"https:\/\/rt-europaallee.de\/wordpress\/wp-json\/wp\/v2\/types\/post"}],"author":[{"embeddable":true,"href":"https:\/\/rt-europaallee.de\/wordpress\/wp-json\/wp\/v2\/users\/3"}],"replies":[{"embeddable":true,"href":"https:\/\/rt-europaallee.de\/wordpress\/wp-json\/wp\/v2\/comments?post=3507"}],"version-history":[{"count":1,"href":"https:\/\/rt-europaallee.de\/wordpress\/wp-json\/wp\/v2\/posts\/3507\/revisions"}],"predecessor-version":[{"id":3509,"href":"https:\/\/rt-europaallee.de\/wordpress\/wp-json\/wp\/v2\/posts\/3507\/revisions\/3509"}],"wp:attachment":[{"href":"https:\/\/rt-europaallee.de\/wordpress\/wp-json\/wp\/v2\/media?parent=3507"}],"wp:term":[{"taxonomy":"category","embeddable":true,"href":"https:\/\/rt-europaallee.de\/wordpress\/wp-json\/wp\/v2\/categories?post=3507"},{"taxonomy":"post_tag","embeddable":true,"href":"https:\/\/rt-europaallee.de\/wordpress\/wp-json\/wp\/v2\/tags?post=3507"}],"curies":[{"name":"wp","href":"https:\/\/api.w.org\/{rel}","templated":true}]}}